{"id":9955,"date":"2025-10-18T12:57:55","date_gmt":"2025-10-18T18:57:55","guid":{"rendered":"https:\/\/antiguaesportiva.com\/revista\/?p=9955"},"modified":"2025-10-18T12:57:56","modified_gmt":"2025-10-18T18:57:56","slug":"joven-promesa-ricardo-marquez-debuta-con-gran-actuacion-en-xelaju-mc","status":"publish","type":"post","link":"https:\/\/antiguaesportiva.com\/revista\/2025\/10\/18\/joven-promesa-ricardo-marquez-debuta-con-gran-actuacion-en-xelaju-mc\/","title":{"rendered":"Joven promesa: Ricardo M\u00e1rquez debuta con gran actuaci\u00f3n en Xelaj\u00fa MC"},"content":{"rendered":"\n<p>El juvenil de 17 a\u00f1os brill\u00f3 en su primer partido como titular con los chivos.<\/p>\n\n\n\n<p>Con tan solo 17 a\u00f1os, Ricardo M\u00e1rquez vivi\u00f3 una noche inolvidable al debutar como titular con Xelaj\u00fa MC en el \u00faltimo encuentro del torneo. El joven mediocampista, formado en las fuerzas b\u00e1sicas del club desde la categor\u00eda Sub-13, aprovech\u00f3 al m\u00e1ximo su oportunidad dejando una grata impresi\u00f3n en la afici\u00f3n y el cuerpo t\u00e9cnico.<\/p>\n\n\n\n<figure class=\"wp-block-image size-large\"><img loading=\"lazy\" decoding=\"async\" width=\"723\" height=\"1024\" src=\"https:\/\/antiguaesportiva.com\/revista\/wp-content\/uploads\/2025\/10\/basico26@3x-723x1024.png\" alt=\"\" class=\"wp-image-9807\" srcset=\"https:\/\/antiguaesportiva.com\/revista\/wp-content\/uploads\/2025\/10\/basico26@3x-723x1024.png 723w, https:\/\/antiguaesportiva.com\/revista\/wp-content\/uploads\/2025\/10\/basico26@3x-212x300.png 212w, https:\/\/antiguaesportiva.com\/revista\/wp-content\/uploads\/2025\/10\/basico26@3x-554x784.png 554w, https:\/\/antiguaesportiva.com\/revista\/wp-content\/uploads\/2025\/10\/basico26@3x.png 750w\" sizes=\"auto, (max-width: 723px) 100vw, 723px\" \/><\/figure>\n\n\n\n<h2 class=\"wp-block-heading\">Un debut so\u00f1ado<\/h2>\n\n\n\n<p>Durante el partido, M\u00e1rquez mostr\u00f3 personalidad y talento. Con una asistencia clave y la generaci\u00f3n de un penal a favor, el juvenil fue pieza importante en el funcionamiento ofensivo de los chivos. Su visi\u00f3n de juego y atrevimiento en el campo le valieron el reconocimiento de sus compa\u00f1eros y de la hinchada que celebr\u00f3 su debut con entusiasmo.<\/p>\n\n\n\n<h2 class=\"wp-block-heading\">Futuro brillante en el cuadro altense<\/h2>\n\n\n\n<p>El cuerpo t\u00e9cnico de Xelaj\u00fa MC destac\u00f3 el rendimiento del joven jugador, quien podr\u00eda convertirse en una de las nuevas figuras del equipo. M\u00e1rquez, agradecido por la confianza recibida, expres\u00f3 su deseo de seguir trabajando y aprendiendo de los m\u00e1s experimentados. Su actuaci\u00f3n refuerza la apuesta del club por dar oportunidades al talento formado en casa.<\/p>\n","protected":false},"excerpt":{"rendered":"<p>El juvenil de 17 a\u00f1os brill\u00f3 en su primer partido como titular con los chivos. Con tan solo 17 a\u00f1os, Ricardo M\u00e1rquez vivi\u00f3 una noche inolvidable al debutar como titular con Xelaj\u00fa MC en el \u00faltimo encuentro del torneo. El joven mediocampista, formado en las fuerzas b\u00e1sicas del club desde la categor\u00eda Sub-13, aprovech\u00f3 al [&hellip;]<\/p>\n","protected":false},"author":9,"featured_media":9956,"comment_status":"closed","ping_status":"closed","sticky":false,"template":"","format":"standard","meta":{"footnotes":""},"categories":[37,31],"tags":[47,56,1002,611,110],"class_list":["post-9955","post","type-post","status-publish","format-standard","has-post-thumbnail","hentry","category-deportes","category-liga-nacional","tag-antigua-esportiva","tag-liga-nacional","tag-ricardo-marquez","tag-torneo-apertura-2025","tag-xelaju-mc"],"_links":{"self":[{"href":"https:\/\/antiguaesportiva.com\/revista\/wp-json\/wp\/v2\/posts\/9955","targetHints":{"allow":["GET"]}}],"collection":[{"href":"https:\/\/antiguaesportiva.com\/revista\/wp-json\/wp\/v2\/posts"}],"about":[{"href":"https:\/\/antiguaesportiva.com\/revista\/wp-json\/wp\/v2\/types\/post"}],"author":[{"embeddable":true,"href":"https:\/\/antiguaesportiva.com\/revista\/wp-json\/wp\/v2\/users\/9"}],"replies":[{"embeddable":true,"href":"https:\/\/antiguaesportiva.com\/revista\/wp-json\/wp\/v2\/comments?post=9955"}],"version-history":[{"count":1,"href":"https:\/\/antiguaesportiva.com\/revista\/wp-json\/wp\/v2\/posts\/9955\/revisions"}],"predecessor-version":[{"id":9957,"href":"https:\/\/antiguaesportiva.com\/revista\/wp-json\/wp\/v2\/posts\/9955\/revisions\/9957"}],"wp:featuredmedia":[{"embeddable":true,"href":"https:\/\/antiguaesportiva.com\/revista\/wp-json\/wp\/v2\/media\/9956"}],"wp:attachment":[{"href":"https:\/\/antiguaesportiva.com\/revista\/wp-json\/wp\/v2\/media?parent=9955"}],"wp:term":[{"taxonomy":"category","embeddable":true,"href":"https:\/\/antiguaesportiva.com\/revista\/wp-json\/wp\/v2\/categories?post=9955"},{"taxonomy":"post_tag","embeddable":true,"href":"https:\/\/antiguaesportiva.com\/revista\/wp-json\/wp\/v2\/tags?post=9955"}],"curies":[{"name":"wp","href":"https:\/\/api.w.org\/{rel}","templated":true}]}}