{"id":9895,"date":"2025-10-11T17:44:06","date_gmt":"2025-10-11T23:44:06","guid":{"rendered":"https:\/\/antiguaesportiva.com\/revista\/?p=9895"},"modified":"2025-10-11T17:44:07","modified_gmt":"2025-10-11T23:44:07","slug":"antigua-gfc-enfrentara-a-achuapa-con-multiples-ausencias","status":"publish","type":"post","link":"https:\/\/antiguaesportiva.com\/revista\/2025\/10\/11\/antigua-gfc-enfrentara-a-achuapa-con-multiples-ausencias\/","title":{"rendered":"Antigua GFC enfrentar\u00e1 a Achuapa con m\u00faltiples ausencias"},"content":{"rendered":"\n<p>Antigua GFC volver\u00e1 a afrontar un compromiso con varias bajas importantes. Los coloniales recibir\u00e1n a Achuapa este s\u00e1bado a las <strong>7:00 de la noche en el estadio Pensativo<\/strong>, en un duelo donde el t\u00e9cnico <strong>Mauricio Tapia<\/strong> deber\u00e1 recurrir nuevamente a jugadores juveniles.<\/p>\n\n\n\n<figure class=\"wp-block-image size-large is-resized\"><a href=\"www.formacionsecretarial.edu.gt\" target=\"_blank\" rel=\" noreferrer noopener\"><img loading=\"lazy\" decoding=\"async\" width=\"723\" height=\"1024\" src=\"https:\/\/antiguaesportiva.com\/revista\/wp-content\/uploads\/2025\/10\/basico26@3x-723x1024.png\" alt=\"\" class=\"wp-image-9807\" style=\"width:454px;height:auto\" srcset=\"https:\/\/antiguaesportiva.com\/revista\/wp-content\/uploads\/2025\/10\/basico26@3x-723x1024.png 723w, https:\/\/antiguaesportiva.com\/revista\/wp-content\/uploads\/2025\/10\/basico26@3x-212x300.png 212w, https:\/\/antiguaesportiva.com\/revista\/wp-content\/uploads\/2025\/10\/basico26@3x-554x784.png 554w, https:\/\/antiguaesportiva.com\/revista\/wp-content\/uploads\/2025\/10\/basico26@3x.png 750w\" sizes=\"auto, (max-width: 723px) 100vw, 723px\" \/><\/a><\/figure>\n\n\n\n<p>En total, <strong>nueve futbolistas<\/strong> estar\u00e1n fuera del encuentro, entre ellos <strong>cinco convocados a la Selecci\u00f3n Nacional<\/strong>: Luis Mor\u00e1n, Jos\u00e9 Ard\u00f3n, Jos\u00e9 Rosales, \u00d3scar Castellanos y \u00d3scar Santis. A ellos se suman <strong>Brandon de Le\u00f3n (lesionado)<\/strong>, <strong>Milton Maciel (golpeado)<\/strong>, <strong>Gerson Ch\u00e1vez<\/strong> y <strong>Juan Osorio<\/strong>, ambos <strong>suspendidos<\/strong>.<\/p>\n\n\n\n<p>Pese a las constantes lesiones y sanciones que han complicado al plantel, Antigua ha logrado mantenerse competitivo y sumar puntos valiosos en las \u00faltimas jornadas.<\/p>\n\n\n\n<figure class=\"wp-block-image size-large\"><img loading=\"lazy\" decoding=\"async\" width=\"819\" height=\"1024\" src=\"https:\/\/antiguaesportiva.com\/revista\/wp-content\/uploads\/2025\/10\/convocados-j15-819x1024.jpg\" alt=\"\" class=\"wp-image-9896\" srcset=\"https:\/\/antiguaesportiva.com\/revista\/wp-content\/uploads\/2025\/10\/convocados-j15-819x1024.jpg 819w, https:\/\/antiguaesportiva.com\/revista\/wp-content\/uploads\/2025\/10\/convocados-j15-240x300.jpg 240w, https:\/\/antiguaesportiva.com\/revista\/wp-content\/uploads\/2025\/10\/convocados-j15-768x960.jpg 768w, https:\/\/antiguaesportiva.com\/revista\/wp-content\/uploads\/2025\/10\/convocados-j15-554x693.jpg 554w, https:\/\/antiguaesportiva.com\/revista\/wp-content\/uploads\/2025\/10\/convocados-j15.jpg 1080w\" sizes=\"auto, (max-width: 819px) 100vw, 819px\" \/><\/figure>\n","protected":false},"excerpt":{"rendered":"<p>Antigua GFC volver\u00e1 a afrontar un compromiso con varias bajas importantes. Los coloniales recibir\u00e1n a Achuapa este s\u00e1bado a las 7:00 de la noche en el estadio Pensativo, en un duelo donde el t\u00e9cnico Mauricio Tapia deber\u00e1 recurrir nuevamente a jugadores juveniles. En total, nueve futbolistas estar\u00e1n fuera del encuentro, entre ellos cinco convocados a [&hellip;]<\/p>\n","protected":false},"author":1,"featured_media":9641,"comment_status":"closed","ping_status":"closed","sticky":false,"template":"","format":"standard","meta":{"footnotes":""},"categories":[29],"tags":[968,47,45,970,969],"class_list":["post-9895","post","type-post","status-publish","format-standard","has-post-thumbnail","hentry","category-antigua-gfc","tag-antigua-contra-achuapa","tag-antigua-esportiva","tag-antigua-gfc","tag-ausencias-en-antigua","tag-convocados"],"_links":{"self":[{"href":"https:\/\/antiguaesportiva.com\/revista\/wp-json\/wp\/v2\/posts\/9895","targetHints":{"allow":["GET"]}}],"collection":[{"href":"https:\/\/antiguaesportiva.com\/revista\/wp-json\/wp\/v2\/posts"}],"about":[{"href":"https:\/\/antiguaesportiva.com\/revista\/wp-json\/wp\/v2\/types\/post"}],"author":[{"embeddable":true,"href":"https:\/\/antiguaesportiva.com\/revista\/wp-json\/wp\/v2\/users\/1"}],"replies":[{"embeddable":true,"href":"https:\/\/antiguaesportiva.com\/revista\/wp-json\/wp\/v2\/comments?post=9895"}],"version-history":[{"count":1,"href":"https:\/\/antiguaesportiva.com\/revista\/wp-json\/wp\/v2\/posts\/9895\/revisions"}],"predecessor-version":[{"id":9897,"href":"https:\/\/antiguaesportiva.com\/revista\/wp-json\/wp\/v2\/posts\/9895\/revisions\/9897"}],"wp:featuredmedia":[{"embeddable":true,"href":"https:\/\/antiguaesportiva.com\/revista\/wp-json\/wp\/v2\/media\/9641"}],"wp:attachment":[{"href":"https:\/\/antiguaesportiva.com\/revista\/wp-json\/wp\/v2\/media?parent=9895"}],"wp:term":[{"taxonomy":"category","embeddable":true,"href":"https:\/\/antiguaesportiva.com\/revista\/wp-json\/wp\/v2\/categories?post=9895"},{"taxonomy":"post_tag","embeddable":true,"href":"https:\/\/antiguaesportiva.com\/revista\/wp-json\/wp\/v2\/tags?post=9895"}],"curies":[{"name":"wp","href":"https:\/\/api.w.org\/{rel}","templated":true}]}}