{"id":9791,"date":"2025-10-02T12:48:04","date_gmt":"2025-10-02T18:48:04","guid":{"rendered":"https:\/\/antiguaesportiva.com\/revista\/?p=9791"},"modified":"2025-10-02T13:49:41","modified_gmt":"2025-10-02T19:49:41","slug":"soy-positivo-ivan-franco-regresa-con-mano-dura-a-comunicaciones-fc","status":"publish","type":"post","link":"https:\/\/antiguaesportiva.com\/revista\/2025\/10\/02\/soy-positivo-ivan-franco-regresa-con-mano-dura-a-comunicaciones-fc\/","title":{"rendered":"\u201cSoy positivo\u201d: Iv\u00e1n Franco regresa con mano dura a Comunicaciones FC"},"content":{"rendered":"\n<p>Iv\u00e1n Franco ha vuelto al banquillo de Comunicaciones FC, y lo ha hecho con una actitud clara: firmeza, autocr\u00edtica y una visi\u00f3n estructural para rescatar al equipo crema. En su primera entrevista tras su recontrataci\u00f3n, el t\u00e9cnico no dej\u00f3 lugar a dudas: llega con mano dura y con la determinaci\u00f3n de poner orden en un club que atraviesa una de sus etapas m\u00e1s irregulares en los \u00faltimos a\u00f1os.<\/p>\n\n\n\n<figure class=\"wp-block-image size-large is-resized\"><a href=\"https:\/\/www.formacionsecretarial.edu.gt\" target=\"_blank\" rel=\" noreferrer noopener\"><img loading=\"lazy\" decoding=\"async\" width=\"768\" height=\"1024\" src=\"https:\/\/antiguaesportiva.com\/revista\/wp-content\/uploads\/2025\/07\/becas2026a@3x-768x1024.png\" alt=\"\" class=\"wp-image-8617\" style=\"width:374px;height:auto\" srcset=\"https:\/\/antiguaesportiva.com\/revista\/wp-content\/uploads\/2025\/07\/becas2026a@3x-768x1024.png 768w, https:\/\/antiguaesportiva.com\/revista\/wp-content\/uploads\/2025\/07\/becas2026a@3x-225x300.png 225w, https:\/\/antiguaesportiva.com\/revista\/wp-content\/uploads\/2025\/07\/becas2026a@3x-1152x1536.png 1152w, https:\/\/antiguaesportiva.com\/revista\/wp-content\/uploads\/2025\/07\/becas2026a@3x-554x739.png 554w, https:\/\/antiguaesportiva.com\/revista\/wp-content\/uploads\/2025\/07\/becas2026a@3x.png 1440w\" sizes=\"auto, (max-width: 768px) 100vw, 768px\" \/><\/a><\/figure>\n\n\n\n<p>\u201c<em>Soy positivo, pero tambi\u00e9n soy claro. Si hay que separar a alguien, se har\u00e1<\/em>\u201d, declar\u00f3 con firmeza Franco, quien ha dirigido al equipo en varias ocasiones a lo largo de los \u00faltimos a\u00f1os. Su regreso, lejos de ser una decisi\u00f3n de continuidad, representa un golpe de tim\u00f3n ante la falta de resultados y la evidente crisis deportiva del club, aunque esto para muchos es m\u00e1s de los mismo.<\/p>\n\n\n\n<h3 class=\"wp-block-heading\">Cr\u00edtico con la situaci\u00f3n actual<\/h3>\n\n\n\n<p>Durante la entrevista, Franco no esquiv\u00f3 el diagn\u00f3stico: \u201c<em>Todos los problemas que tiene el equipo son los que no han permitido obtener los resultados. Eso se tiene que terminar<\/em>\u201d. Con estas palabras, el DT dej\u00f3 entrever que no solo habr\u00e1 cambios en la cancha, sino tambi\u00e9n en la gesti\u00f3n interna del club.<\/p>\n\n\n\n<p>El entrenador se refiri\u00f3 a la necesidad de transformar la mentalidad del plantel y de toda la instituci\u00f3n. \u201c<em>Esto no es solo de jugar bien o mal. Es una cuesti\u00f3n de actitud, de compromiso. No se puede construir nada si no hay disciplina<\/em>\u201d, enfatiz\u00f3. Adem\u00e1s, adelant\u00f3 que en los pr\u00f3ximos d\u00edas comenzar\u00e1 una evaluaci\u00f3n individual de cada jugador y miembro del cuerpo t\u00e9cnico.<\/p>\n\n\n\n<h3 class=\"wp-block-heading\">El caso Fredy P\u00e9rez: respaldo y expectativa<\/h3>\n\n\n\n<p>Uno de los temas inevitables en la entrevista fue la situaci\u00f3n del portero Fredy P\u00e9rez, quien ha sido se\u00f1alado en redes sociales y medios por su bajo rendimiento en las \u00faltimas jornadas. Al respecto, Franco fue categ\u00f3rico: \u201c<em>No tengo ning\u00fan problema con Fredy. Nuestra relaci\u00f3n es muy buena, y lo considero uno de los mejores porteros del pa\u00eds<\/em>\u201d.<\/p>\n\n\n\n<p>No obstante, el entrenador no ocult\u00f3 que espera m\u00e1s del guardameta crema. \u201c<em>Conf\u00edo en que puede mejorar, y mi trabajo ser\u00e1 lograr que todos vuelvan a confiar en los jugadores. A Fredy le sobra talento<\/em>\u201d.<\/p>\n\n\n\n<h3 class=\"wp-block-heading\">Una apuesta por la disciplina y el trabajo<\/h3>\n\n\n\n<p>La directiva de Comunicaciones ha apostado nuevamente por un hombre de la casa, pero esta vez bajo una consigna distinta: resultados inmediatos y cambios profundos. Iv\u00e1n Franco lo sabe, y por eso su discurso est\u00e1 cargado de determinaci\u00f3n.<\/p>\n\n\n\n<p><em>El club necesita una revoluci\u00f3n desde adentro. No todo se arregla con contrataciones, hay que cambiar la cultura de trabajo, la exigencia diaria<\/em>, es lo que da a entender. Su plan, seg\u00fan explic\u00f3, incluye nuevas rutinas de entrenamiento, revisi\u00f3n de roles en el cuerpo t\u00e9cnico y un seguimiento disciplinario riguroso.<\/p>\n\n\n\n<h3 class=\"wp-block-heading\">El reto de recuperar la confianza<\/h3>\n\n\n\n<p>M\u00e1s all\u00e1 de lo t\u00e9cnico y lo t\u00e1ctico, Iv\u00e1n Franco ha puesto sobre la mesa un desaf\u00edo mayor: recuperar la confianza de la afici\u00f3n y del vestuario. En sus palabras, <em>hay que volver a creer. Cuando el entorno est\u00e1 contaminado de dudas, todo se derrumba<\/em>.<\/p>\n\n\n\n<p>Con una plantilla golpeada an\u00edmicamente y una afici\u00f3n exigente, el margen de error es m\u00ednimo. Pero Franco, con su estilo directo y su conocimiento del club, parece dispuesto a asumir el reto sin excusas.<\/p>\n\n\n\n<p>\u201c<em>Comunicaciones tiene historia, tiene grandeza. Pero eso no sirve de nada si no se trabaja con seriedad. Venimos a ordenar, a corregir y a competir<\/em>\u201d, sentenci\u00f3.<\/p>\n\n\n\n<h2 class=\"wp-block-heading\">Esto dijo a  ISIDEPORTES<\/h2>\n\n\n\n<iframe loading=\"lazy\" width=\"560\" height=\"315\" src=\"https:\/\/www.youtube.com\/embed\/G-5RVaQ-zNQ?si=38drrZVzzz5oOl1k\" title=\"YouTube video player\" frameborder=\"0\" allow=\"accelerometer; autoplay; clipboard-write; encrypted-media; gyroscope; picture-in-picture; web-share\" referrerpolicy=\"strict-origin-when-cross-origin\" allowfullscreen><\/iframe>\n\n\n\n<p><\/p>\n","protected":false},"excerpt":{"rendered":"<p>Iv\u00e1n Franco ha vuelto al banquillo de Comunicaciones FC, y lo ha hecho con una actitud clara: firmeza, autocr\u00edtica y una visi\u00f3n estructural para rescatar al equipo crema. En su primera entrevista tras su recontrataci\u00f3n, el t\u00e9cnico no dej\u00f3 lugar a dudas: llega con mano dura y con la determinaci\u00f3n de poner orden en un [&hellip;]<\/p>\n","protected":false},"author":1,"featured_media":9792,"comment_status":"closed","ping_status":"closed","sticky":false,"template":"","format":"video","meta":{"footnotes":""},"categories":[31],"tags":[47,224,519,929,938],"class_list":["post-9791","post","type-post","status-publish","format-video","has-post-thumbnail","hentry","category-liga-nacional","tag-antigua-esportiva","tag-comunicaciones-fc","tag-fredy-perez","tag-ivan-franco-sopegno","tag-problemas-comunicaciones-fc","post_format-post-format-video"],"_links":{"self":[{"href":"https:\/\/antiguaesportiva.com\/revista\/wp-json\/wp\/v2\/posts\/9791","targetHints":{"allow":["GET"]}}],"collection":[{"href":"https:\/\/antiguaesportiva.com\/revista\/wp-json\/wp\/v2\/posts"}],"about":[{"href":"https:\/\/antiguaesportiva.com\/revista\/wp-json\/wp\/v2\/types\/post"}],"author":[{"embeddable":true,"href":"https:\/\/antiguaesportiva.com\/revista\/wp-json\/wp\/v2\/users\/1"}],"replies":[{"embeddable":true,"href":"https:\/\/antiguaesportiva.com\/revista\/wp-json\/wp\/v2\/comments?post=9791"}],"version-history":[{"count":4,"href":"https:\/\/antiguaesportiva.com\/revista\/wp-json\/wp\/v2\/posts\/9791\/revisions"}],"predecessor-version":[{"id":9799,"href":"https:\/\/antiguaesportiva.com\/revista\/wp-json\/wp\/v2\/posts\/9791\/revisions\/9799"}],"wp:featuredmedia":[{"embeddable":true,"href":"https:\/\/antiguaesportiva.com\/revista\/wp-json\/wp\/v2\/media\/9792"}],"wp:attachment":[{"href":"https:\/\/antiguaesportiva.com\/revista\/wp-json\/wp\/v2\/media?parent=9791"}],"wp:term":[{"taxonomy":"category","embeddable":true,"href":"https:\/\/antiguaesportiva.com\/revista\/wp-json\/wp\/v2\/categories?post=9791"},{"taxonomy":"post_tag","embeddable":true,"href":"https:\/\/antiguaesportiva.com\/revista\/wp-json\/wp\/v2\/tags?post=9791"}],"curies":[{"name":"wp","href":"https:\/\/api.w.org\/{rel}","templated":true}]}}