{"id":9776,"date":"2025-10-01T17:01:51","date_gmt":"2025-10-01T23:01:51","guid":{"rendered":"https:\/\/antiguaesportiva.com\/revista\/?p=9776"},"modified":"2025-10-01T17:16:46","modified_gmt":"2025-10-01T23:16:46","slug":"crisis-crema-se-va-roberto-hernandez-y-regresa-ivan-franco-sopegno","status":"publish","type":"post","link":"https:\/\/antiguaesportiva.com\/revista\/2025\/10\/01\/crisis-crema-se-va-roberto-hernandez-y-regresa-ivan-franco-sopegno\/","title":{"rendered":"Crisis crema: Se va Roberto Hern\u00e1ndez y regresa Iv\u00e1n Franco Sopegno"},"content":{"rendered":"\n<p>El club Comunicaciones confirm\u00f3 la salida del t\u00e9cnico mexicano <strong>Roberto Hern\u00e1ndez<\/strong>, tras un inicio de torneo irregular que aument\u00f3 la tensi\u00f3n en el entorno crema. En su lugar, la directiva decidi\u00f3 apostar por un viejo conocido: <strong>Iv\u00e1n Franco Sopegno<\/strong>, el entrenador m\u00e1s ganador en la historia del club.<\/p>\n\n\n\n<figure class=\"wp-block-image size-large is-resized\"><a href=\"https:\/\/www.formacionsecretarial.edu.gt\" target=\"_blank\" rel=\" noreferrer noopener\"><img loading=\"lazy\" decoding=\"async\" width=\"768\" height=\"1024\" src=\"https:\/\/antiguaesportiva.com\/revista\/wp-content\/uploads\/2025\/09\/ifs_becas-768x1024.png\" alt=\"\" class=\"wp-image-9537\" style=\"width:383px;height:auto\" srcset=\"https:\/\/antiguaesportiva.com\/revista\/wp-content\/uploads\/2025\/09\/ifs_becas-768x1024.png 768w, https:\/\/antiguaesportiva.com\/revista\/wp-content\/uploads\/2025\/09\/ifs_becas-225x300.png 225w, https:\/\/antiguaesportiva.com\/revista\/wp-content\/uploads\/2025\/09\/ifs_becas-1152x1536.png 1152w, https:\/\/antiguaesportiva.com\/revista\/wp-content\/uploads\/2025\/09\/ifs_becas-554x739.png 554w, https:\/\/antiguaesportiva.com\/revista\/wp-content\/uploads\/2025\/09\/ifs_becas.png 1440w\" sizes=\"auto, (max-width: 768px) 100vw, 768px\" \/><\/a><\/figure>\n\n\n\n<h2 class=\"wp-block-heading\">La presi\u00f3n de la afici\u00f3n<\/h2>\n\n\n\n<p>Durante semanas, la afici\u00f3n blanca exigi\u00f3 la salida de Hern\u00e1ndez, quien nunca logr\u00f3 consolidar un estilo convincente ni resultados consistentes. Sin embargo, el regreso de Sopegno tampoco despierta unanimidad: una parte importante de la hinchada considera que el ciclo del argentino ya estaba cerrado.<\/p>\n\n\n\n<p>La situaci\u00f3n se da en medio de lo que muchos califican como una <strong>crisis deportiva e institucional<\/strong>, comparable a la que vivi\u00f3 Municipal en la d\u00e9cada de los 80, cuando los rojos llegaron incluso a pelear la liguilla por el descenso.<\/p>\n\n\n\n<h2 class=\"wp-block-heading\">El reto de Sopegno<\/h2>\n\n\n\n<p>La figura de Sopegno es indiscutible: con \u00e9l en el banquillo, Comunicaciones levant\u00f3 m\u00faltiples t\u00edtulos y escribi\u00f3 p\u00e1ginas doradas en la historia del f\u00fatbol nacional. No obstante, su retorno ocurre en un contexto muy distinto, con un plantel que luce dividido, un camerino debilitado y una afici\u00f3n impaciente.<\/p>\n\n\n\n<p>El gran desaf\u00edo ser\u00e1 <strong>recuperar la confianza<\/strong>, ordenar el equipo desde lo t\u00e1ctico y devolverle la competitividad en una liga cada vez m\u00e1s pareja.<\/p>\n\n\n\n<h2 class=\"wp-block-heading\">\u00bfQu\u00e9 podr\u00eda pasar?<\/h2>\n\n\n\n<ol class=\"wp-block-list\">\n<li><strong>Un nuevo aire an\u00edmico<\/strong>: El regreso de Sopegno puede inyectar motivaci\u00f3n inmediata al grupo, que reconoce su trayectoria.<\/li>\n\n\n\n<li><strong>Resultados a corto plazo<\/strong>: La exigencia es ganar desde ya; de lo contrario, la presi\u00f3n se volver\u00e1 insostenible.<\/li>\n\n\n\n<li><strong>Un riesgo de desgaste<\/strong>: Si los resultados no acompa\u00f1an, la figura hist\u00f3rica podr\u00eda salir desgastada, afectando a\u00fan m\u00e1s el v\u00ednculo con la afici\u00f3n.<\/li>\n<\/ol>\n\n\n\n<p>En medio de la tormenta crema, el regreso de Iv\u00e1n Franco Sopegno es un <strong>salto al pasado con la esperanza de un futuro mejor<\/strong>, pero con el riesgo de profundizar la crisis si no llegan los triunfos de inmediato.<\/p>\n\n\n\n<p>El pr\u00f3ximo fin de semana Comunicaciones se enfrentar\u00e1 al deportivo Mixco siendo la primera prueba de fuego para Sopegno, que no necesitar\u00eda adaptaci\u00f3n porque ya conoce a los jugadores.<\/p>\n\n\n\n<p><\/p>\n","protected":false},"excerpt":{"rendered":"<p>El club Comunicaciones confirm\u00f3 la salida del t\u00e9cnico mexicano Roberto Hern\u00e1ndez, tras un inicio de torneo irregular que aument\u00f3 la tensi\u00f3n en el entorno crema. En su lugar, la directiva decidi\u00f3 apostar por un viejo conocido: Iv\u00e1n Franco Sopegno, el entrenador m\u00e1s ganador en la historia del club. La presi\u00f3n de la afici\u00f3n Durante semanas, [&hellip;]<\/p>\n","protected":false},"author":1,"featured_media":9777,"comment_status":"closed","ping_status":"closed","sticky":false,"template":"","format":"standard","meta":{"footnotes":""},"categories":[31],"tags":[47,224,931,929,663,930],"class_list":["post-9776","post","type-post","status-publish","format-standard","has-post-thumbnail","hentry","category-liga-nacional","tag-antigua-esportiva","tag-comunicaciones-fc","tag-crisis-crema","tag-ivan-franco-sopegno","tag-roberto-hernandez","tag-se-va-hernandez-entra-sopegno"],"_links":{"self":[{"href":"https:\/\/antiguaesportiva.com\/revista\/wp-json\/wp\/v2\/posts\/9776","targetHints":{"allow":["GET"]}}],"collection":[{"href":"https:\/\/antiguaesportiva.com\/revista\/wp-json\/wp\/v2\/posts"}],"about":[{"href":"https:\/\/antiguaesportiva.com\/revista\/wp-json\/wp\/v2\/types\/post"}],"author":[{"embeddable":true,"href":"https:\/\/antiguaesportiva.com\/revista\/wp-json\/wp\/v2\/users\/1"}],"replies":[{"embeddable":true,"href":"https:\/\/antiguaesportiva.com\/revista\/wp-json\/wp\/v2\/comments?post=9776"}],"version-history":[{"count":5,"href":"https:\/\/antiguaesportiva.com\/revista\/wp-json\/wp\/v2\/posts\/9776\/revisions"}],"predecessor-version":[{"id":9784,"href":"https:\/\/antiguaesportiva.com\/revista\/wp-json\/wp\/v2\/posts\/9776\/revisions\/9784"}],"wp:featuredmedia":[{"embeddable":true,"href":"https:\/\/antiguaesportiva.com\/revista\/wp-json\/wp\/v2\/media\/9777"}],"wp:attachment":[{"href":"https:\/\/antiguaesportiva.com\/revista\/wp-json\/wp\/v2\/media?parent=9776"}],"wp:term":[{"taxonomy":"category","embeddable":true,"href":"https:\/\/antiguaesportiva.com\/revista\/wp-json\/wp\/v2\/categories?post=9776"},{"taxonomy":"post_tag","embeddable":true,"href":"https:\/\/antiguaesportiva.com\/revista\/wp-json\/wp\/v2\/tags?post=9776"}],"curies":[{"name":"wp","href":"https:\/\/api.w.org\/{rel}","templated":true}]}}