{"id":9759,"date":"2025-09-26T18:14:15","date_gmt":"2025-09-27T00:14:15","guid":{"rendered":"https:\/\/antiguaesportiva.com\/revista\/?p=9759"},"modified":"2025-09-26T18:14:16","modified_gmt":"2025-09-27T00:14:16","slug":"analisis-de-las-etapas-de-la-vuelta-a-guatemala-2025-un-recorrido-de-1439-kilometros","status":"publish","type":"post","link":"https:\/\/antiguaesportiva.com\/revista\/2025\/09\/26\/analisis-de-las-etapas-de-la-vuelta-a-guatemala-2025-un-recorrido-de-1439-kilometros\/","title":{"rendered":"An\u00e1lisis de las etapas de la Vuelta a Guatemala 2025: un recorrido de 1,439 kil\u00f3metros"},"content":{"rendered":"\n<p class=\"wp-block-paragraph\">La cuenta regresiva ha comenzado. El 24 de octubre arrancar\u00e1 la <strong>64\u00aa edici\u00f3n de la Vuelta a Guatemala<\/strong>, la competencia ciclista m\u00e1s importante del pa\u00eds y uno de los eventos deportivos de mayor tradici\u00f3n en Centroam\u00e9rica. Durante diez intensas etapas, los mejores pedalistas nacionales e internacionales recorrer\u00e1n <strong>1,439.4 kil\u00f3metros<\/strong> en un trazado que combina carreteras, monta\u00f1as, llanuras y circuitos urbanos, con final previsto el 2 de noviembre en el cl\u00e1sico <strong>Anillo Perif\u00e9rico de la Ciudad de Guatemala<\/strong>.<\/p>\n\n\n\n<figure class=\"wp-block-image size-large is-resized\"><a href=\"https:\/\/www.formacionsecretarial.edu.gt\" target=\"_blank\" rel=\" noreferrer noopener\"><img loading=\"lazy\" decoding=\"async\" width=\"768\" height=\"1024\" src=\"https:\/\/antiguaesportiva.com\/revista\/wp-content\/uploads\/2025\/09\/ifs_becas-768x1024.png\" alt=\"\" class=\"wp-image-9537\" style=\"width:420px;height:auto\" srcset=\"https:\/\/antiguaesportiva.com\/revista\/wp-content\/uploads\/2025\/09\/ifs_becas-768x1024.png 768w, https:\/\/antiguaesportiva.com\/revista\/wp-content\/uploads\/2025\/09\/ifs_becas-225x300.png 225w, https:\/\/antiguaesportiva.com\/revista\/wp-content\/uploads\/2025\/09\/ifs_becas-1152x1536.png 1152w, https:\/\/antiguaesportiva.com\/revista\/wp-content\/uploads\/2025\/09\/ifs_becas-554x739.png 554w, https:\/\/antiguaesportiva.com\/revista\/wp-content\/uploads\/2025\/09\/ifs_becas.png 1440w\" sizes=\"auto, (max-width: 768px) 100vw, 768px\" \/><\/a><\/figure>\n\n\n\n<p class=\"wp-block-paragraph\">A menos de un mes del inicio, la expectativa crece entre los aficionados, los equipos y las comunidades que se preparan para recibir la caravana multicolor. El vigente campe\u00f3n, el colombiano <strong>Robinson L\u00f3pez<\/strong>, defender\u00e1 su t\u00edtulo tras hacer historia en 2024 como el primer extranjero en coronarse desde 2016 con el equipo GW Erco Shimano.<\/p>\n\n\n\n<h2 class=\"wp-block-heading\">Una historia que rueda desde hace m\u00e1s de seis d\u00e9cadas<\/h2>\n\n\n\n<p class=\"wp-block-paragraph\">La <strong>Vuelta a Guatemala<\/strong> naci\u00f3 en 1957 como una apuesta para consolidar al ciclismo como deporte nacional y brindar una vitrina internacional a los talentos locales. Con el paso de los a\u00f1os, se convirti\u00f3 en un referente de resistencia, estrategia y espect\u00e1culo, capaz de paralizar pueblos enteros y unir a miles de guatemaltecos alrededor de las carreteras.<\/p>\n\n\n\n<p class=\"wp-block-paragraph\">En su larga trayectoria, la competencia ha sido testigo de haza\u00f1as memorables: fugas imposibles, llegadas al sprint que desatan euforia y ascensos donde la monta\u00f1a se convierte en juez implacable. Para los ciclistas guatemaltecos, vestir el maillot amarillo no es solo un logro deportivo: es una distinci\u00f3n que los eleva al estatus de h\u00e9roes nacionales.<\/p>\n\n\n\n<h2 class=\"wp-block-heading\">Un recorrido desafiante para la edici\u00f3n 64<\/h2>\n\n\n\n<p class=\"wp-block-paragraph\">El trazado de este 2025 no ser\u00e1 la excepci\u00f3n. La organizaci\u00f3n ha dise\u00f1ado un recorrido exigente que mezcla tradici\u00f3n e innovaci\u00f3n. La gran novedad ser\u00e1 la <strong>salida in\u00e9dita desde Teculut\u00e1n, Zacapa<\/strong>, un punto de partida que abre paso a una traves\u00eda por distintas regiones del pa\u00eds.<\/p>\n\n\n\n<p class=\"wp-block-paragraph\">Las diez etapas suman <strong>1,439.4 kil\u00f3metros<\/strong> y prometen emociones en cada jornada:<\/p>\n\n\n\n<ul class=\"wp-block-list\">\n<li><strong>Etapa 1 (172 km):<\/strong> De Teculut\u00e1n a Puerto Barrios, con paso por Zacapa, Gual\u00e1n y Morales, ideal para velocistas.<\/li>\n\n\n\n<li><strong>Etapa 2 (160.6 km):<\/strong> Ruta quebrada desde Gual\u00e1n hasta El Corcovado, que pondr\u00e1 a prueba a los escaladores tempraneros.<\/li>\n\n\n\n<li><strong>Etapa 3 (126 km):<\/strong> Desde Monjas hasta Fraijanes, terreno de repechos que puede generar sorpresas.<\/li>\n\n\n\n<li><strong>Etapa 4 (191.6 km):<\/strong> Ciudad Vieja \u2013 Coatepeque, la jornada m\u00e1s larga, con m\u00e1s de 190 kil\u00f3metros.<\/li>\n\n\n\n<li><strong>Etapa 5 (109.3 km):<\/strong> Retalhuleu \u2013 San Rafael Pie de la Cuesta, considerada una de las m\u00e1s duras por la altimetr\u00eda.<\/li>\n\n\n\n<li><strong>Etapa 6 (90.5 km):<\/strong> Jornada corta pero intensa entre Catarina y San Juan Ostuncalco.<\/li>\n\n\n\n<li><strong>Etapa 7 (139 km):<\/strong> Circuito en Quetzaltenango y llegada a San Pedro, San Marcos.<\/li>\n\n\n\n<li><strong>Etapa 8 (128.6 km):<\/strong> San Juan La Laguna \u2013 Tecp\u00e1n, con terreno quebrado y t\u00e9cnico.<\/li>\n\n\n\n<li><strong>Etapa 9 (200.3 km):<\/strong> La reina de la Vuelta, con salida en Chimaltenango y llegada a Antigua Guatemala, acumulando 200 kil\u00f3metros.<\/li>\n\n\n\n<li><strong>Etapa 10 (121.3 km):<\/strong> Cierre con el tradicional circuito en el <strong>Anillo Perif\u00e9rico<\/strong> de la capital.<\/li>\n<\/ul>\n\n\n\n<p class=\"wp-block-paragraph\">Cada kil\u00f3metro ser\u00e1 un examen de resistencia f\u00edsica y mental, en el que los equipos deber\u00e1n ajustar estrategias constantemente.<\/p>\n\n\n\n<blockquote class=\"wp-block-quote is-layout-flow wp-block-quote-is-layout-flow\">\n<p class=\"wp-block-paragraph\"><strong>Robinson L\u00f3pez<\/strong>, defender\u00e1 su t\u00edtulo tras hacer historia en 2024 como el primer extranjero en coronarse desde 2016 <\/p>\n<\/blockquote>\n\n\n\n<h2 class=\"wp-block-heading\">Retos para los ciclistas y estrategias en juego<\/h2>\n\n\n\n<p class=\"wp-block-paragraph\">Guatemala ofrece un escenario \u00fanico para el ciclismo: <strong>climas cambiantes, carreteras exigentes y etapas de monta\u00f1a<\/strong> que pueden decidir la clasificaci\u00f3n general en cuesti\u00f3n de minutos. El calor h\u00famedo en la costa, el fr\u00edo en los altiplanos y los desniveles abruptos convierten la Vuelta en un reto integral.<\/p>\n\n\n\n<p class=\"wp-block-paragraph\">Los equipos internacionales que lleguen deber\u00e1n adaptarse r\u00e1pidamente a las condiciones, mientras que los ciclistas locales buscar\u00e1n aprovechar su conocimiento del terreno para marcar diferencia. En este contexto, la gesti\u00f3n del desgaste, la fuerza en los ascensos y la habilidad en los descensos t\u00e9cnicos ser\u00e1n claves.<\/p>\n\n\n\n<h2 class=\"wp-block-heading\">Expectativa: todos contra el campe\u00f3n<\/h2>\n\n\n\n<p class=\"wp-block-paragraph\">El nombre de <strong>Robinson L\u00f3pez<\/strong> volver\u00e1 a estar en la mira. El colombiano, que rompi\u00f3 una sequ\u00eda de ocho a\u00f1os sin campeones extranjeros, llegar\u00e1 con la misi\u00f3n de defender su t\u00edtulo. Su victoria en 2024 demostr\u00f3 que la Vuelta a Guatemala est\u00e1 abierta a nuevas figuras, lo que a\u00f1ade mayor competitividad para esta edici\u00f3n.<\/p>\n\n\n\n<p class=\"wp-block-paragraph\">Aunque la lista oficial de equipos a\u00fan no se ha confirmado, se espera la participaci\u00f3n de escuadras de <strong>Colombia, M\u00e9xico, Ecuador y Centroam\u00e9rica<\/strong>, adem\u00e1s de los tradicionales equipos guatemaltecos. La afici\u00f3n, como cada a\u00f1o, responder\u00e1 con entusiasmo: en pueblos y ciudades, la Vuelta es recibida como una fiesta popular que mezcla deporte, m\u00fasica y cultura.<\/p>\n\n\n\n<h2 class=\"wp-block-heading\">M\u00e1s que ciclismo: un fen\u00f3meno cultural y econ\u00f3mico<\/h2>\n\n\n\n<p class=\"wp-block-paragraph\">La Vuelta a Guatemala no es solo un evento deportivo, es tambi\u00e9n un motor social y econ\u00f3mico. Cada etapa moviliza al turismo interno, dinamiza el comercio local y proyecta im\u00e1genes del pa\u00eds hacia el mundo. Los municipios que figuran en el recorrido se preparan con actividades culturales, ferias y celebraciones que convierten la carrera en una experiencia integral.<\/p>\n\n\n\n<p class=\"wp-block-paragraph\">Para los j\u00f3venes ciclistas, ver pasar la caravana multicolor es un est\u00edmulo que siembra sue\u00f1os. Muchos de los actuales campeones alguna vez fueron ni\u00f1os que aplaudieron al borde de la carretera, so\u00f1ando con ser protagonistas de la Vuelta.<\/p>\n\n\n\n<h2 class=\"wp-block-heading\">Conclusi\u00f3n: la fiesta deportiva de Guatemala<\/h2>\n\n\n\n<p class=\"wp-block-paragraph\">La edici\u00f3n 64 de la Vuelta a Guatemala promete ser un espect\u00e1culo inolvidable, con ciclistas que pondr\u00e1n a prueba su resistencia y comunidades que mostrar\u00e1n la calidez de su gente. Del 24 de octubre al 2 de noviembre, el pa\u00eds entero ser\u00e1 testigo de una competencia que combina tradici\u00f3n, emoci\u00f3n y orgullo nacional.<\/p>\n\n\n\n<p class=\"wp-block-paragraph\">La historia contin\u00faa, y los pr\u00f3ximos cap\u00edtulos est\u00e1n por escribirse en cada kil\u00f3metro de asfalto.<\/p>\n","protected":false},"excerpt":{"rendered":"<p>La cuenta regresiva ha comenzado. El 24 de octubre arrancar\u00e1 la 64\u00aa edici\u00f3n de la Vuelta a Guatemala, la competencia ciclista m\u00e1s importante del pa\u00eds y uno de los eventos deportivos de mayor tradici\u00f3n en Centroam\u00e9rica. Durante diez intensas etapas, los mejores pedalistas nacionales e internacionales recorrer\u00e1n 1,439.4 kil\u00f3metros en un trazado que combina carreteras, [&hellip;]<\/p>\n","protected":false},"author":1,"featured_media":9760,"comment_status":"closed","ping_status":"closed","sticky":false,"template":"","format":"standard","meta":{"footnotes":""},"categories":[38],"tags":[47,920,914,919,918,916,915,917,913],"class_list":["post-9759","post","type-post","status-publish","format-standard","has-post-thumbnail","hentry","category-ciclismo","tag-antigua-esportiva","tag-calendario-ciclismo-2025","tag-ciclismo-guatemala","tag-ciclismo-latinoamericano","tag-equipos-ciclismo-guatemala","tag-etapas-vuelta-a-guatemala","tag-recorrido-vuelta-a-guatemala","tag-robinson-lopez-ciclismo","tag-vuelta-a-guatemala-2025"],"_links":{"self":[{"href":"https:\/\/antiguaesportiva.com\/revista\/wp-json\/wp\/v2\/posts\/9759","targetHints":{"allow":["GET"]}}],"collection":[{"href":"https:\/\/antiguaesportiva.com\/revista\/wp-json\/wp\/v2\/posts"}],"about":[{"href":"https:\/\/antiguaesportiva.com\/revista\/wp-json\/wp\/v2\/types\/post"}],"author":[{"embeddable":true,"href":"https:\/\/antiguaesportiva.com\/revista\/wp-json\/wp\/v2\/users\/1"}],"replies":[{"embeddable":true,"href":"https:\/\/antiguaesportiva.com\/revista\/wp-json\/wp\/v2\/comments?post=9759"}],"version-history":[{"count":1,"href":"https:\/\/antiguaesportiva.com\/revista\/wp-json\/wp\/v2\/posts\/9759\/revisions"}],"predecessor-version":[{"id":9761,"href":"https:\/\/antiguaesportiva.com\/revista\/wp-json\/wp\/v2\/posts\/9759\/revisions\/9761"}],"wp:featuredmedia":[{"embeddable":true,"href":"https:\/\/antiguaesportiva.com\/revista\/wp-json\/wp\/v2\/media\/9760"}],"wp:attachment":[{"href":"https:\/\/antiguaesportiva.com\/revista\/wp-json\/wp\/v2\/media?parent=9759"}],"wp:term":[{"taxonomy":"category","embeddable":true,"href":"https:\/\/antiguaesportiva.com\/revista\/wp-json\/wp\/v2\/categories?post=9759"},{"taxonomy":"post_tag","embeddable":true,"href":"https:\/\/antiguaesportiva.com\/revista\/wp-json\/wp\/v2\/tags?post=9759"}],"curies":[{"name":"wp","href":"https:\/\/api.w.org\/{rel}","templated":true}]}}