{"id":9654,"date":"2025-09-14T12:40:58","date_gmt":"2025-09-14T18:40:58","guid":{"rendered":"https:\/\/antiguaesportiva.com\/revista\/?p=9654"},"modified":"2025-09-14T12:40:59","modified_gmt":"2025-09-14T18:40:59","slug":"sergio-chumil-una-historia-que-emociona","status":"publish","type":"post","link":"https:\/\/antiguaesportiva.com\/revista\/2025\/09\/14\/sergio-chumil-una-historia-que-emociona\/","title":{"rendered":"\u00a1Sergio Chumil, una historia que emociona!"},"content":{"rendered":"\n<p class=\"has-black-color has-text-color has-link-color wp-elements-f8fd9fb1c93a3e018e61833f24ca9eea\">Un joven nacido en las monta\u00f1as de Tecp\u00e1n ha inscrito su nombre en la historia grande del deporte mundial.<\/p>\n\n\n\n<p class=\"has-black-color has-text-color has-link-color wp-elements-0e0a702a2c8e1bfade7ee506d0091875\">Desde la aldea Chuachal\u00ed, en Tecp\u00e1n, Chimaltenango, emergi\u00f3 un talento que hoy se reconoce como uno de los mayores orgullos de Guatemala. Sergio Chumil, quien inici\u00f3 su camino en 2013 con apenas 13 a\u00f1os en la Escuela de Iniciaci\u00f3n de la Asociaci\u00f3n Departamental de Ciclismo de Chimaltenango, ha alcanzado un recorrido extraordinario que lo consagra como pionero y referente del ciclismo nacional.<\/p>\n\n\n\n<figure class=\"wp-block-image size-large is-resized\"><a href=\"https:\/\/www.formacionsecretarial.edu.gt\/\"><img loading=\"lazy\" decoding=\"async\" width=\"768\" height=\"1024\" src=\"https:\/\/antiguaesportiva.com\/revista\/wp-content\/uploads\/2025\/09\/ifs_becas-768x1024.png\" alt=\"\" class=\"wp-image-9537\" style=\"width:264px;height:auto\" srcset=\"https:\/\/antiguaesportiva.com\/revista\/wp-content\/uploads\/2025\/09\/ifs_becas-768x1024.png 768w, https:\/\/antiguaesportiva.com\/revista\/wp-content\/uploads\/2025\/09\/ifs_becas-225x300.png 225w, https:\/\/antiguaesportiva.com\/revista\/wp-content\/uploads\/2025\/09\/ifs_becas-1152x1536.png 1152w, https:\/\/antiguaesportiva.com\/revista\/wp-content\/uploads\/2025\/09\/ifs_becas-554x739.png 554w, https:\/\/antiguaesportiva.com\/revista\/wp-content\/uploads\/2025\/09\/ifs_becas.png 1440w\" sizes=\"auto, (max-width: 768px) 100vw, 768px\" \/><\/a><\/figure>\n\n\n\n<h3 class=\"wp-block-heading\">Un talento precoz<\/h3>\n\n\n\n<p class=\"has-black-color has-text-color has-link-color wp-elements-3b4f534094456b7edd363dd718aa26a7\">Chumil destac\u00f3 desde sus primeras pedaladas, mostrando habilidad tanto en ruta como en monta\u00f1a y pista. Su ascenso competitivo se consolid\u00f3 en 2017, cuando conquist\u00f3 el Campeonato Nacional de Ruta en la categor\u00eda juvenil. Ese mismo a\u00f1o fue convocado por primera vez a la Selecci\u00f3n Nacional para disputar el Campeonato Panamericano de Mountain Bike en Guadalajara, M\u00e9xico, marcando el inicio de su proyecci\u00f3n internacional.<\/p>\n\n\n\n<h3 class=\"wp-block-heading\">Primeros podios y roce internacional<\/h3>\n\n\n\n<p class=\"has-black-color has-text-color has-link-color wp-elements-f280c76baac3c0c23284a9e978c09770\">En 2019 debut\u00f3 en la Vuelta a Guatemala con la Asociaci\u00f3n de Chimaltenango, subiendo al podio en la octava etapa. Un a\u00f1o despu\u00e9s, ya defendiendo los colores de la Selecci\u00f3n Nacional, brill\u00f3 en la Vuelta a Ecuador, donde finaliz\u00f3 como el tercer mejor corredor Sub-23. En 2021 confirm\u00f3 su evoluci\u00f3n al convertirse en Campe\u00f3n Nacional de Ruta y Contrarreloj en la categor\u00eda U-23, y en 2022 alcanz\u00f3 la medalla de plata en el Campeonato Centroamericano de ruta.<\/p>\n\n\n\n<h3 class=\"wp-block-heading\">El salto a Europa<\/h3>\n\n\n\n<p class=\"has-black-color has-text-color has-link-color wp-elements-f87eab41032aadc1a25d874673ffcebf\">Ese mismo 2022, Chumil fue fichado por el Club Ciclista Padron\u00e9s Aluminios Cortizo de Espa\u00f1a, equipo con el que obtuvo podios destacados y simult\u00e1neamente compiti\u00f3 en la Vuelta a Guatemala, aportando al bicampeonato de Mardoqueo V\u00e1squez con el Hino. Un a\u00f1o despu\u00e9s, el 22 de mayo de 2023, alcanz\u00f3 la gloria al ganar la \u00faltima prueba de la Copa de Espa\u00f1a en Vigo, confirmando que estaba listo para escenarios mayores.<\/p>\n\n\n\n<h3 class=\"wp-block-heading\">Burgos BH y el despegue definitivo<\/h3>\n\n\n\n<p class=\"has-black-color has-text-color has-link-color wp-elements-7b599a901d751c6c39d422a1150ad744\">El 4 de agosto de 2023 dio un salto decisivo al firmar con el Burgos Burpellet BH, conjunto profesional espa\u00f1ol. Con los burgaleses alcanz\u00f3 haza\u00f1as memorables: gan\u00f3 la etapa reina de O Gran Cami\u00f1o, se proclam\u00f3 Campe\u00f3n Nacional de Ruta rompiendo la hegemon\u00eda de 12 t\u00edtulos consecutivos de Manuel Rodas, y conquist\u00f3 la tercera etapa de la Vuelta a Portugal.<\/p>\n\n\n\n<h3 class=\"wp-block-heading\">Una p\u00e1gina hist\u00f3rica en la Vuelta a Espa\u00f1a<\/h3>\n\n\n\n<p class=\"has-black-color has-text-color has-link-color wp-elements-7188280e75422387b8c9395d678466c7\">El 2025 quedar\u00e1 grabado como el a\u00f1o en que Sergio Chumil se convirti\u00f3 en el segundo guatemalteco en correr la Vuelta a Espa\u00f1a, pero, sobre todo, en el primero en finalizarla, inscribiendo su nombre en las p\u00e1ginas doradas de las tres grandes del ciclismo mundial junto al Tour de France y el Giro de Italia. Un logro que ning\u00fan otro compatriota hab\u00eda conseguido.<\/p>\n\n\n\n<h3 class=\"wp-block-heading\">Orgullo nacional<\/h3>\n\n\n\n<p class=\"has-black-color has-text-color has-link-color wp-elements-5490b5ea98142d57bc749e1e5e49b032\">A sus 24 a\u00f1os, Sergio Chumil ha pasado de ser una promesa en las carreteras de Chimaltenango a transformarse en leyenda viva del deporte guatemalteco. Su historia inspira a nuevas generaciones y demuestra que, con esfuerzo y talento, los sue\u00f1os pueden cruzar oc\u00e9anos y conquistar cimas.<\/p>\n\n\n\n<p class=\"has-black-color has-text-color has-link-color wp-elements-ced3b79120bf6e259862a61ecd455b7b\">Sergio Chumil, la leyenda guatemalteca que ya es inmortal en la historia del ciclismo.<\/p>\n","protected":false},"excerpt":{"rendered":"<p>Un joven nacido en las monta\u00f1as de Tecp\u00e1n ha inscrito su nombre en la historia grande del deporte mundial. Desde la aldea Chuachal\u00ed, en Tecp\u00e1n, Chimaltenango, emergi\u00f3 un talento que hoy se reconoce como uno de los mayores orgullos de Guatemala. Sergio Chumil, quien inici\u00f3 su camino en 2013 con apenas 13 a\u00f1os en la [&hellip;]<\/p>\n","protected":false},"author":5,"featured_media":9530,"comment_status":"closed","ping_status":"closed","sticky":false,"template":"","format":"standard","meta":{"footnotes":""},"categories":[38],"tags":[47,499,48,49,180,823,567,822],"class_list":["post-9654","post","type-post","status-publish","format-standard","has-post-thumbnail","hentry","category-ciclismo","tag-antigua-esportiva","tag-burgos-burpellet-bh","tag-kenny-rodas","tag-kenny-sports","tag-sergio-chumil","tag-team-burgos-bh","tag-vuelta-a-espana","tag-vuelta-a-espana-2025"],"_links":{"self":[{"href":"https:\/\/antiguaesportiva.com\/revista\/wp-json\/wp\/v2\/posts\/9654","targetHints":{"allow":["GET"]}}],"collection":[{"href":"https:\/\/antiguaesportiva.com\/revista\/wp-json\/wp\/v2\/posts"}],"about":[{"href":"https:\/\/antiguaesportiva.com\/revista\/wp-json\/wp\/v2\/types\/post"}],"author":[{"embeddable":true,"href":"https:\/\/antiguaesportiva.com\/revista\/wp-json\/wp\/v2\/users\/5"}],"replies":[{"embeddable":true,"href":"https:\/\/antiguaesportiva.com\/revista\/wp-json\/wp\/v2\/comments?post=9654"}],"version-history":[{"count":1,"href":"https:\/\/antiguaesportiva.com\/revista\/wp-json\/wp\/v2\/posts\/9654\/revisions"}],"predecessor-version":[{"id":9655,"href":"https:\/\/antiguaesportiva.com\/revista\/wp-json\/wp\/v2\/posts\/9654\/revisions\/9655"}],"wp:featuredmedia":[{"embeddable":true,"href":"https:\/\/antiguaesportiva.com\/revista\/wp-json\/wp\/v2\/media\/9530"}],"wp:attachment":[{"href":"https:\/\/antiguaesportiva.com\/revista\/wp-json\/wp\/v2\/media?parent=9654"}],"wp:term":[{"taxonomy":"category","embeddable":true,"href":"https:\/\/antiguaesportiva.com\/revista\/wp-json\/wp\/v2\/categories?post=9654"},{"taxonomy":"post_tag","embeddable":true,"href":"https:\/\/antiguaesportiva.com\/revista\/wp-json\/wp\/v2\/tags?post=9654"}],"curies":[{"name":"wp","href":"https:\/\/api.w.org\/{rel}","templated":true}]}}