{"id":9651,"date":"2025-09-14T12:03:13","date_gmt":"2025-09-14T18:03:13","guid":{"rendered":"https:\/\/antiguaesportiva.com\/revista\/?p=9651"},"modified":"2025-09-14T12:04:17","modified_gmt":"2025-09-14T18:04:17","slug":"chumil-la-leyenda-guatemalteca","status":"publish","type":"post","link":"https:\/\/antiguaesportiva.com\/revista\/2025\/09\/14\/chumil-la-leyenda-guatemalteca\/","title":{"rendered":"\u00a1Chumil, la leyenda guatemalteca!"},"content":{"rendered":"\n<p class=\"has-black-color has-text-color has-link-color wp-elements-7af77863f3fb4895dd9706a0b51cdf75\">Sergio Chumil culmina una hist\u00f3rica Vuelta a Espa\u00f1a marcada por la cancelaci\u00f3n de la \u00faltima etapa<\/p>\n\n\n\n<p class=\"has-black-color has-text-color has-link-color wp-elements-ffcb2f89633ae2ce9632c1ec1f5da911\">La Vuelta a Espa\u00f1a 2025 concluy\u00f3 de manera inesperada y abrupta este domingo, cuando disturbios provocados por manifestaciones propalestinas obligaron a suspender la etapa final en Madrid. A pesar de este desenlace at\u00edpico, el guatemalteco Sergio Geovani Chumil logr\u00f3 completar con \u00e9xito las tres exigentes semanas de competici\u00f3n, consolidando su nombre en el ciclismo profesional internacional.<\/p>\n\n\n\n<figure class=\"wp-block-image size-large is-resized\"><a href=\"https:\/\/www.formacionsecretarial.edu.gt\/\"><img loading=\"lazy\" decoding=\"async\" width=\"768\" height=\"1024\" src=\"https:\/\/antiguaesportiva.com\/revista\/wp-content\/uploads\/2025\/09\/ifs_becas-768x1024.png\" alt=\"\" class=\"wp-image-9537\" style=\"width:239px;height:auto\" srcset=\"https:\/\/antiguaesportiva.com\/revista\/wp-content\/uploads\/2025\/09\/ifs_becas-768x1024.png 768w, https:\/\/antiguaesportiva.com\/revista\/wp-content\/uploads\/2025\/09\/ifs_becas-225x300.png 225w, https:\/\/antiguaesportiva.com\/revista\/wp-content\/uploads\/2025\/09\/ifs_becas-1152x1536.png 1152w, https:\/\/antiguaesportiva.com\/revista\/wp-content\/uploads\/2025\/09\/ifs_becas-554x739.png 554w, https:\/\/antiguaesportiva.com\/revista\/wp-content\/uploads\/2025\/09\/ifs_becas.png 1440w\" sizes=\"auto, (max-width: 768px) 100vw, 768px\" \/><\/a><\/figure>\n\n\n\n<h2 class=\"wp-block-heading\">Orgullo chap\u00edn en la gran ronda espa\u00f1ola<\/h2>\n\n\n\n<p class=\"has-black-color has-text-color has-link-color wp-elements-e1621605ca18cac2a519564953a71ee9\">Chumil, nacido en Tecp\u00e1n el 8 de octubre del a\u00f1o 2000 y actual corredor del Burgos Burpellet BH, se mostr\u00f3 emocionado al cruzar la meta simb\u00f3lica. &#8220;Estoy muy feliz de poder terminar la Vuelta&#8221;, declar\u00f3 el ciclista, destacando el apoyo incondicional que recibi\u00f3 de la afici\u00f3n guatemalteca durante todo el recorrido. Su participaci\u00f3n, m\u00e1s all\u00e1 de los resultados, representa un paso firme en la consolidaci\u00f3n de su carrera.<\/p>\n\n\n\n<blockquote class=\"wp-block-quote is-layout-flow wp-block-quote-is-layout-flow\">\n<p class=\"has-black-color has-text-color has-link-color wp-elements-0a2c0de6b9f8ee22138b3ab546c614b1\">&#8220;Estoy muy feliz de poder terminar la Vuelta\u201d, Sergio Chumil.<\/p>\n<\/blockquote>\n\n\n\n<h2 class=\"wp-block-heading\">Tres semanas de aprendizaje y resiliencia<\/h2>\n\n\n\n<p class=\"has-black-color has-text-color has-link-color wp-elements-45b83f5020a841cf4a7e30078e6eca8f\">El guatemalteco describi\u00f3 la experiencia como &#8220;un gran proceso&#8221; en el que, junto a su equipo, debi\u00f3 afrontar tanto jornadas adversas como momentos de satisfacci\u00f3n. Record\u00f3 que no todas las semanas fueron favorables, pero el grupo supo resistir y reponerse de cada obst\u00e1culo, demostrando fortaleza en una de las competencias m\u00e1s duras del calendario mundial.<\/p>\n\n\n\n<h2 class=\"wp-block-heading\">Los momentos m\u00e1s dif\u00edciles y los m\u00e1s brillantes<\/h2>\n\n\n\n<p class=\"has-black-color has-text-color has-link-color wp-elements-390dff351900e17726b630f8c20e28bb\">Chumil reconoci\u00f3 que su mayor sufrimiento lleg\u00f3 en la temida subida al Angliru, donde finaliz\u00f3 en la parte trasera del pelot\u00f3n. No obstante, celebr\u00f3 haber resistido esa prueba y resalt\u00f3 como uno de sus hitos personales el Top 20 alcanzado en la pen\u00faltima etapa con final en la Bola del Mundo, una de las cumbres ic\u00f3nicas de la ronda ib\u00e9rica.<\/p>\n\n\n\n<h2 class=\"wp-block-heading\">Futuro asegurado con Burgos Burpellet BH<\/h2>\n\n\n\n<p class=\"has-black-color has-text-color has-link-color wp-elements-69a715f9ee791f253718b49999ca8aae\">El ciclista &#8216;Chap\u00edn&#8217; renov\u00f3 recientemente su contrato con el Burgos Burpellet BH hasta 2028, una muestra clara de la confianza que el equipo espa\u00f1ol deposita en \u00e9l. Con esta continuidad, Chumil asegura un proyecto de largo plazo que le permitir\u00e1 seguir creciendo dentro del pelot\u00f3n profesional y aspirar a nuevos retos en las grandes vueltas.<\/p>\n\n\n\n<h2 class=\"wp-block-heading\">Un cierre abrupto en Madrid<\/h2>\n\n\n\n<p class=\"has-black-color has-text-color has-link-color wp-elements-683bac8991e00668346e0f5f6055f6fa\">La edici\u00f3n 80.\u00aa de la Vuelta termin\u00f3 en medio de la tensi\u00f3n, cuando, a 57 kil\u00f3metros de la meta, la etapa fue cancelada por los disturbios que estallaron en el centro de la capital espa\u00f1ola. Aun as\u00ed, la organizaci\u00f3n valid\u00f3 las posiciones alcanzadas hasta la pen\u00faltima jornada.<\/p>\n\n\n\n<h2 class=\"wp-block-heading\">Resultado final y legado deportivo<\/h2>\n\n\n\n<p class=\"has-black-color has-text-color has-link-color wp-elements-0a0c3d838e383ae1c0bbec14a6c08f83\">Sergio Chumil concluy\u00f3 la Vuelta en la posici\u00f3n 69 de la clasificaci\u00f3n general, con un tiempo acumulado de 75 horas, 43 minutos y 35 segundos, quedando a 2 horas, 49 minutos y 38 segundos del campe\u00f3n, el dan\u00e9s Jonas Vingegaard. M\u00e1s all\u00e1 de las cifras, su participaci\u00f3n dej\u00f3 una huella de perseverancia y disciplina, convirti\u00e9ndose en motivo de orgullo para el deporte guatemalteco y ejemplo de superaci\u00f3n para las nuevas generaciones.<\/p>\n","protected":false},"excerpt":{"rendered":"<p>Sergio Chumil culmina una hist\u00f3rica Vuelta a Espa\u00f1a marcada por la cancelaci\u00f3n de la \u00faltima etapa La Vuelta a Espa\u00f1a 2025 concluy\u00f3 de manera inesperada y abrupta este domingo, cuando disturbios provocados por manifestaciones propalestinas obligaron a suspender la etapa final en Madrid. A pesar de este desenlace at\u00edpico, el guatemalteco Sergio Geovani Chumil logr\u00f3 [&hellip;]<\/p>\n","protected":false},"author":5,"featured_media":9652,"comment_status":"closed","ping_status":"closed","sticky":false,"template":"","format":"standard","meta":{"footnotes":""},"categories":[38],"tags":[47,499,715,48,49,180,823,567,822],"class_list":["post-9651","post","type-post","status-publish","format-standard","has-post-thumbnail","hentry","category-ciclismo","tag-antigua-esportiva","tag-burgos-burpellet-bh","tag-ciclismo","tag-kenny-rodas","tag-kenny-sports","tag-sergio-chumil","tag-team-burgos-bh","tag-vuelta-a-espana","tag-vuelta-a-espana-2025"],"_links":{"self":[{"href":"https:\/\/antiguaesportiva.com\/revista\/wp-json\/wp\/v2\/posts\/9651","targetHints":{"allow":["GET"]}}],"collection":[{"href":"https:\/\/antiguaesportiva.com\/revista\/wp-json\/wp\/v2\/posts"}],"about":[{"href":"https:\/\/antiguaesportiva.com\/revista\/wp-json\/wp\/v2\/types\/post"}],"author":[{"embeddable":true,"href":"https:\/\/antiguaesportiva.com\/revista\/wp-json\/wp\/v2\/users\/5"}],"replies":[{"embeddable":true,"href":"https:\/\/antiguaesportiva.com\/revista\/wp-json\/wp\/v2\/comments?post=9651"}],"version-history":[{"count":1,"href":"https:\/\/antiguaesportiva.com\/revista\/wp-json\/wp\/v2\/posts\/9651\/revisions"}],"predecessor-version":[{"id":9653,"href":"https:\/\/antiguaesportiva.com\/revista\/wp-json\/wp\/v2\/posts\/9651\/revisions\/9653"}],"wp:featuredmedia":[{"embeddable":true,"href":"https:\/\/antiguaesportiva.com\/revista\/wp-json\/wp\/v2\/media\/9652"}],"wp:attachment":[{"href":"https:\/\/antiguaesportiva.com\/revista\/wp-json\/wp\/v2\/media?parent=9651"}],"wp:term":[{"taxonomy":"category","embeddable":true,"href":"https:\/\/antiguaesportiva.com\/revista\/wp-json\/wp\/v2\/categories?post=9651"},{"taxonomy":"post_tag","embeddable":true,"href":"https:\/\/antiguaesportiva.com\/revista\/wp-json\/wp\/v2\/tags?post=9651"}],"curies":[{"name":"wp","href":"https:\/\/api.w.org\/{rel}","templated":true}]}}