{"id":9604,"date":"2025-09-11T15:22:41","date_gmt":"2025-09-11T21:22:41","guid":{"rendered":"https:\/\/antiguaesportiva.com\/revista\/?p=9604"},"modified":"2025-09-11T15:23:29","modified_gmt":"2025-09-11T21:23:29","slug":"chumil-saca-la-tarea-en-la-contrarreloj-individual-de-la-vuelta-a-espana","status":"publish","type":"post","link":"https:\/\/antiguaesportiva.com\/revista\/2025\/09\/11\/chumil-saca-la-tarea-en-la-contrarreloj-individual-de-la-vuelta-a-espana\/","title":{"rendered":"Chumil saca la tarea en la Contrarreloj Individual de la Vuelta a Espa\u00f1a"},"content":{"rendered":"\n<p class=\"has-black-color has-text-color has-link-color wp-elements-1eaa61a277e7464f37a5fc2b1bd19b45\">El ciclista guatemalteco cumpli\u00f3 la contrarreloj en Valladolid, mostrando car\u00e1cter en la recta final de la competici\u00f3n ib\u00e9rica.<\/p>\n\n\n\n<p class=\"has-black-color has-text-color has-link-color wp-elements-746d82b892ad75559e4320498b4a290b\">La Vuelta a Espa\u00f1a 2025 entra en su fase decisiva y entre los 153 ciclistas que a\u00fan siguen en carrera se mantiene el guatemalteco Sergio Chumil. El pedalista del Burgos BH ha afrontado la prueba con un obst\u00e1culo adicional: una fuerte gastroenteritis que lo ha limitado en las \u00faltimas jornadas, pero que no ha conseguido apartarlo de la ruta hacia el cierre del evento este domingo 14 de septiembre.<\/p>\n\n\n\n<figure class=\"wp-block-image size-large is-resized\"><a href=\"https:\/\/www.formacionsecretarial.edu.gt\/\"><img loading=\"lazy\" decoding=\"async\" width=\"768\" height=\"1024\" src=\"https:\/\/antiguaesportiva.com\/revista\/wp-content\/uploads\/2025\/09\/ifs_becas-768x1024.png\" alt=\"\" class=\"wp-image-9537\" style=\"width:323px;height:auto\" srcset=\"https:\/\/antiguaesportiva.com\/revista\/wp-content\/uploads\/2025\/09\/ifs_becas-768x1024.png 768w, https:\/\/antiguaesportiva.com\/revista\/wp-content\/uploads\/2025\/09\/ifs_becas-225x300.png 225w, https:\/\/antiguaesportiva.com\/revista\/wp-content\/uploads\/2025\/09\/ifs_becas-1152x1536.png 1152w, https:\/\/antiguaesportiva.com\/revista\/wp-content\/uploads\/2025\/09\/ifs_becas-554x739.png 554w, https:\/\/antiguaesportiva.com\/revista\/wp-content\/uploads\/2025\/09\/ifs_becas.png 1440w\" sizes=\"auto, (max-width: 768px) 100vw, 768px\" \/><\/a><\/figure>\n\n\n\n<p class=\"has-black-color has-text-color has-link-color wp-elements-2bea571100e98034bd9205674b5d1d64\">Este jueves 11 de septiembre, fecha marcada en el mundo por el recuerdo de los atentados contra las Torres Gemelas, el pelot\u00f3n disput\u00f3 la contrarreloj individual en Valladolid. El recorrido, que inicialmente contemplaba 27.2 kil\u00f3metros, fue reducido a 12.2 debido a ajustes de seguridad tras recientes protestas pro Palestina. Para Chumil, especialista en este tipo de pruebas dentro del contexto nacional, la exigencia en suelo espa\u00f1ol representaba un reto mayor, especialmente por la \u00e9lite de competidores y su condici\u00f3n f\u00edsica mermada.<\/p>\n\n\n\n<p class=\"has-black-color has-text-color has-link-color wp-elements-e44c48b59a74f0035bd2b627508527a6\">El guatemalteco fue el ciclista n\u00famero 68 en tomar la salida. Luci\u00f3 con orgullo el su\u00e9ter de campe\u00f3n nacional de contrarreloj, t\u00edtulo que obtuvo el pasado 22 de junio en Quetzaltenango tras poner fin a la hegemon\u00eda de Manuel Rodas, quien rein\u00f3 durante 12 a\u00f1os en esta modalidad. Sin embargo, la realidad competitiva en la Vuelta fue otra: Chumil complet\u00f3 los 12.2 kil\u00f3metros en un tiempo de 15 minutos y 16 segundos, quedando a 2:16 del vencedor de la jornada, el italiano Filippo Ganna, quien vol\u00f3 con un registro de 13:00.<\/p>\n\n\n\n<p class=\"has-black-color has-text-color has-link-color wp-elements-bfae2017dd964cc96cceb51666c4e892\">La etapa dej\u00f3 al chap\u00edn en la posici\u00f3n 149 de 153 ciclistas, un resultado que refleja la dureza del evento y el golpe f\u00edsico que arrastra desde hace d\u00edas. No obstante, su perseverancia le ha permitido mantenerse en competencia y sumar experiencia en la \u00e9lite del ciclismo internacional.<\/p>\n\n\n\n<p class=\"has-black-color has-text-color has-link-color wp-elements-49af30b2edde5295feb9dc2c6faa5809\">En la clasificaci\u00f3n general, tras 18 etapas, el dan\u00e9s Jonas Vingegaard, del Team Visma \/ Lease A Bike, contin\u00faa s\u00f3lido como l\u00edder con un acumulado de 65h 07&#8242; 13&#8221;. Chumil, por su parte, ha ca\u00eddo posiciones y actualmente ocupa el puesto 86, con un tiempo total de 67h 49&#8242; 52&#8221;, a 2 horas, 42 minutos y 39 segundos del dan\u00e9s.<\/p>\n\n\n\n<p class=\"has-black-color has-text-color has-link-color wp-elements-45305005606a83ef39ca01ba18809dbf\">El desenlace de La Vuelta se acerca, y aunque lejos de los primeros planos, la presencia de Sergio Chumil ya marca un precedente hist\u00f3rico para Guatemala, confirmando que el ciclismo &#8216;Chap\u00edn&#8217; sigue abri\u00e9ndose paso en escenarios de m\u00e1xima exigencia mundial.<\/p>\n","protected":false},"excerpt":{"rendered":"<p>El ciclista guatemalteco cumpli\u00f3 la contrarreloj en Valladolid, mostrando car\u00e1cter en la recta final de la competici\u00f3n ib\u00e9rica. La Vuelta a Espa\u00f1a 2025 entra en su fase decisiva y entre los 153 ciclistas que a\u00fan siguen en carrera se mantiene el guatemalteco Sergio Chumil. El pedalista del Burgos BH ha afrontado la prueba con un [&hellip;]<\/p>\n","protected":false},"author":5,"featured_media":9605,"comment_status":"closed","ping_status":"closed","sticky":false,"template":"","format":"standard","meta":{"footnotes":""},"categories":[38],"tags":[47,499,715,48,49,180,823,567,822],"class_list":["post-9604","post","type-post","status-publish","format-standard","has-post-thumbnail","hentry","category-ciclismo","tag-antigua-esportiva","tag-burgos-burpellet-bh","tag-ciclismo","tag-kenny-rodas","tag-kenny-sports","tag-sergio-chumil","tag-team-burgos-bh","tag-vuelta-a-espana","tag-vuelta-a-espana-2025"],"_links":{"self":[{"href":"https:\/\/antiguaesportiva.com\/revista\/wp-json\/wp\/v2\/posts\/9604","targetHints":{"allow":["GET"]}}],"collection":[{"href":"https:\/\/antiguaesportiva.com\/revista\/wp-json\/wp\/v2\/posts"}],"about":[{"href":"https:\/\/antiguaesportiva.com\/revista\/wp-json\/wp\/v2\/types\/post"}],"author":[{"embeddable":true,"href":"https:\/\/antiguaesportiva.com\/revista\/wp-json\/wp\/v2\/users\/5"}],"replies":[{"embeddable":true,"href":"https:\/\/antiguaesportiva.com\/revista\/wp-json\/wp\/v2\/comments?post=9604"}],"version-history":[{"count":1,"href":"https:\/\/antiguaesportiva.com\/revista\/wp-json\/wp\/v2\/posts\/9604\/revisions"}],"predecessor-version":[{"id":9606,"href":"https:\/\/antiguaesportiva.com\/revista\/wp-json\/wp\/v2\/posts\/9604\/revisions\/9606"}],"wp:featuredmedia":[{"embeddable":true,"href":"https:\/\/antiguaesportiva.com\/revista\/wp-json\/wp\/v2\/media\/9605"}],"wp:attachment":[{"href":"https:\/\/antiguaesportiva.com\/revista\/wp-json\/wp\/v2\/media?parent=9604"}],"wp:term":[{"taxonomy":"category","embeddable":true,"href":"https:\/\/antiguaesportiva.com\/revista\/wp-json\/wp\/v2\/categories?post=9604"},{"taxonomy":"post_tag","embeddable":true,"href":"https:\/\/antiguaesportiva.com\/revista\/wp-json\/wp\/v2\/tags?post=9604"}],"curies":[{"name":"wp","href":"https:\/\/api.w.org\/{rel}","templated":true}]}}