{"id":9509,"date":"2025-09-08T10:19:06","date_gmt":"2025-09-08T16:19:06","guid":{"rendered":"https:\/\/antiguaesportiva.com\/revista\/?p=9509"},"modified":"2025-09-08T10:28:43","modified_gmt":"2025-09-08T16:28:43","slug":"el-burgos-renueva-a-chumil-tras-su-magnifico-rendimiento-en-la-vuelta-a-espana","status":"publish","type":"post","link":"https:\/\/antiguaesportiva.com\/revista\/2025\/09\/08\/el-burgos-renueva-a-chumil-tras-su-magnifico-rendimiento-en-la-vuelta-a-espana\/","title":{"rendered":"El Burgos renueva a Chumil tras su magn\u00edfico rendimiento en la Vuelta a Espa\u00f1a"},"content":{"rendered":"\n<p class=\"has-black-color has-text-color has-link-color wp-elements-b7dbd07f665844e70527b4be7de5a6f0\">Sergio Chumil renueva con el Burgos BH hasta 2028 y se proyecta como l\u00edder del futuro.<\/p>\n\n\n\n<p class=\"has-black-color has-text-color has-link-color wp-elements-65c79b48077a33995a7c05bd43f1d9c0\">El ciclismo guatemalteco vive un momento hist\u00f3rico. Sergio Chumil, joven talento de Tecp\u00e1n de apenas 24 a\u00f1os, ha confirmado la ampliaci\u00f3n de su contrato con el Team Burgos Burpellet BH hasta el final de la Temporada 2028. Su renovaci\u00f3n llega tras un desempe\u00f1o sobresaliente en la reciente Vuelta a Espa\u00f1a, donde se consolid\u00f3 como uno de los escaladores m\u00e1s prometedores del pelot\u00f3n internacional.<\/p>\n\n\n\n<figure class=\"wp-block-image size-large is-resized\"><a href=\"https:\/\/www.formacionsecretarial.edu.gt\/\"><img loading=\"lazy\" decoding=\"async\" width=\"768\" height=\"1024\" src=\"https:\/\/antiguaesportiva.com\/revista\/wp-content\/uploads\/2025\/07\/becas2026a@3x-768x1024.png\" alt=\"\" class=\"wp-image-8617\" style=\"width:305px;height:auto\" srcset=\"https:\/\/antiguaesportiva.com\/revista\/wp-content\/uploads\/2025\/07\/becas2026a@3x-768x1024.png 768w, https:\/\/antiguaesportiva.com\/revista\/wp-content\/uploads\/2025\/07\/becas2026a@3x-225x300.png 225w, https:\/\/antiguaesportiva.com\/revista\/wp-content\/uploads\/2025\/07\/becas2026a@3x-1152x1536.png 1152w, https:\/\/antiguaesportiva.com\/revista\/wp-content\/uploads\/2025\/07\/becas2026a@3x-554x739.png 554w, https:\/\/antiguaesportiva.com\/revista\/wp-content\/uploads\/2025\/07\/becas2026a@3x.png 1440w\" sizes=\"auto, (max-width: 768px) 100vw, 768px\" \/><\/a><\/figure>\n\n\n\n<h2 class=\"wp-block-heading\">Confianza plena en su talento<\/h2>\n\n\n\n<p class=\"has-black-color has-text-color has-link-color wp-elements-ac9e47f0a96f8c232da701b432c70a28\">La decisi\u00f3n del equipo espa\u00f1ol refleja la confianza depositada en el &#8216;Chap\u00edn&#8217;. Damien Garc\u00eda, director deportivo del Burgos BH, fue contundente al explicar el respaldo al guatemalteco: <\/p>\n\n\n\n<blockquote class=\"wp-block-quote is-layout-flow wp-block-quote-is-layout-flow\">\n<p class=\"has-black-color has-text-color has-link-color wp-elements-d16e9b4aa80cd0fc60d00209d4c73f15\">&#8220;En Chumil vemos un l\u00edder para el futuro. Ha demostrado cualidades muy importantes y estamos convencidos de que tiene un futuro brillante en el ciclismo&#8221;, expres\u00f3.<\/p>\n<\/blockquote>\n\n\n\n<p class=\"has-black-color has-text-color has-link-color wp-elements-205bdcadc15fc33395129de87d7953fc\">La renovaci\u00f3n no solo fortalece el presente de Chumil, sino que tambi\u00e9n abre la puerta para que en los pr\u00f3ximos a\u00f1os se convierta en uno de los hombres de referencia dentro de la estructura del conjunto morado.<\/p>\n\n\n\n<h2 class=\"wp-block-heading\">Un historial de victorias y constancia<\/h2>\n\n\n\n<p class=\"has-black-color has-text-color has-link-color wp-elements-0765af62b7ba7a6cb18024f12ddcbe43\">A pesar de su corta trayectoria, Chumil ya ha dejado huella con actuaciones memorables. Entre sus logros destacan la victoria en la etapa reina de O Gran Cami\u00f1o en O Cebreiro y la subida a Torre en la Volta a Portugal. Adem\u00e1s, suma resultados de prestigio en la Cl\u00e0ssica Camp de Morvedre, la Vuelta a Asturias, el Gran Premio Beiras e Serra da Estrela y en el Campeonato Centroamericano, donde se colg\u00f3 la medalla de plata en la ruta. En Guatemala, se proclam\u00f3 campe\u00f3n nacional de contrarreloj, confirmando su versatilidad y ambici\u00f3n.<\/p>\n\n\n\n<h2 class=\"wp-block-heading\">La Vuelta, un antes y un despu\u00e9s<\/h2>\n\n\n\n<p class=\"has-black-color has-text-color has-link-color wp-elements-a2adb8f1d8de921cff8c358a64b2aa65\">Su debut en una gran vuelta fue otro punto de inflexi\u00f3n. Durante la primera semana de La Vuelta a Espa\u00f1a, Chumil lleg\u00f3 a situarse en el puesto 20 de la general, mostrando temple y resistencia en puertos emblem\u00e1ticos como el Angliru y La Farrapona. Incluso una gastroenteritis, que merm\u00f3 a varios integrantes de su equipo, no logr\u00f3 apartarlo de la competencia. Con humildad, perseverancia y car\u00e1cter, se gan\u00f3 el respeto del pelot\u00f3n y la admiraci\u00f3n de la afici\u00f3n.<\/p>\n\n\n\n<h2 class=\"wp-block-heading\">Palabras de compromiso y proyecci\u00f3n<\/h2>\n\n\n\n<p class=\"has-black-color has-text-color has-link-color wp-elements-ef433f2f32a4e06d6a7009bed06d0b90\">Tras la confirmaci\u00f3n de su renovaci\u00f3n, Chumil se mostr\u00f3 agradecido y comprometido con este nuevo ciclo: <\/p>\n\n\n\n<blockquote class=\"wp-block-quote is-layout-flow wp-block-quote-is-layout-flow\">\n<p class=\"has-black-color has-text-color has-link-color wp-elements-07f804d41b81386d8aee375e555bfb5c\">&#8220;Estoy muy feliz con la renovaci\u00f3n. Tanto yo como el equipo nos sentimos muy bien y queremos seguir creciendo juntos&#8221;, afirm\u00f3 el ciclista guatemalteco, consciente de que esta oportunidad representa un trampol\u00edn para alcanzar nuevas metas.<\/p>\n<\/blockquote>\n\n\n\n<h2 class=\"wp-block-heading\">Orgullo nacional<\/h2>\n\n\n\n<p class=\"has-black-color has-text-color has-link-color wp-elements-dbf6ec9dcd494c675332a4da8521d5b5\">El acuerdo con el Burgos BH hasta 2028 no solo significa un logro profesional para Chumil, sino tambi\u00e9n un motivo de orgullo para Guatemala, pa\u00eds que celebra cada pedalazo de su joven referente. Con el respaldo de un equipo competitivo y un horizonte cargado de desaf\u00edos, el corredor de Tecp\u00e1n afrontar\u00e1 el reto de consolidarse como uno de los mejores escaladores del mundo y continuar abriendo camino para el ciclismo latinoamericano.<\/p>\n\n\n\n<figure class=\"wp-block-embed is-type-rich is-provider-twitter wp-block-embed-twitter\"><div class=\"wp-block-embed__wrapper\">\n<blockquote class=\"twitter-tweet\" data-width=\"550\" data-dnt=\"true\"><p lang=\"es\" dir=\"ltr\">\ud83c\uddec\ud83c\uddf9 \u00a1Guatemala, sigamos haciendo historia juntos!<br><br>\u2705 Sergio Chumil renueva con el Burgos Burpellet BH hasta 2\u20e30\u20e32\u20e38\u20e3<br><br>\ud83d\udde3\ufe0f &quot;Queremos que siga su progresi\u00f3n con nosotros y sea un l\u00edder del equipo. Seguro llegar\u00e1 lejos en el ciclismo&quot;<br><br>\ud83d\udcf2 <a href=\"https:\/\/t.co\/KTijwTF79t\">https:\/\/t.co\/KTijwTF79t<\/a><a href=\"https:\/\/twitter.com\/hashtag\/CicloturismoBurgos?src=hash&amp;ref_src=twsrc%5Etfw\">#CicloturismoBurgos<\/a> <a href=\"https:\/\/t.co\/H9EjYA6dsR\">pic.twitter.com\/H9EjYA6dsR<\/a><\/p>&mdash; Burgos Burpellet BH (@BurgosBH) <a href=\"https:\/\/twitter.com\/BurgosBH\/status\/1964978413007192431?ref_src=twsrc%5Etfw\">September 8, 2025<\/a><\/blockquote><script async src=\"https:\/\/platform.twitter.com\/widgets.js\" charset=\"utf-8\"><\/script>\n<\/div><\/figure>\n","protected":false},"excerpt":{"rendered":"<p>Sergio Chumil renueva con el Burgos BH hasta 2028 y se proyecta como l\u00edder del futuro. El ciclismo guatemalteco vive un momento hist\u00f3rico. Sergio Chumil, joven talento de Tecp\u00e1n de apenas 24 a\u00f1os, ha confirmado la ampliaci\u00f3n de su contrato con el Team Burgos Burpellet BH hasta el final de la Temporada 2028. Su renovaci\u00f3n [&hellip;]<\/p>\n","protected":false},"author":5,"featured_media":9431,"comment_status":"closed","ping_status":"closed","sticky":false,"template":"","format":"standard","meta":{"footnotes":""},"categories":[38],"tags":[47,499,715,48,49,180,823,567,822],"class_list":["post-9509","post","type-post","status-publish","format-standard","has-post-thumbnail","hentry","category-ciclismo","tag-antigua-esportiva","tag-burgos-burpellet-bh","tag-ciclismo","tag-kenny-rodas","tag-kenny-sports","tag-sergio-chumil","tag-team-burgos-bh","tag-vuelta-a-espana","tag-vuelta-a-espana-2025"],"_links":{"self":[{"href":"https:\/\/antiguaesportiva.com\/revista\/wp-json\/wp\/v2\/posts\/9509","targetHints":{"allow":["GET"]}}],"collection":[{"href":"https:\/\/antiguaesportiva.com\/revista\/wp-json\/wp\/v2\/posts"}],"about":[{"href":"https:\/\/antiguaesportiva.com\/revista\/wp-json\/wp\/v2\/types\/post"}],"author":[{"embeddable":true,"href":"https:\/\/antiguaesportiva.com\/revista\/wp-json\/wp\/v2\/users\/5"}],"replies":[{"embeddable":true,"href":"https:\/\/antiguaesportiva.com\/revista\/wp-json\/wp\/v2\/comments?post=9509"}],"version-history":[{"count":2,"href":"https:\/\/antiguaesportiva.com\/revista\/wp-json\/wp\/v2\/posts\/9509\/revisions"}],"predecessor-version":[{"id":9511,"href":"https:\/\/antiguaesportiva.com\/revista\/wp-json\/wp\/v2\/posts\/9509\/revisions\/9511"}],"wp:featuredmedia":[{"embeddable":true,"href":"https:\/\/antiguaesportiva.com\/revista\/wp-json\/wp\/v2\/media\/9431"}],"wp:attachment":[{"href":"https:\/\/antiguaesportiva.com\/revista\/wp-json\/wp\/v2\/media?parent=9509"}],"wp:term":[{"taxonomy":"category","embeddable":true,"href":"https:\/\/antiguaesportiva.com\/revista\/wp-json\/wp\/v2\/categories?post=9509"},{"taxonomy":"post_tag","embeddable":true,"href":"https:\/\/antiguaesportiva.com\/revista\/wp-json\/wp\/v2\/tags?post=9509"}],"curies":[{"name":"wp","href":"https:\/\/api.w.org\/{rel}","templated":true}]}}