{"id":9482,"date":"2025-09-05T14:33:44","date_gmt":"2025-09-05T20:33:44","guid":{"rendered":"https:\/\/antiguaesportiva.com\/revista\/?p=9482"},"modified":"2025-09-05T14:33:45","modified_gmt":"2025-09-05T20:33:45","slug":"dia-dificil-para-chumil","status":"publish","type":"post","link":"https:\/\/antiguaesportiva.com\/revista\/2025\/09\/05\/dia-dificil-para-chumil\/","title":{"rendered":"D\u00eda dif\u00edcil para Chumil"},"content":{"rendered":"\n<p class=\"has-black-color has-text-color has-link-color wp-elements-cd136a16516272f9c744a3110410e983\">El ciclista guatemalteco no tuvo su mejor jornada en la exigente cima asturiana, mientras Joao Almeida se coron\u00f3 ganador en la m\u00edtica monta\u00f1a.<\/p>\n\n\n\n<p class=\"has-black-color has-text-color has-link-color wp-elements-4746a21a51f23fa2b24b003db1669981\">Este viernes 5 de septiembre se disput\u00f3 la etapa 13 de la Vuelta a Espa\u00f1a 2025, una jornada hist\u00f3rica que parti\u00f3 desde Cabez\u00f3n de la Sal, localidad c\u00e1ntabra que por primera vez fue sede de salida en la ronda ib\u00e9rica. Desde all\u00ed, con un trazado de 202.7 kil\u00f3metros, los corredores enfrentaron uno de los finales m\u00e1s esperados: la llegada en alto a la cima de L\u2019Angliru, puerto que ha forjado leyendas del ciclismo mundial.<\/p>\n\n\n\n<figure class=\"wp-block-image size-large is-resized\"><a href=\"https:\/\/www.formacionsecretarial.edu.gt\/\"><img loading=\"lazy\" decoding=\"async\" width=\"768\" height=\"1024\" src=\"https:\/\/antiguaesportiva.com\/revista\/wp-content\/uploads\/2025\/07\/becas2026a@3x-768x1024.png\" alt=\"\" class=\"wp-image-8617\" style=\"width:283px;height:auto\" srcset=\"https:\/\/antiguaesportiva.com\/revista\/wp-content\/uploads\/2025\/07\/becas2026a@3x-768x1024.png 768w, https:\/\/antiguaesportiva.com\/revista\/wp-content\/uploads\/2025\/07\/becas2026a@3x-225x300.png 225w, https:\/\/antiguaesportiva.com\/revista\/wp-content\/uploads\/2025\/07\/becas2026a@3x-1152x1536.png 1152w, https:\/\/antiguaesportiva.com\/revista\/wp-content\/uploads\/2025\/07\/becas2026a@3x-554x739.png 554w, https:\/\/antiguaesportiva.com\/revista\/wp-content\/uploads\/2025\/07\/becas2026a@3x.png 1440w\" sizes=\"auto, (max-width: 768px) 100vw, 768px\" \/><\/a><\/figure>\n\n\n\n<p class=\"has-black-color has-text-color has-link-color wp-elements-58f6ea74cb2448ff06c802aab7fd79ec\">La salida controlada fue a las 11:50 horas locales, con un pelot\u00f3n de 161 ciclistas. Sin embargo, pronto se produjeron bajas notables, entre ellas los espa\u00f1oles Pablo Castrillo y Fernando Barcel\u00f3, adem\u00e1s del australiano Ben O\u2019Connor, lo que redujo la competencia a 158 corredores. En ese grupo figuraba el guatemalteco Sergio Chumil, del Burgos-BH, quien contin\u00faa acumulando experiencia en la m\u00e1xima vitrina internacional de su carrera.<\/p>\n\n\n\n<p class=\"has-black-color has-text-color has-link-color wp-elements-766824f9207aedb08b24196f48894c12\">La primera fuga del d\u00eda estuvo conformada por 24 pedalistas, con la presencia de nombres experimentados en esta cima como Cepeda, Jungels y Cavagna. A lo largo de la ruta, los fugados llegaron a sostener hasta tres minutos de ventaja en un vertiginoso paso de 50.6 km\/h. En los \u00faltimos 35 kil\u00f3metros, tras el descenso de La Mozqueta, la cabeza de carrera estuvo animada por Mads Pedersen, Nico Vinokourov, Bob Jungels, Gianmarco Garofoli y Jefferson Cepeda, antes de ceder ante el empuje de los favoritos.<\/p>\n\n\n\n<p class=\"has-black-color has-text-color has-link-color wp-elements-fb75b63a94761e515f1e93b2a015ec64\">Ya en las rampas finales del L\u2019Angliru, el portugu\u00e9s Joao Almeida (UAE Team Emirates-XRG) impuso su ritmo, seguido por el l\u00edder de la clasificaci\u00f3n, Jonas Vingegaard (Visma-Lease a Bike), Sepp Kuss y Jai Hindley. La batalla entre escaladores se resolvi\u00f3 con victoria para Almeida, quien firm\u00f3 un tiempo de 04:54:15 horas.<\/p>\n\n\n\n<p class=\"has-black-color has-text-color has-link-color wp-elements-674d37c038f4ccbbff2641e30a25ecb4\">Para el guatemalteco Sergio Chumil, en cambio, la historia fue distinta. El chap\u00edn sufri\u00f3 en los kil\u00f3metros decisivos y termin\u00f3 ingresando en la \u00faltima posici\u00f3n, puesto 158, con un crono de 05:35:25 horas, a 41:10 minutos del vencedor. Un golpe duro en lo competitivo, aunque forma parte del aprendizaje que representa para \u00e9l competir al m\u00e1s alto nivel.<\/p>\n\n\n\n<p class=\"has-black-color has-text-color has-link-color wp-elements-eafa3b1e19c1bfd97fac003b7790cabd\">En la clasificaci\u00f3n general individual, el guatemalteco descendi\u00f3 hasta el puesto 55, acumulando un tiempo total de 50:51:43 horas, a 1:20:49 del l\u00edder Jonas Vingegaard. A pesar del retroceso, sigue en carrera y mantiene vivo el sue\u00f1o de completar su primera gran vuelta.<\/p>\n\n\n\n<p class=\"has-black-color has-text-color has-link-color wp-elements-4aa5d3c238e3ec249479803a65cf0f1a\">La Vuelta a Espa\u00f1a continuar\u00e1 este s\u00e1bado 6 de septiembre con la etapa 14, un recorrido de 135.9 kil\u00f3metros que promete nuevamente emociones intensas y exigencias para el pelot\u00f3n internacional.<\/p>\n","protected":false},"excerpt":{"rendered":"<p>El ciclista guatemalteco no tuvo su mejor jornada en la exigente cima asturiana, mientras Joao Almeida se coron\u00f3 ganador en la m\u00edtica monta\u00f1a. Este viernes 5 de septiembre se disput\u00f3 la etapa 13 de la Vuelta a Espa\u00f1a 2025, una jornada hist\u00f3rica que parti\u00f3 desde Cabez\u00f3n de la Sal, localidad c\u00e1ntabra que por primera vez [&hellip;]<\/p>\n","protected":false},"author":5,"featured_media":9431,"comment_status":"closed","ping_status":"closed","sticky":false,"template":"","format":"standard","meta":{"footnotes":""},"categories":[38],"tags":[47,715,48,49,180,567,822],"class_list":["post-9482","post","type-post","status-publish","format-standard","has-post-thumbnail","hentry","category-ciclismo","tag-antigua-esportiva","tag-ciclismo","tag-kenny-rodas","tag-kenny-sports","tag-sergio-chumil","tag-vuelta-a-espana","tag-vuelta-a-espana-2025"],"_links":{"self":[{"href":"https:\/\/antiguaesportiva.com\/revista\/wp-json\/wp\/v2\/posts\/9482","targetHints":{"allow":["GET"]}}],"collection":[{"href":"https:\/\/antiguaesportiva.com\/revista\/wp-json\/wp\/v2\/posts"}],"about":[{"href":"https:\/\/antiguaesportiva.com\/revista\/wp-json\/wp\/v2\/types\/post"}],"author":[{"embeddable":true,"href":"https:\/\/antiguaesportiva.com\/revista\/wp-json\/wp\/v2\/users\/5"}],"replies":[{"embeddable":true,"href":"https:\/\/antiguaesportiva.com\/revista\/wp-json\/wp\/v2\/comments?post=9482"}],"version-history":[{"count":1,"href":"https:\/\/antiguaesportiva.com\/revista\/wp-json\/wp\/v2\/posts\/9482\/revisions"}],"predecessor-version":[{"id":9483,"href":"https:\/\/antiguaesportiva.com\/revista\/wp-json\/wp\/v2\/posts\/9482\/revisions\/9483"}],"wp:featuredmedia":[{"embeddable":true,"href":"https:\/\/antiguaesportiva.com\/revista\/wp-json\/wp\/v2\/media\/9431"}],"wp:attachment":[{"href":"https:\/\/antiguaesportiva.com\/revista\/wp-json\/wp\/v2\/media?parent=9482"}],"wp:term":[{"taxonomy":"category","embeddable":true,"href":"https:\/\/antiguaesportiva.com\/revista\/wp-json\/wp\/v2\/categories?post=9482"},{"taxonomy":"post_tag","embeddable":true,"href":"https:\/\/antiguaesportiva.com\/revista\/wp-json\/wp\/v2\/tags?post=9482"}],"curies":[{"name":"wp","href":"https:\/\/api.w.org\/{rel}","templated":true}]}}