{"id":9433,"date":"2025-09-02T10:41:47","date_gmt":"2025-09-02T16:41:47","guid":{"rendered":"https:\/\/antiguaesportiva.com\/revista\/?p=9433"},"modified":"2025-09-02T10:41:48","modified_gmt":"2025-09-02T16:41:48","slug":"centrone-se-hace-cargo-de-guastatoya","status":"publish","type":"post","link":"https:\/\/antiguaesportiva.com\/revista\/2025\/09\/02\/centrone-se-hace-cargo-de-guastatoya\/","title":{"rendered":"Centrone se hace cargo de Guastatoya"},"content":{"rendered":"\n<p class=\"has-black-color has-text-color has-link-color wp-elements-a7cb5189873083e45364b4fcf17c4e83\">Pablo Centrone, nuevo t\u00e9cnico del Deportivo Guastatoya en medio de crisis.<\/p>\n\n\n\n<p class=\"has-black-color has-text-color has-link-color wp-elements-7368527a99586630f33837748a4780de\">El Deportivo Guastatoya anunci\u00f3 oficialmente la llegada del estratega argentino Pablo Centrone, quien tomar\u00e1 las riendas del equipo en el Torneo Apertura 2025 con la misi\u00f3n de revertir el mal inicio de campa\u00f1a y dar continuidad al proyecto hasta el Clausura 2026. El &#8216;Pecho Amarillo&#8217; atraviesa un panorama cr\u00edtico: ocupa el \u00faltimo lugar de la clasificaci\u00f3n con apenas un punto de 21 disputados.<\/p>\n\n\n\n<figure class=\"wp-block-image size-large is-resized\"><a href=\"https:\/\/www.formacionsecretarial.edu.gt\/\"><img loading=\"lazy\" decoding=\"async\" width=\"768\" height=\"1024\" src=\"https:\/\/antiguaesportiva.com\/revista\/wp-content\/uploads\/2025\/07\/becas2026a@3x-768x1024.png\" alt=\"\" class=\"wp-image-8617\" style=\"width:292px;height:auto\" srcset=\"https:\/\/antiguaesportiva.com\/revista\/wp-content\/uploads\/2025\/07\/becas2026a@3x-768x1024.png 768w, https:\/\/antiguaesportiva.com\/revista\/wp-content\/uploads\/2025\/07\/becas2026a@3x-225x300.png 225w, https:\/\/antiguaesportiva.com\/revista\/wp-content\/uploads\/2025\/07\/becas2026a@3x-1152x1536.png 1152w, https:\/\/antiguaesportiva.com\/revista\/wp-content\/uploads\/2025\/07\/becas2026a@3x-554x739.png 554w, https:\/\/antiguaesportiva.com\/revista\/wp-content\/uploads\/2025\/07\/becas2026a@3x.png 1440w\" sizes=\"auto, (max-width: 768px) 100vw, 768px\" \/><\/a><\/figure>\n\n\n\n<h2 class=\"wp-block-heading\">Un pasado pol\u00e9mico en Xinabaj\u00fal<\/h2>\n\n\n\n<p class=\"has-black-color has-text-color has-link-color wp-elements-d898928bb08238424064fec203f69c0d\">Centrone, experimentado en el f\u00fatbol nacional, llega tras su paso por Xinabajul, club con el que protagoniz\u00f3 una temporada llena de controversias. Su equipo perdi\u00f3 la categor\u00eda por temas reglamentarios, aunque posteriormente el fallo del TAS permiti\u00f3 mantener la categor\u00eda. Sin embargo, las complicaciones administrativas impidieron la inscripci\u00f3n del plantel, lo que deriv\u00f3 en la desafiliaci\u00f3n del cuadro huehueteco.<\/p>\n\n\n\n<h2 class=\"wp-block-heading\">Bienvenida oficial del club<\/h2>\n\n\n\n<p class=\"has-black-color has-text-color has-link-color wp-elements-dfa8638dcc60af837e32dae87369774b\">&#8220;El Club Deportivo Guastatoya le da la m\u00e1s cordial bienvenida al profesor Pablo Centrone y a su cuerpo t\u00e9cnico, quienes a partir de hoy se suman a la familia Pecho Amarillo&#8221;, inform\u00f3 el club en sus redes sociales. Adem\u00e1s, a\u00f1adi\u00f3: &#8220;Confiamos en su experiencia, compromiso y pasi\u00f3n para seguir construyendo la historia de nuestro club y luchar juntos por nuevos triunfos&#8221;.<\/p>\n\n\n\n<h2 class=\"wp-block-heading\">Tres entrenadores en siete fechas<\/h2>\n\n\n\n<p class=\"has-black-color has-text-color has-link-color wp-elements-681a14c13bc8d2f1649405a631dd55e3\">El arranque del Apertura 2025 ha sido una pesadilla para la instituci\u00f3n guastatoyana, que ya suma tres entrenadores en apenas siete jornadas. Primero estuvo Ariel Sena, el uruguayo que le dio alegr\u00edas pasadas al club, pero que en este nuevo ciclo solo logr\u00f3 un empate y cuatro derrotas, acumulando un punto de 15 posibles.<\/p>\n\n\n\n<h2 class=\"wp-block-heading\">La breve etapa de Mike Leonado<\/h2>\n\n\n\n<p class=\"has-black-color has-text-color has-link-color wp-elements-04410343432fe7fd980b1117f86015ad\">Tras la salida de Sena, Mike Leonado asumi\u00f3 de forma interina. Bajo su direcci\u00f3n, Guastatoya cay\u00f3 1-3 en casa ante Atl\u00e9tico Mictl\u00e1n y 2-0 como visitante frente al Deportivo Mixco, lo que llev\u00f3 a la directiva a agradecerle los servicios prestados y finalizar su etapa en la instituci\u00f3n: &#8220;Le deseamos muchos \u00e9xitos en los nuevos retos que la vida y el futbol le presenten&#8221;, expres\u00f3 el club en un comunicado.<\/p>\n\n\n\n<h2 class=\"wp-block-heading\">El desaf\u00edo inmediato de Centrone<\/h2>\n\n\n\n<p class=\"has-black-color has-text-color has-link-color wp-elements-0c889b36b6de4458b1b79b9e2b36b57a\">Con este panorama, Centrone se convierte en el tercer t\u00e9cnico del &#8216;Pecho Amarillo&#8217; en el presente torneo. La misi\u00f3n es clara: levantar a un equipo que no conoce la victoria en el Apertura 2025 y que, de no reaccionar pronto, corre el riesgo de comprometer su permanencia en la m\u00e1xima categor\u00eda.<\/p>\n","protected":false},"excerpt":{"rendered":"<p>Pablo Centrone, nuevo t\u00e9cnico del Deportivo Guastatoya en medio de crisis. El Deportivo Guastatoya anunci\u00f3 oficialmente la llegada del estratega argentino Pablo Centrone, quien tomar\u00e1 las riendas del equipo en el Torneo Apertura 2025 con la misi\u00f3n de revertir el mal inicio de campa\u00f1a y dar continuidad al proyecto hasta el Clausura 2026. El &#8216;Pecho [&hellip;]<\/p>\n","protected":false},"author":5,"featured_media":4412,"comment_status":"closed","ping_status":"closed","sticky":false,"template":"","format":"standard","meta":{"footnotes":""},"categories":[31],"tags":[47,610,229,48,49,56,55,84,611],"class_list":["post-9433","post","type-post","status-publish","format-standard","has-post-thumbnail","hentry","category-liga-nacional","tag-antigua-esportiva","tag-apertura-2025","tag-cd-guastatoya","tag-kenny-rodas","tag-kenny-sports","tag-liga-nacional","tag-liga-nacional-de-futbol-de-guatemala","tag-pablo-centrone","tag-torneo-apertura-2025"],"_links":{"self":[{"href":"https:\/\/antiguaesportiva.com\/revista\/wp-json\/wp\/v2\/posts\/9433","targetHints":{"allow":["GET"]}}],"collection":[{"href":"https:\/\/antiguaesportiva.com\/revista\/wp-json\/wp\/v2\/posts"}],"about":[{"href":"https:\/\/antiguaesportiva.com\/revista\/wp-json\/wp\/v2\/types\/post"}],"author":[{"embeddable":true,"href":"https:\/\/antiguaesportiva.com\/revista\/wp-json\/wp\/v2\/users\/5"}],"replies":[{"embeddable":true,"href":"https:\/\/antiguaesportiva.com\/revista\/wp-json\/wp\/v2\/comments?post=9433"}],"version-history":[{"count":1,"href":"https:\/\/antiguaesportiva.com\/revista\/wp-json\/wp\/v2\/posts\/9433\/revisions"}],"predecessor-version":[{"id":9434,"href":"https:\/\/antiguaesportiva.com\/revista\/wp-json\/wp\/v2\/posts\/9433\/revisions\/9434"}],"wp:featuredmedia":[{"embeddable":true,"href":"https:\/\/antiguaesportiva.com\/revista\/wp-json\/wp\/v2\/media\/4412"}],"wp:attachment":[{"href":"https:\/\/antiguaesportiva.com\/revista\/wp-json\/wp\/v2\/media?parent=9433"}],"wp:term":[{"taxonomy":"category","embeddable":true,"href":"https:\/\/antiguaesportiva.com\/revista\/wp-json\/wp\/v2\/categories?post=9433"},{"taxonomy":"post_tag","embeddable":true,"href":"https:\/\/antiguaesportiva.com\/revista\/wp-json\/wp\/v2\/tags?post=9433"}],"curies":[{"name":"wp","href":"https:\/\/api.w.org\/{rel}","templated":true}]}}