{"id":9430,"date":"2025-09-02T10:11:15","date_gmt":"2025-09-02T16:11:15","guid":{"rendered":"https:\/\/antiguaesportiva.com\/revista\/?p=9430"},"modified":"2025-09-02T10:11:16","modified_gmt":"2025-09-02T16:11:16","slug":"chumil-dentro-de-los-mejores-20-de-la-vuelta-a-espana","status":"publish","type":"post","link":"https:\/\/antiguaesportiva.com\/revista\/2025\/09\/02\/chumil-dentro-de-los-mejores-20-de-la-vuelta-a-espana\/","title":{"rendered":"Chumil, dentro de los mejores 20 de la Vuelta a Espa\u00f1a"},"content":{"rendered":"\n<p class=\"has-black-color has-text-color has-link-color wp-elements-20cb62d9b444176c05013b21c4dfa534\">El ciclista guatemalteco firma una actuaci\u00f3n hist\u00f3rica tras la d\u00e9cima etapa, consolid\u00e1ndose entre la \u00e9lite del pelot\u00f3n internacional.<\/p>\n\n\n\n<p class=\"has-black-color has-text-color has-link-color wp-elements-19b53521721484ff2aae665830bf0410\">La Vuelta a Espa\u00f1a 2025 volvi\u00f3 a la carretera este martes tras la jornada de descanso, y lo hizo con una noticia que llena de orgullo al deporte guatemalteco: Sergio Chumil contin\u00faa consolid\u00e1ndose como uno de los protagonistas de la ronda ib\u00e9rica, alcanzando el Top-20 de la clasificaci\u00f3n general. El pedalista nacional firm\u00f3 un tiempo de 3:59.10 en los 175.3 kil\u00f3metros de la d\u00e9cima etapa, finalizando en la posici\u00f3n 36, a 2 minutos y 46 segundos del australiano Jay Vine, ganador del d\u00eda.<\/p>\n\n\n\n<p class=\"has-black-color has-text-color has-link-color wp-elements-f6fbd1615869227d4254ef63c50aab25\">M\u00e1s all\u00e1 del lugar en la fracci\u00f3n, la gran recompensa lleg\u00f3 en la general: con un acumulado de 37:43.32, Chumil se ubica ahora dentro de los veinte mejores ciclistas de la competencia, un logro sin precedentes para su carrera y para el ciclismo de Guatemala.<\/p>\n\n\n\n<figure class=\"wp-block-image size-large is-resized\"><a href=\"https:\/\/www.formacionsecretarial.edu.gt\/\"><img loading=\"lazy\" decoding=\"async\" width=\"768\" height=\"1024\" src=\"https:\/\/antiguaesportiva.com\/revista\/wp-content\/uploads\/2025\/07\/becas2026a@3x-768x1024.png\" alt=\"\" class=\"wp-image-8617\" style=\"width:248px;height:auto\" srcset=\"https:\/\/antiguaesportiva.com\/revista\/wp-content\/uploads\/2025\/07\/becas2026a@3x-768x1024.png 768w, https:\/\/antiguaesportiva.com\/revista\/wp-content\/uploads\/2025\/07\/becas2026a@3x-225x300.png 225w, https:\/\/antiguaesportiva.com\/revista\/wp-content\/uploads\/2025\/07\/becas2026a@3x-1152x1536.png 1152w, https:\/\/antiguaesportiva.com\/revista\/wp-content\/uploads\/2025\/07\/becas2026a@3x-554x739.png 554w, https:\/\/antiguaesportiva.com\/revista\/wp-content\/uploads\/2025\/07\/becas2026a@3x.png 1440w\" sizes=\"auto, (max-width: 768px) 100vw, 768px\" \/><\/a><\/figure>\n\n\n\n<h3 class=\"wp-block-heading\">El pilar del Burgos Burpellet BH<\/h3>\n\n\n\n<p class=\"has-black-color has-text-color has-link-color wp-elements-5ee5d866d957c4a5b50036767ed4e1de\">El rendimiento del guatemalteco cobra a\u00fan mayor dimensi\u00f3n considerando el contexto adverso de su equipo, el Burgos Burpellet BH, que perdi\u00f3 a tres corredores en las primeras etapas. La responsabilidad ha reca\u00eddo en los cinco hombres restantes, con Chumil como la figura m\u00e1s s\u00f3lida y constante. Su temple y regularidad han mantenido viva la presencia del conjunto espa\u00f1ol en la prueba.<\/p>\n\n\n\n<h3 class=\"wp-block-heading\">Vingegaard recupera el liderato<\/h3>\n\n\n\n<p class=\"has-black-color has-text-color has-link-color wp-elements-265bce74dfb4333f0f2bb7446fae0bfc\">En lo m\u00e1s alto de la clasificaci\u00f3n, el dan\u00e9s Jonas Vingegaard retom\u00f3 el maillot rojo gracias a su fortaleza en la monta\u00f1a y al control t\u00e1ctico de su escuadra. Sin embargo, el nombre de Sergio Chumil destaca en el listado, ubic\u00e1ndose entre ciclistas de talla mundial y demostrando que Guatemala puede codearse con las grandes potencias del deporte pedal.<\/p>\n\n\n\n<h3 class=\"wp-block-heading\">Orgullo nacional<\/h3>\n\n\n\n<p class=\"has-black-color has-text-color has-link-color wp-elements-1da02341b58a4aa8a16c07db71a437b3\">La irrupci\u00f3n de Chumil en el Top-20 representa un motivo de orgullo para Guatemala, que ve en el ciclista un s\u00edmbolo de perseverancia y disciplina. Su esfuerzo refleja a\u00f1os de preparaci\u00f3n y sacrificio en un escenario que exige al m\u00e1ximo a los competidores.<\/p>\n\n\n\n<h3 class=\"wp-block-heading\">El reto de Bilbao<\/h3>\n\n\n\n<p class=\"has-black-color has-text-color has-link-color wp-elements-2fe8947440baec3d3b328ca209534924\">El camino no se detiene. Este mi\u00e9rcoles 3 de septiembre, la Vuelta continuar\u00e1 con la und\u00e9cima etapa, con inicio y meta en Bilbao, sobre 157,4 kil\u00f3metros y un desnivel acumulado de 3.185 metros. La jornada presenta siete puertos categorizados y un final explosivo en el Alto de Pike, a solo siete kil\u00f3metros de la meta.<\/p>\n\n\n\n<p class=\"has-black-color has-text-color has-link-color wp-elements-c183119493ec720770a19c1bb804bf3a\">Sergio Chumil afrontar\u00e1 el nuevo desaf\u00edo con la confianza de quien ya ha inscrito su nombre en la historia del ciclismo guatemalteco, demostrando que su lucha no solo es personal, sino tambi\u00e9n un impulso para todo un pa\u00eds que celebra sus pedaladas.<\/p>\n","protected":false},"excerpt":{"rendered":"<p>El ciclista guatemalteco firma una actuaci\u00f3n hist\u00f3rica tras la d\u00e9cima etapa, consolid\u00e1ndose entre la \u00e9lite del pelot\u00f3n internacional. La Vuelta a Espa\u00f1a 2025 volvi\u00f3 a la carretera este martes tras la jornada de descanso, y lo hizo con una noticia que llena de orgullo al deporte guatemalteco: Sergio Chumil contin\u00faa consolid\u00e1ndose como uno de los [&hellip;]<\/p>\n","protected":false},"author":5,"featured_media":9431,"comment_status":"closed","ping_status":"closed","sticky":false,"template":"","format":"standard","meta":{"footnotes":""},"categories":[38],"tags":[47,499,48,49,180,823,567,822],"class_list":["post-9430","post","type-post","status-publish","format-standard","has-post-thumbnail","hentry","category-ciclismo","tag-antigua-esportiva","tag-burgos-burpellet-bh","tag-kenny-rodas","tag-kenny-sports","tag-sergio-chumil","tag-team-burgos-bh","tag-vuelta-a-espana","tag-vuelta-a-espana-2025"],"_links":{"self":[{"href":"https:\/\/antiguaesportiva.com\/revista\/wp-json\/wp\/v2\/posts\/9430","targetHints":{"allow":["GET"]}}],"collection":[{"href":"https:\/\/antiguaesportiva.com\/revista\/wp-json\/wp\/v2\/posts"}],"about":[{"href":"https:\/\/antiguaesportiva.com\/revista\/wp-json\/wp\/v2\/types\/post"}],"author":[{"embeddable":true,"href":"https:\/\/antiguaesportiva.com\/revista\/wp-json\/wp\/v2\/users\/5"}],"replies":[{"embeddable":true,"href":"https:\/\/antiguaesportiva.com\/revista\/wp-json\/wp\/v2\/comments?post=9430"}],"version-history":[{"count":1,"href":"https:\/\/antiguaesportiva.com\/revista\/wp-json\/wp\/v2\/posts\/9430\/revisions"}],"predecessor-version":[{"id":9432,"href":"https:\/\/antiguaesportiva.com\/revista\/wp-json\/wp\/v2\/posts\/9430\/revisions\/9432"}],"wp:featuredmedia":[{"embeddable":true,"href":"https:\/\/antiguaesportiva.com\/revista\/wp-json\/wp\/v2\/media\/9431"}],"wp:attachment":[{"href":"https:\/\/antiguaesportiva.com\/revista\/wp-json\/wp\/v2\/media?parent=9430"}],"wp:term":[{"taxonomy":"category","embeddable":true,"href":"https:\/\/antiguaesportiva.com\/revista\/wp-json\/wp\/v2\/categories?post=9430"},{"taxonomy":"post_tag","embeddable":true,"href":"https:\/\/antiguaesportiva.com\/revista\/wp-json\/wp\/v2\/tags?post=9430"}],"curies":[{"name":"wp","href":"https:\/\/api.w.org\/{rel}","templated":true}]}}