{"id":9428,"date":"2025-09-02T09:54:09","date_gmt":"2025-09-02T15:54:09","guid":{"rendered":"https:\/\/antiguaesportiva.com\/revista\/?p=9428"},"modified":"2025-09-02T09:54:10","modified_gmt":"2025-09-02T15:54:10","slug":"moran-lamentablemente-nos-paso-factura-no-controlar-el-partido","status":"publish","type":"post","link":"https:\/\/antiguaesportiva.com\/revista\/2025\/09\/02\/moran-lamentablemente-nos-paso-factura-no-controlar-el-partido\/","title":{"rendered":"Mor\u00e1n: &#8220;Lamentablemente nos pas\u00f3 factura no controlar el partido&#8221;."},"content":{"rendered":"\n<p class=\"has-black-color has-text-color has-link-color wp-elements-b6039ac92e0b50e582f8a5dd40d844a3\">Antigua GFC dej\u00f3 escapar la victoria en Cob\u00e1n y Luis Mor\u00e1n no ocult\u00f3 su frustraci\u00f3n: de un 0-2 s\u00f3lido a un empate con sabor amargo.<\/p>\n\n\n\n<p class=\"has-black-color has-text-color has-link-color wp-elements-3ed7353ebfe2241de3d4cd8928b4cbcd\">Antigua GFC dej\u00f3 escapar tres puntos en el estadio Jos\u00e9 \u00c1ngel Rossi tras igualar 2-2 frente a Cob\u00e1n Imperial, en un duelo cargado de emociones en la s\u00e9ptima jornada del Torneo Apertura 2025. El guardameta &#8216;Colonial&#8217;, Luis Mor\u00e1n, lament\u00f3 que su equipo no lograra sostener la ventaja de dos goles con la que dominaba el encuentro, aunque reconoci\u00f3 que el empate, dadas las circunstancias, tampoco es un resultado del todo negativo.<\/p>\n\n\n\n<p class=\"has-black-color has-text-color has-link-color wp-elements-3e4d9971b12768061f8b2557995b4a28\">El arquero explic\u00f3 que la falta de control sobre la pelota fue determinante en el resultado final. <\/p>\n\n\n\n<figure class=\"wp-block-image size-large is-resized\"><a href=\"https:\/\/www.formacionsecretarial.edu.gt\/\"><img loading=\"lazy\" decoding=\"async\" width=\"768\" height=\"1024\" src=\"https:\/\/antiguaesportiva.com\/revista\/wp-content\/uploads\/2025\/07\/becas2026a@3x-768x1024.png\" alt=\"\" class=\"wp-image-8617\" style=\"width:244px;height:auto\" srcset=\"https:\/\/antiguaesportiva.com\/revista\/wp-content\/uploads\/2025\/07\/becas2026a@3x-768x1024.png 768w, https:\/\/antiguaesportiva.com\/revista\/wp-content\/uploads\/2025\/07\/becas2026a@3x-225x300.png 225w, https:\/\/antiguaesportiva.com\/revista\/wp-content\/uploads\/2025\/07\/becas2026a@3x-1152x1536.png 1152w, https:\/\/antiguaesportiva.com\/revista\/wp-content\/uploads\/2025\/07\/becas2026a@3x-554x739.png 554w, https:\/\/antiguaesportiva.com\/revista\/wp-content\/uploads\/2025\/07\/becas2026a@3x.png 1440w\" sizes=\"auto, (max-width: 768px) 100vw, 768px\" \/><\/a><\/figure>\n\n\n\n<blockquote class=\"wp-block-quote is-layout-flow wp-block-quote-is-layout-flow\">\n<p class=\"has-black-color has-text-color has-link-color wp-elements-0e4603fdcd9e7db84eb677306e1f035a\">&#8220;Lamentablemente nos pas\u00f3 factura no controlar el partido, tuvimos varias pelotas para manejarlas y las perdimos, en una de esas fue donde cay\u00f3 el 2-2 que nos cost\u00f3 el triunfo&#8221;, expres\u00f3 con visible frustraci\u00f3n.<\/p>\n<\/blockquote>\n\n\n\n<h2 class=\"wp-block-heading\">El peso de la eliminaci\u00f3n internacional<\/h2>\n\n\n\n<p class=\"has-black-color has-text-color has-link-color wp-elements-206cbfa63e0200c9237c91b2a5373009\">Mor\u00e1n tambi\u00e9n hizo referencia al impacto que tuvo en el \u00e1nimo del plantel la reciente eliminaci\u00f3n de la Copa Centroamericana. <\/p>\n\n\n\n<blockquote class=\"wp-block-quote is-layout-flow wp-block-quote-is-layout-flow\">\n<p class=\"has-black-color has-text-color has-link-color wp-elements-146e82c45133961d05633f709d645a24\">&#8220;Mental y an\u00edmicamente no ven\u00edamos bien por quedar fuera del torneo, pero hab\u00eda que darle vuelta a la p\u00e1gina. Hicimos un buen primer tiempo, esto a pesar de las bajas, son nueve bajas con los lesionados y seleccionados&#8221;, coment\u00f3.<\/p>\n<\/blockquote>\n\n\n\n<p class=\"has-black-color has-text-color has-link-color wp-elements-97b5ca43f1fe2e306db4590d12dcfd84\">El portero destac\u00f3 la actitud del grupo pese a las dificultades. Para \u00e9l, el empate debe analizarse desde la \u00f3ptica de un torneo exigente y parejo, en el que cualquier punto fuera de casa puede marcar diferencia. <\/p>\n\n\n\n<blockquote class=\"wp-block-quote is-layout-flow wp-block-quote-is-layout-flow\">\n<p class=\"has-black-color has-text-color has-link-color wp-elements-6570dba35e669225993164a05e466d2b\">&#8220;Se nos escap\u00f3 la victoria de \u00faltimo minuto, pero un punto de visita tampoco es malo en un torneo tan apretado como este&#8221;, reflexion\u00f3.<\/p>\n<\/blockquote>\n\n\n\n<h3 class=\"wp-block-heading\">Pensando en lo que viene<\/h3>\n\n\n\n<p class=\"has-black-color has-text-color has-link-color wp-elements-916e662cde928bb62867368f3d0ff258\">El calendario no da respiro y Antigua GFC ya enfoca la mirada en su pr\u00f3ximo compromiso. El rival de turno ser\u00e1 Guastatoya, conjunto que atraviesa un mal momento pero que, a juicio del guardameta, no se puede subestimar. <\/p>\n\n\n\n<blockquote class=\"wp-block-quote is-layout-flow wp-block-quote-is-layout-flow\">\n<p class=\"has-black-color has-text-color has-link-color wp-elements-a75f38bd3f92ac4647bf6b4b664edc23\">&#8220;Tenemos otro partido fuerte, se viene una semana larga. Ahora se viene Guastatoya que no la est\u00e1 pasando bien, pero es futbol y hay que hacer lo mejor para ganar&#8221;, concluy\u00f3 Mor\u00e1n.<\/p>\n<\/blockquote>\n\n\n\n<p class=\"has-black-color has-text-color has-link-color wp-elements-d8c9a3d1f1ab4a06c46f661ab5d13148\">Con el empate en Cob\u00e1n, los &#8216;Coloniales&#8217; siguen en la pelea por los puestos de privilegio, aunque con la sensaci\u00f3n amarga de haber dejado escapar una victoria que parec\u00eda asegurada.<\/p>\n","protected":false},"excerpt":{"rendered":"<p>Antigua GFC dej\u00f3 escapar la victoria en Cob\u00e1n y Luis Mor\u00e1n no ocult\u00f3 su frustraci\u00f3n: de un 0-2 s\u00f3lido a un empate con sabor amargo. Antigua GFC dej\u00f3 escapar tres puntos en el estadio Jos\u00e9 \u00c1ngel Rossi tras igualar 2-2 frente a Cob\u00e1n Imperial, en un duelo cargado de emociones en la s\u00e9ptima jornada del [&hellip;]<\/p>\n","protected":false},"author":5,"featured_media":7476,"comment_status":"closed","ping_status":"closed","sticky":false,"template":"","format":"standard","meta":{"footnotes":""},"categories":[29,31],"tags":[47,45,610,154,48,49,56,55,497,611],"class_list":["post-9428","post","type-post","status-publish","format-standard","has-post-thumbnail","hentry","category-antigua-gfc","category-liga-nacional","tag-antigua-esportiva","tag-antigua-gfc","tag-apertura-2025","tag-csd-coban-imperial","tag-kenny-rodas","tag-kenny-sports","tag-liga-nacional","tag-liga-nacional-de-futbol-de-guatemala","tag-luis-moran","tag-torneo-apertura-2025"],"_links":{"self":[{"href":"https:\/\/antiguaesportiva.com\/revista\/wp-json\/wp\/v2\/posts\/9428","targetHints":{"allow":["GET"]}}],"collection":[{"href":"https:\/\/antiguaesportiva.com\/revista\/wp-json\/wp\/v2\/posts"}],"about":[{"href":"https:\/\/antiguaesportiva.com\/revista\/wp-json\/wp\/v2\/types\/post"}],"author":[{"embeddable":true,"href":"https:\/\/antiguaesportiva.com\/revista\/wp-json\/wp\/v2\/users\/5"}],"replies":[{"embeddable":true,"href":"https:\/\/antiguaesportiva.com\/revista\/wp-json\/wp\/v2\/comments?post=9428"}],"version-history":[{"count":1,"href":"https:\/\/antiguaesportiva.com\/revista\/wp-json\/wp\/v2\/posts\/9428\/revisions"}],"predecessor-version":[{"id":9429,"href":"https:\/\/antiguaesportiva.com\/revista\/wp-json\/wp\/v2\/posts\/9428\/revisions\/9429"}],"wp:featuredmedia":[{"embeddable":true,"href":"https:\/\/antiguaesportiva.com\/revista\/wp-json\/wp\/v2\/media\/7476"}],"wp:attachment":[{"href":"https:\/\/antiguaesportiva.com\/revista\/wp-json\/wp\/v2\/media?parent=9428"}],"wp:term":[{"taxonomy":"category","embeddable":true,"href":"https:\/\/antiguaesportiva.com\/revista\/wp-json\/wp\/v2\/categories?post=9428"},{"taxonomy":"post_tag","embeddable":true,"href":"https:\/\/antiguaesportiva.com\/revista\/wp-json\/wp\/v2\/tags?post=9428"}],"curies":[{"name":"wp","href":"https:\/\/api.w.org\/{rel}","templated":true}]}}