{"id":9420,"date":"2025-09-01T11:02:30","date_gmt":"2025-09-01T17:02:30","guid":{"rendered":"https:\/\/antiguaesportiva.com\/revista\/?p=9420"},"modified":"2025-09-01T11:02:31","modified_gmt":"2025-09-01T17:02:31","slug":"duro-tres-jornadas-ten-hag-queda-fuera-del-leverkusen","status":"publish","type":"post","link":"https:\/\/antiguaesportiva.com\/revista\/2025\/09\/01\/duro-tres-jornadas-ten-hag-queda-fuera-del-leverkusen\/","title":{"rendered":"Dur\u00f3 tres jornadas, Ten Hag queda fuera del Leverkusen"},"content":{"rendered":"\n<p class=\"has-black-color has-text-color has-link-color wp-elements-fc6a9ee028992815079d3990f975e581\">El entrenador neerland\u00e9s se despide de su cargo apenas dos meses despu\u00e9s de asumir en Alemania.<\/p>\n\n\n\n<p class=\"has-black-color has-text-color has-link-color wp-elements-50b3dee03dd5d13b26f2fe1f1325ffb8\">El Bayer Leverkusen sorprendi\u00f3 este lunes al anunciar la destituci\u00f3n inmediata de Erik ten Hag, apenas dos meses despu\u00e9s de haber asumido el mando del club alem\u00e1n. El t\u00e9cnico neerland\u00e9s, presentado en julio como la gran apuesta para sustituir a Xabi Alonso, deja el banquillo tras un inicio de temporada marcado por la irregularidad y la desconfianza interna.<\/p>\n\n\n\n<figure class=\"wp-block-image size-large is-resized\"><a href=\"https:\/\/www.formacionsecretarial.edu.gt\/\"><img loading=\"lazy\" decoding=\"async\" width=\"768\" height=\"1024\" src=\"https:\/\/antiguaesportiva.com\/revista\/wp-content\/uploads\/2025\/07\/becas2026a@3x-768x1024.png\" alt=\"\" class=\"wp-image-8617\" style=\"width:300px;height:auto\" srcset=\"https:\/\/antiguaesportiva.com\/revista\/wp-content\/uploads\/2025\/07\/becas2026a@3x-768x1024.png 768w, https:\/\/antiguaesportiva.com\/revista\/wp-content\/uploads\/2025\/07\/becas2026a@3x-225x300.png 225w, https:\/\/antiguaesportiva.com\/revista\/wp-content\/uploads\/2025\/07\/becas2026a@3x-1152x1536.png 1152w, https:\/\/antiguaesportiva.com\/revista\/wp-content\/uploads\/2025\/07\/becas2026a@3x-554x739.png 554w, https:\/\/antiguaesportiva.com\/revista\/wp-content\/uploads\/2025\/07\/becas2026a@3x.png 1440w\" sizes=\"auto, (max-width: 768px) 100vw, 768px\" \/><\/a><\/figure>\n\n\n\n<h2 class=\"wp-block-heading\">Resultados que no convencieron<\/h2>\n\n\n\n<p class=\"has-black-color has-text-color has-link-color wp-elements-51ea0b7d2db8f703de102b782d712d05\">Ten Hag solo alcanz\u00f3 a dirigir tres partidos oficiales: una victoria en Copa con goleada, una derrota frente al Hoffenheim (1-2) en el debut liguero y un empate 3-3 contra el Werder Bremen que encendi\u00f3 las alarmas. En este \u00faltimo encuentro, su equipo dej\u00f3 escapar una ventaja de dos goles pese a contar con superioridad num\u00e9rica durante m\u00e1s de media hora.<\/p>\n\n\n\n<h2 class=\"wp-block-heading\">Dudas crecientes<\/h2>\n\n\n\n<p class=\"has-black-color has-text-color has-link-color wp-elements-e81e6195fae35101b906988a78793767\">La fragilidad defensiva, la falta de solidez en el planteamiento y la dificultad para transmitir sus ideas al vestuario aceleraron la decisi\u00f3n de la directiva. El contraste con la era de Xabi Alonso, campe\u00f3n de la Bundesliga y referente de un f\u00fatbol atractivo, hizo m\u00e1s evidente la p\u00e9rdida de identidad del conjunto de la aspirina.<\/p>\n\n\n\n<h2 class=\"wp-block-heading\">El adi\u00f3s oficial<\/h2>\n\n\n\n<p class=\"has-black-color has-text-color has-link-color wp-elements-7080925a050f00689f4fbfa602a88abe\">Simon Rolfes, director deportivo, explic\u00f3 la medida: <\/p>\n\n\n\n<blockquote class=\"wp-block-quote is-layout-flow wp-block-quote-is-layout-flow\">\n<p class=\"has-black-color has-text-color has-link-color wp-elements-0191a8467847368b1db524cb4909dd3b\">&#8220;No ha sido una decisi\u00f3n f\u00e1cil. Nadie quer\u00eda dar este paso. Sin embargo, las \u00faltimas semanas han demostrado que, con esta composici\u00f3n, no es posible construir un equipo nuevo y exitoso. Creemos firmemente en la calidad de nuestro plantel y ahora buscaremos dar los siguientes pasos con una nueva configuraci\u00f3n&#8221;.<\/p>\n<\/blockquote>\n\n\n\n<h2 class=\"wp-block-heading\">Visi\u00f3n desde la directiva<\/h2>\n\n\n\n<p class=\"has-black-color has-text-color has-link-color wp-elements-bc9f7d9955fea0bdf8095c237a0e081b\">Por su parte, Fernando Carro, director general del club, fue contundente: <\/p>\n\n\n\n<blockquote class=\"wp-block-quote is-layout-flow wp-block-quote-is-layout-flow\">\n<p class=\"has-black-color has-text-color has-link-color wp-elements-54e3842300cf0d40737567339f01a17d\">&#8220;Una desvinculaci\u00f3n en esta fase temprana es dolorosa, pero necesaria. Nuestro objetivo sigue siendo cumplir las metas trazadas para esta temporada, y para ello necesitamos las mejores condiciones posibles en todo el \u00e1mbito profesional&#8221;.<\/p>\n<\/blockquote>\n\n\n\n<h2 class=\"wp-block-heading\">Un ciclo inconcluso<\/h2>\n\n\n\n<p class=\"has-black-color has-text-color has-link-color wp-elements-b9315322090eb67e6a0793dceef39df6\">Ten Hag hab\u00eda firmado un contrato por dos temporadas con la misi\u00f3n de consolidar al Leverkusen entre los grandes de Europa. Su experiencia en Ajax y Manchester United avalaba su nombramiento, pero la falta de resultados inmediatos y la desconexi\u00f3n con la plantilla precipitaron un desenlace prematuro. El club alem\u00e1n se enfrenta ahora al reto de encontrar un relevo capaz de sostener el legado de Alonso y devolver la calma al BayArena.<\/p>\n","protected":false},"excerpt":{"rendered":"<p>El entrenador neerland\u00e9s se despide de su cargo apenas dos meses despu\u00e9s de asumir en Alemania. El Bayer Leverkusen sorprendi\u00f3 este lunes al anunciar la destituci\u00f3n inmediata de Erik ten Hag, apenas dos meses despu\u00e9s de haber asumido el mando del club alem\u00e1n. El t\u00e9cnico neerland\u00e9s, presentado en julio como la gran apuesta para sustituir [&hellip;]<\/p>\n","protected":false},"author":5,"featured_media":9421,"comment_status":"closed","ping_status":"closed","sticky":false,"template":"","format":"standard","meta":{"footnotes":""},"categories":[36],"tags":[47,845,600,846,48,49,847],"class_list":["post-9420","post","type-post","status-publish","format-standard","has-post-thumbnail","hentry","category-futbol-internacional","tag-antigua-esportiva","tag-bayer-leverkusen","tag-bundesliga","tag-erik-ten-hag","tag-kenny-rodas","tag-kenny-sports","tag-ten-hag"],"_links":{"self":[{"href":"https:\/\/antiguaesportiva.com\/revista\/wp-json\/wp\/v2\/posts\/9420","targetHints":{"allow":["GET"]}}],"collection":[{"href":"https:\/\/antiguaesportiva.com\/revista\/wp-json\/wp\/v2\/posts"}],"about":[{"href":"https:\/\/antiguaesportiva.com\/revista\/wp-json\/wp\/v2\/types\/post"}],"author":[{"embeddable":true,"href":"https:\/\/antiguaesportiva.com\/revista\/wp-json\/wp\/v2\/users\/5"}],"replies":[{"embeddable":true,"href":"https:\/\/antiguaesportiva.com\/revista\/wp-json\/wp\/v2\/comments?post=9420"}],"version-history":[{"count":1,"href":"https:\/\/antiguaesportiva.com\/revista\/wp-json\/wp\/v2\/posts\/9420\/revisions"}],"predecessor-version":[{"id":9422,"href":"https:\/\/antiguaesportiva.com\/revista\/wp-json\/wp\/v2\/posts\/9420\/revisions\/9422"}],"wp:featuredmedia":[{"embeddable":true,"href":"https:\/\/antiguaesportiva.com\/revista\/wp-json\/wp\/v2\/media\/9421"}],"wp:attachment":[{"href":"https:\/\/antiguaesportiva.com\/revista\/wp-json\/wp\/v2\/media?parent=9420"}],"wp:term":[{"taxonomy":"category","embeddable":true,"href":"https:\/\/antiguaesportiva.com\/revista\/wp-json\/wp\/v2\/categories?post=9420"},{"taxonomy":"post_tag","embeddable":true,"href":"https:\/\/antiguaesportiva.com\/revista\/wp-json\/wp\/v2\/tags?post=9420"}],"curies":[{"name":"wp","href":"https:\/\/api.w.org\/{rel}","templated":true}]}}