{"id":9391,"date":"2025-08-30T16:21:32","date_gmt":"2025-08-30T22:21:32","guid":{"rendered":"https:\/\/antiguaesportiva.com\/revista\/?p=9391"},"modified":"2025-08-30T16:21:33","modified_gmt":"2025-08-30T22:21:33","slug":"chumil-se-sigue-codeando-con-los-gigantes-europeos","status":"publish","type":"post","link":"https:\/\/antiguaesportiva.com\/revista\/2025\/08\/30\/chumil-se-sigue-codeando-con-los-gigantes-europeos\/","title":{"rendered":"Chumil se sigue codeando con los gigantes europeos"},"content":{"rendered":"\n<p class=\"has-black-color has-text-color has-link-color wp-elements-11d8ef582841d7bca993935d38d56dfa\">Chumil se consolida como la referencia del Burgos en la Vuelta a Espa\u00f1a.<\/p>\n\n\n\n<p class=\"has-black-color has-text-color has-link-color wp-elements-0fd46ac027ea383f9506ffdb6b9dd14f\">El ciclista guatemalteco Sergio Chumil complet\u00f3 este s\u00e1bado la octava etapa de la Vuelta a Espa\u00f1a 2025 con una actuaci\u00f3n s\u00f3lida, finalizando en el puesto 62 con un tiempo de 3h 43&#8242; 48&#8221;, el mismo que registr\u00f3 el ganador de la jornada, el belga Jasper Philipsen. Pese a no figurar en los primeros lugares del d\u00eda, el pedalista nacional mantiene su constancia y se ubica en la posici\u00f3n 23 de la clasificaci\u00f3n general, a 6&#8242; 24&#8221; del l\u00edder, el noruego Torstein Tr\u00e6en.<\/p>\n\n\n\n<figure class=\"wp-block-image size-large is-resized\"><a href=\"https:\/\/www.formacionsecretarial.edu.gt\/\"><img loading=\"lazy\" decoding=\"async\" width=\"768\" height=\"1024\" src=\"https:\/\/antiguaesportiva.com\/revista\/wp-content\/uploads\/2025\/07\/becas2026a@3x-768x1024.png\" alt=\"\" class=\"wp-image-8617\" style=\"width:244px;height:auto\" srcset=\"https:\/\/antiguaesportiva.com\/revista\/wp-content\/uploads\/2025\/07\/becas2026a@3x-768x1024.png 768w, https:\/\/antiguaesportiva.com\/revista\/wp-content\/uploads\/2025\/07\/becas2026a@3x-225x300.png 225w, https:\/\/antiguaesportiva.com\/revista\/wp-content\/uploads\/2025\/07\/becas2026a@3x-1152x1536.png 1152w, https:\/\/antiguaesportiva.com\/revista\/wp-content\/uploads\/2025\/07\/becas2026a@3x-554x739.png 554w, https:\/\/antiguaesportiva.com\/revista\/wp-content\/uploads\/2025\/07\/becas2026a@3x.png 1440w\" sizes=\"auto, (max-width: 768px) 100vw, 768px\" \/><\/a><\/figure>\n\n\n\n<h3 class=\"wp-block-heading\">Un l\u00edder en medio de la adversidad<\/h3>\n\n\n\n<p class=\"has-black-color has-text-color has-link-color wp-elements-e026d605e493f3825f55de36644190a6\">El Team Burgos Burpellet-BH no atraviesa su mejor momento colectivo, luego de sufrir la baja de Eric Fag\u00fandez, tercer integrante en abandonar la ronda ib\u00e9rica tras una semana marcada por problemas de salud dentro de la plantilla. Sin embargo, Chumil se erige como el estandarte del conjunto burgal\u00e9s, resistiendo las exigencias del recorrido y manteniendo intacta su ambici\u00f3n en su segunda participaci\u00f3n en una de las grandes vueltas del ciclismo mundial.<\/p>\n\n\n\n<h3 class=\"wp-block-heading\">Una etapa de transici\u00f3n<\/h3>\n\n\n\n<p class=\"has-black-color has-text-color has-link-color wp-elements-a4bee1887cdd30dec53222bb3b01d57e\">La octava jornada se caracteriz\u00f3 por un perfil favorable a los sprinters, lo que permiti\u00f3 a los favoritos al maillot rojo reservar energ\u00edas para los retos monta\u00f1osos. Para Chumil, el tramo sirvi\u00f3 para afianzar su posici\u00f3n en la clasificaci\u00f3n, demostrando regularidad y madurez competitiva, virtudes que le permiten sostenerse como la principal carta de su equipo en la Vuelta.<\/p>\n\n\n\n<h3 class=\"wp-block-heading\">El reto que se avecina<\/h3>\n\n\n\n<p class=\"has-black-color has-text-color has-link-color wp-elements-8d2a16ad64f6282a481918c2787cf89d\">Con el cierre de la primera semana de competencia, la novena etapa se presenta como un desaf\u00edo de gran exigencia. El recorrido de 195,5 kil\u00f3metros entre Alfaro y la estaci\u00f3n de esqu\u00ed de Valdezcaray acumular\u00e1 un desnivel positivo de 3.311 metros, con la exigente ascensi\u00f3n final de primera categor\u00eda. Ser\u00e1 all\u00ed donde los candidatos al t\u00edtulo intentar\u00e1n marcar diferencias.<\/p>\n\n\n\n<h3 class=\"wp-block-heading\">Un examen de resistencia<\/h3>\n\n\n\n<p class=\"has-black-color has-text-color has-link-color wp-elements-dd517acda21cfd9b3adcfdbe95a06b6d\">Para Chumil, el trazado dominical representar\u00e1 un examen clave en su resistencia y capacidad estrat\u00e9gica. Mantenerse en el grupo de favoritos ser\u00e1 vital para no perder terreno en la clasificaci\u00f3n general y seguir consolid\u00e1ndose como uno de los ciclistas m\u00e1s destacados de Guatemala en la \u00e9lite internacional.<\/p>\n\n\n\n<h3 class=\"wp-block-heading\">Guatemala sigue atenta<\/h3>\n\n\n\n<p class=\"has-black-color has-text-color has-link-color wp-elements-2201e5db8b6a7713f01e3b481e6d4593\">El desempe\u00f1o de Sergio Chumil mantiene en vilo a la afici\u00f3n guatemalteca, que celebra cada pedalazo del chimalteco en tierras europeas. M\u00e1s all\u00e1 de los resultados inmediatos, su constancia y protagonismo en la Vuelta a Espa\u00f1a 2025 reafirman el creciente lugar del ciclismo nacional en la escena mundial.<\/p>\n","protected":false},"excerpt":{"rendered":"<p>Chumil se consolida como la referencia del Burgos en la Vuelta a Espa\u00f1a. El ciclista guatemalteco Sergio Chumil complet\u00f3 este s\u00e1bado la octava etapa de la Vuelta a Espa\u00f1a 2025 con una actuaci\u00f3n s\u00f3lida, finalizando en el puesto 62 con un tiempo de 3h 43&#8242; 48&#8221;, el mismo que registr\u00f3 el ganador de la jornada, [&hellip;]<\/p>\n","protected":false},"author":5,"featured_media":9288,"comment_status":"closed","ping_status":"closed","sticky":false,"template":"","format":"standard","meta":{"footnotes":""},"categories":[38],"tags":[47,499,48,49,180,823,567,822],"class_list":["post-9391","post","type-post","status-publish","format-standard","has-post-thumbnail","hentry","category-ciclismo","tag-antigua-esportiva","tag-burgos-burpellet-bh","tag-kenny-rodas","tag-kenny-sports","tag-sergio-chumil","tag-team-burgos-bh","tag-vuelta-a-espana","tag-vuelta-a-espana-2025"],"_links":{"self":[{"href":"https:\/\/antiguaesportiva.com\/revista\/wp-json\/wp\/v2\/posts\/9391","targetHints":{"allow":["GET"]}}],"collection":[{"href":"https:\/\/antiguaesportiva.com\/revista\/wp-json\/wp\/v2\/posts"}],"about":[{"href":"https:\/\/antiguaesportiva.com\/revista\/wp-json\/wp\/v2\/types\/post"}],"author":[{"embeddable":true,"href":"https:\/\/antiguaesportiva.com\/revista\/wp-json\/wp\/v2\/users\/5"}],"replies":[{"embeddable":true,"href":"https:\/\/antiguaesportiva.com\/revista\/wp-json\/wp\/v2\/comments?post=9391"}],"version-history":[{"count":1,"href":"https:\/\/antiguaesportiva.com\/revista\/wp-json\/wp\/v2\/posts\/9391\/revisions"}],"predecessor-version":[{"id":9392,"href":"https:\/\/antiguaesportiva.com\/revista\/wp-json\/wp\/v2\/posts\/9391\/revisions\/9392"}],"wp:featuredmedia":[{"embeddable":true,"href":"https:\/\/antiguaesportiva.com\/revista\/wp-json\/wp\/v2\/media\/9288"}],"wp:attachment":[{"href":"https:\/\/antiguaesportiva.com\/revista\/wp-json\/wp\/v2\/media?parent=9391"}],"wp:term":[{"taxonomy":"category","embeddable":true,"href":"https:\/\/antiguaesportiva.com\/revista\/wp-json\/wp\/v2\/categories?post=9391"},{"taxonomy":"post_tag","embeddable":true,"href":"https:\/\/antiguaesportiva.com\/revista\/wp-json\/wp\/v2\/tags?post=9391"}],"curies":[{"name":"wp","href":"https:\/\/api.w.org\/{rel}","templated":true}]}}