{"id":9380,"date":"2025-08-29T12:19:22","date_gmt":"2025-08-29T18:19:22","guid":{"rendered":"https:\/\/antiguaesportiva.com\/revista\/?p=9380"},"modified":"2025-08-29T12:19:23","modified_gmt":"2025-08-29T18:19:23","slug":"chumil-sigue-haciendo-historia-en-la-vuelta-a-espana-2025","status":"publish","type":"post","link":"https:\/\/antiguaesportiva.com\/revista\/2025\/08\/29\/chumil-sigue-haciendo-historia-en-la-vuelta-a-espana-2025\/","title":{"rendered":"Chumil sigue haciendo historia en la Vuelta a Espa\u00f1a 2025"},"content":{"rendered":"\n<p class=\"has-black-color has-text-color has-link-color wp-elements-718ae4e412d9f688ea3af72a7944e3b5\">El ciclista guatemalteco sigue dejando huella en territorio europeo y desde este s\u00e1bado impondr\u00e1 un nuevo registro para el ciclismo nacional.<\/p>\n\n\n\n<p class=\"has-black-color has-text-color has-link-color wp-elements-32f52cc4e7f586a9d388ab7b05f420ec\">La Vuelta a Espa\u00f1a 2025 ha significado un antes y un despu\u00e9s para el deporte guatemalteco. Este viernes 29 de agosto, con la s\u00e9ptima etapa entre Vella Andorra y Cerler Huesca La Magia, Sergio Chumil cerr\u00f3 la primera semana de competencia y, con ello, igual\u00f3 y super\u00f3 la hist\u00f3rica actuaci\u00f3n de Anton Dar\u00edo Villatoro, quien en 1997 hab\u00eda llegado hasta la s\u00e9ptima fracci\u00f3n en la ronda ib\u00e9rica.<\/p>\n\n\n\n<figure class=\"wp-block-image size-large is-resized\"><a href=\"https:\/\/www.formacionsecretarial.edu.gt\/\"><img loading=\"lazy\" decoding=\"async\" width=\"768\" height=\"1024\" src=\"https:\/\/antiguaesportiva.com\/revista\/wp-content\/uploads\/2025\/07\/becas2026a@3x-768x1024.png\" alt=\"\" class=\"wp-image-8617\" style=\"width:250px;height:auto\" srcset=\"https:\/\/antiguaesportiva.com\/revista\/wp-content\/uploads\/2025\/07\/becas2026a@3x-768x1024.png 768w, https:\/\/antiguaesportiva.com\/revista\/wp-content\/uploads\/2025\/07\/becas2026a@3x-225x300.png 225w, https:\/\/antiguaesportiva.com\/revista\/wp-content\/uploads\/2025\/07\/becas2026a@3x-1152x1536.png 1152w, https:\/\/antiguaesportiva.com\/revista\/wp-content\/uploads\/2025\/07\/becas2026a@3x-554x739.png 554w, https:\/\/antiguaesportiva.com\/revista\/wp-content\/uploads\/2025\/07\/becas2026a@3x.png 1440w\" sizes=\"auto, (max-width: 768px) 100vw, 768px\" \/><\/a><\/figure>\n\n\n\n<p class=\"has-black-color has-text-color has-link-color wp-elements-a7e23cd918cd8cfa4e525bf0c5863821\">La jornada, considerada de monta\u00f1a, const\u00f3 de 188 kil\u00f3metros exigentes que pusieron a prueba la resistencia del chimalteco, integrante del Burgos Burpellet BH. Chumil cruz\u00f3 la meta con un tiempo de 04h 53&#8242; 18&#8221;, a 03&#8242; 37&#8221; del ganador del d\u00eda, el espa\u00f1ol Juan Ayuso, quien registr\u00f3 04h 49&#8242; 41&#8221; horas.<\/p>\n\n\n\n<p class=\"has-black-color has-text-color has-link-color wp-elements-4daa55ae06429145fb725f6e6b10cb65\">En cuanto a la clasificaci\u00f3n general individual, el guatemalteco mostr\u00f3 un notable ascenso. Tras finalizar la sexta etapa ocupaba la casilla 31 con un tiempo de 20h 31&#8242; 08&#8221;, a 05&#8242; 22&#8221; del l\u00edder. Sin embargo, luego de la s\u00e9ptima fracci\u00f3n escal\u00f3 hasta la posici\u00f3n 23, acumulando 25h 24&#8242; 26&#8221;, aunque la diferencia con respecto al l\u00edder aument\u00f3 a 06&#8242; 24&#8221;. El noruego Torstein Tr\u00e6en, con 25:18:02 horas, comanda la clasificaci\u00f3n.<\/p>\n\n\n\n<p class=\"has-black-color has-text-color has-link-color wp-elements-0b2ea1c0e76d1d3398439dfe423eb2aa\">Dentro del Burgos Burpellet BH, Sergio Chumil se ha convertido en el referente del equipo. De la sexteta conformada por espa\u00f1oles y un uruguayo, es el guatemalteco quien ostenta la mejor posici\u00f3n y quien mantiene al club con protagonismo en la competencia.<\/p>\n\n\n\n<p class=\"has-black-color has-text-color has-link-color wp-elements-832feffa90c5be4ddf9126b1edc6a120\">El hito de Chumil adquiere mayor relevancia al poner fin a la marca que manten\u00eda Anton Dar\u00edo Villatoro, ciclista guatemalteco-estadounidense que particip\u00f3 en dos Vueltas a Espa\u00f1a con el US Postal Service. En 1997 logr\u00f3 llegar a la s\u00e9ptima etapa, mientras que en 1998 solo pudo completar cuatro antes de abandonar.<\/p>\n\n\n\n<p class=\"has-black-color has-text-color has-link-color wp-elements-9435177e81ccbc523b240bce489fcbc9\">Con apenas su primera experiencia en la ronda ib\u00e9rica, Chumil no solo super\u00f3 la barrera de su antecesor, sino que se convierte en un referente hist\u00f3rico para Guatemala en el ciclismo de \u00e9lite mundial. Su participaci\u00f3n en la &#8216;Vuelta 2025&#8217; reafirma que el deporte &#8216;Chap\u00edn&#8217; tiene ahora un nuevo nombre inscrito en la historia de las grandes competiciones.<\/p>\n","protected":false},"excerpt":{"rendered":"<p>El ciclista guatemalteco sigue dejando huella en territorio europeo y desde este s\u00e1bado impondr\u00e1 un nuevo registro para el ciclismo nacional. La Vuelta a Espa\u00f1a 2025 ha significado un antes y un despu\u00e9s para el deporte guatemalteco. Este viernes 29 de agosto, con la s\u00e9ptima etapa entre Vella Andorra y Cerler Huesca La Magia, Sergio [&hellip;]<\/p>\n","protected":false},"author":5,"featured_media":9272,"comment_status":"closed","ping_status":"closed","sticky":false,"template":"","format":"standard","meta":{"footnotes":""},"categories":[38],"tags":[47,499,715,48,49,180,823,567,822],"class_list":["post-9380","post","type-post","status-publish","format-standard","has-post-thumbnail","hentry","category-ciclismo","tag-antigua-esportiva","tag-burgos-burpellet-bh","tag-ciclismo","tag-kenny-rodas","tag-kenny-sports","tag-sergio-chumil","tag-team-burgos-bh","tag-vuelta-a-espana","tag-vuelta-a-espana-2025"],"_links":{"self":[{"href":"https:\/\/antiguaesportiva.com\/revista\/wp-json\/wp\/v2\/posts\/9380","targetHints":{"allow":["GET"]}}],"collection":[{"href":"https:\/\/antiguaesportiva.com\/revista\/wp-json\/wp\/v2\/posts"}],"about":[{"href":"https:\/\/antiguaesportiva.com\/revista\/wp-json\/wp\/v2\/types\/post"}],"author":[{"embeddable":true,"href":"https:\/\/antiguaesportiva.com\/revista\/wp-json\/wp\/v2\/users\/5"}],"replies":[{"embeddable":true,"href":"https:\/\/antiguaesportiva.com\/revista\/wp-json\/wp\/v2\/comments?post=9380"}],"version-history":[{"count":1,"href":"https:\/\/antiguaesportiva.com\/revista\/wp-json\/wp\/v2\/posts\/9380\/revisions"}],"predecessor-version":[{"id":9381,"href":"https:\/\/antiguaesportiva.com\/revista\/wp-json\/wp\/v2\/posts\/9380\/revisions\/9381"}],"wp:featuredmedia":[{"embeddable":true,"href":"https:\/\/antiguaesportiva.com\/revista\/wp-json\/wp\/v2\/media\/9272"}],"wp:attachment":[{"href":"https:\/\/antiguaesportiva.com\/revista\/wp-json\/wp\/v2\/media?parent=9380"}],"wp:term":[{"taxonomy":"category","embeddable":true,"href":"https:\/\/antiguaesportiva.com\/revista\/wp-json\/wp\/v2\/categories?post=9380"},{"taxonomy":"post_tag","embeddable":true,"href":"https:\/\/antiguaesportiva.com\/revista\/wp-json\/wp\/v2\/tags?post=9380"}],"curies":[{"name":"wp","href":"https:\/\/api.w.org\/{rel}","templated":true}]}}