{"id":9365,"date":"2025-08-28T13:55:45","date_gmt":"2025-08-28T19:55:45","guid":{"rendered":"https:\/\/antiguaesportiva.com\/revista\/?p=9365"},"modified":"2025-08-28T13:55:46","modified_gmt":"2025-08-28T19:55:46","slug":"sergio-chumil-cautiva-a-la-prensa-mundial-en-la-vuelta-a-espana","status":"publish","type":"post","link":"https:\/\/antiguaesportiva.com\/revista\/2025\/08\/28\/sergio-chumil-cautiva-a-la-prensa-mundial-en-la-vuelta-a-espana\/","title":{"rendered":"Sergio Chumil cautiva a la prensa mundial en la Vuelta a Espa\u00f1a"},"content":{"rendered":"\n<p class=\"has-black-color has-text-color has-link-color wp-elements-39d79c3a776fcdb66fd5528461f6b70b\">&#8220;Estoy cumpliendo el sue\u00f1o de todo un pa\u00eds&#8221;, acota Sergio Chumil. <\/p>\n\n\n\n<p class=\"has-black-color has-text-color has-link-color wp-elements-85f030f21e1c26839fbd15fb49b0ac20\">La edici\u00f3n n\u00famero 80 de la Vuelta a Espa\u00f1a ha trascendido m\u00e1s all\u00e1 de sus fronteras habituales. Italia, Francia y Andorra han sido parte del recorrido de este certamen, pero es Guatemala la que hoy celebra con orgullo la presencia de uno de sus hijos en la m\u00e1xima vitrina del ciclismo internacional. Sergio Chumil, oriundo de Chimaltenango, ondea los colores azul y blanco en una de las competiciones m\u00e1s prestigiosas del planeta, y su actuaci\u00f3n ya despierta la atenci\u00f3n de gigantes medi\u00e1ticos como Eurosport y el diario espa\u00f1ol <em>as<\/em>.<\/p>\n\n\n\n<p class=\"has-black-color has-text-color has-link-color wp-elements-0c26dce64a7ae065ce62a123eb7e8886\">El corredor del Burgos Burpellet BH se ha convertido en protagonista no solo por su talento, sino tambi\u00e9n por ser parte del regreso de su equipo a la ronda ib\u00e9rica tras un a\u00f1o de ausencia, hecho que la prensa espa\u00f1ola celebra con entusiasmo. Durante esta primera semana de competencia, el diario <em>as<\/em> le dedic\u00f3 un espacio especial en su plataforma digital, destacando al guatemalteco como una de las cartas m\u00e1s prometedoras de la escuadra burgalesa.<\/p>\n\n\n\n<figure class=\"wp-block-image size-large is-resized\"><a href=\"https:\/\/www.formacionsecretarial.edu.gt\/\"><img loading=\"lazy\" decoding=\"async\" width=\"768\" height=\"1024\" src=\"https:\/\/antiguaesportiva.com\/revista\/wp-content\/uploads\/2025\/07\/becas2026a@3x-768x1024.png\" alt=\"\" class=\"wp-image-8617\" style=\"width:261px;height:auto\" srcset=\"https:\/\/antiguaesportiva.com\/revista\/wp-content\/uploads\/2025\/07\/becas2026a@3x-768x1024.png 768w, https:\/\/antiguaesportiva.com\/revista\/wp-content\/uploads\/2025\/07\/becas2026a@3x-225x300.png 225w, https:\/\/antiguaesportiva.com\/revista\/wp-content\/uploads\/2025\/07\/becas2026a@3x-1152x1536.png 1152w, https:\/\/antiguaesportiva.com\/revista\/wp-content\/uploads\/2025\/07\/becas2026a@3x-554x739.png 554w, https:\/\/antiguaesportiva.com\/revista\/wp-content\/uploads\/2025\/07\/becas2026a@3x.png 1440w\" sizes=\"auto, (max-width: 768px) 100vw, 768px\" \/><\/a><\/figure>\n\n\n\n<blockquote class=\"wp-block-quote is-layout-flow wp-block-quote-is-layout-flow\">\n<p class=\"has-black-color has-text-color has-link-color wp-elements-12a184d035c82ea9d2d57f98dc92f60a\">&#8220;Tras un a\u00f1o de ausencia, el equipo burgal\u00e9s regresa a la ronda espa\u00f1ola con Sergio Chumil como uno de sus grandes exponentes&#8221;, resalt\u00f3 el rotativo, que adem\u00e1s recogi\u00f3 las declaraciones del ciclista guatemalteco. &#8220;Estoy con muchas ganas de dar lo mejor de m\u00ed. Ser\u00e1 muy complicado, pero tambi\u00e9n estoy cumpliendo el sue\u00f1o de todo un pa\u00eds como Guatemala&#8221;, expres\u00f3 Chumil en entrevista con este medio de comunicaci\u00f3n de alcance mundial.<\/p>\n<\/blockquote>\n\n\n\n<p class=\"has-black-color has-text-color has-link-color wp-elements-a76dc6ffd6714b78412a38fdea09cc0b\">El chimalteco, consciente de la exigencia del torneo, a\u00f1adi\u00f3: <\/p>\n\n\n\n<blockquote class=\"wp-block-quote is-layout-flow wp-block-quote-is-layout-flow\">\n<p class=\"has-black-color has-text-color has-link-color wp-elements-3158f6f5aaa1c7f5a8148f70b6532b2f\">&#8220;Todos est\u00e1n conmigo en las buenas y en las malas y espero que podamos controlar esas ganas de hacerlo bien. Despu\u00e9s de que el equipo estuviese ausente el pasado a\u00f1o, tenemos que demostrar que estamos aqu\u00ed de nuevo para dar batalla. Intentar\u00e9 luchar por alguna etapa en escapadas&#8221;. Palabras que confirman la valent\u00eda de un corredor que no teme medir fuerzas con la \u00e9lite mundial.<\/p>\n<\/blockquote>\n\n\n\n<p class=\"has-black-color has-text-color has-link-color wp-elements-4febd703db799ba1e4cee783be9841d9\">El ambiente en la Vuelta, reconoci\u00f3 Chumil, es \u00fanico:<\/p>\n\n\n\n<blockquote class=\"wp-block-quote is-layout-flow wp-block-quote-is-layout-flow\">\n<p class=\"has-black-color has-text-color has-link-color wp-elements-bde1d3453879a3a0ead48f1710952832\">&#8220;Es incre\u00edble. Soy consciente de que est\u00e1n los mejores equipos del mundo, pero en las etapas de monta\u00f1a intentaremos estar presentes. Me considero un escalador&#8221;, se\u00f1al\u00f3 el &#8216;Chap\u00edn&#8217;, evidenciando su ilusi\u00f3n por marcar huella en la ruta ib\u00e9rica.<\/p>\n<\/blockquote>\n\n\n\n<p class=\"has-black-color has-text-color has-link-color wp-elements-f78ae49a070f4b7c044b489200cc0464\">El maillot morado del Burgos Burpellet BH, que ya se dej\u00f3 ver en fugas durante las etapas iniciales en Italia y Francia, vuelve a rodar con fuerza en la ronda espa\u00f1ola. No es poca cosa: desde 2018 hasta 2023, el conjunto burgal\u00e9s hab\u00eda sido habitual en la Vuelta, acumulando seis participaciones consecutivas, hasta la pausa del a\u00f1o pasado. Ahora, con el regreso del equipo y con Sergio Chumil en sus filas, Guatemala vibra con la certeza de que su nombre ya figura entre los grandes del ciclismo internacional.<\/p>\n","protected":false},"excerpt":{"rendered":"<p>&#8220;Estoy cumpliendo el sue\u00f1o de todo un pa\u00eds&#8221;, acota Sergio Chumil. La edici\u00f3n n\u00famero 80 de la Vuelta a Espa\u00f1a ha trascendido m\u00e1s all\u00e1 de sus fronteras habituales. Italia, Francia y Andorra han sido parte del recorrido de este certamen, pero es Guatemala la que hoy celebra con orgullo la presencia de uno de sus [&hellip;]<\/p>\n","protected":false},"author":5,"featured_media":9309,"comment_status":"closed","ping_status":"closed","sticky":false,"template":"","format":"standard","meta":{"footnotes":""},"categories":[38],"tags":[47,499,48,49,180,823,567,822],"class_list":["post-9365","post","type-post","status-publish","format-standard","has-post-thumbnail","hentry","category-ciclismo","tag-antigua-esportiva","tag-burgos-burpellet-bh","tag-kenny-rodas","tag-kenny-sports","tag-sergio-chumil","tag-team-burgos-bh","tag-vuelta-a-espana","tag-vuelta-a-espana-2025"],"_links":{"self":[{"href":"https:\/\/antiguaesportiva.com\/revista\/wp-json\/wp\/v2\/posts\/9365","targetHints":{"allow":["GET"]}}],"collection":[{"href":"https:\/\/antiguaesportiva.com\/revista\/wp-json\/wp\/v2\/posts"}],"about":[{"href":"https:\/\/antiguaesportiva.com\/revista\/wp-json\/wp\/v2\/types\/post"}],"author":[{"embeddable":true,"href":"https:\/\/antiguaesportiva.com\/revista\/wp-json\/wp\/v2\/users\/5"}],"replies":[{"embeddable":true,"href":"https:\/\/antiguaesportiva.com\/revista\/wp-json\/wp\/v2\/comments?post=9365"}],"version-history":[{"count":1,"href":"https:\/\/antiguaesportiva.com\/revista\/wp-json\/wp\/v2\/posts\/9365\/revisions"}],"predecessor-version":[{"id":9366,"href":"https:\/\/antiguaesportiva.com\/revista\/wp-json\/wp\/v2\/posts\/9365\/revisions\/9366"}],"wp:featuredmedia":[{"embeddable":true,"href":"https:\/\/antiguaesportiva.com\/revista\/wp-json\/wp\/v2\/media\/9309"}],"wp:attachment":[{"href":"https:\/\/antiguaesportiva.com\/revista\/wp-json\/wp\/v2\/media?parent=9365"}],"wp:term":[{"taxonomy":"category","embeddable":true,"href":"https:\/\/antiguaesportiva.com\/revista\/wp-json\/wp\/v2\/categories?post=9365"},{"taxonomy":"post_tag","embeddable":true,"href":"https:\/\/antiguaesportiva.com\/revista\/wp-json\/wp\/v2\/tags?post=9365"}],"curies":[{"name":"wp","href":"https:\/\/api.w.org\/{rel}","templated":true}]}}