{"id":9358,"date":"2025-08-28T13:02:37","date_gmt":"2025-08-28T19:02:37","guid":{"rendered":"https:\/\/antiguaesportiva.com\/revista\/?p=9358"},"modified":"2025-08-28T13:02:37","modified_gmt":"2025-08-28T19:02:37","slug":"chumil-resiste-en-las-montanas-de-andorra","status":"publish","type":"post","link":"https:\/\/antiguaesportiva.com\/revista\/2025\/08\/28\/chumil-resiste-en-las-montanas-de-andorra\/","title":{"rendered":"Chumil resiste en las monta\u00f1as de Andorra"},"content":{"rendered":"\n<p class=\"has-black-color has-text-color has-link-color wp-elements-7abf6abff94d31d50ea3146b82229ec7\">Sergio Chumil se mantiene en la \u00e9lite de La Vuelta 2025, tras exigente sexta etapa en Andorra.<\/p>\n\n\n\n<p class=\"has-black-color has-text-color has-link-color wp-elements-751c089e5d6e48618850c4434779c16c\">La \u00e9pica de Sergio Chumil contin\u00faa escribi\u00e9ndose en las carreteras europeas. El ciclista guatemalteco complet\u00f3 este jueves 28 de agosto la sexta etapa de la Vuelta a Espa\u00f1a 2025, una jornada de 170.3 kil\u00f3metros que uni\u00f3 a Olot (Girona) con Pal Arinsal, en el Principado de Andorra. Aunque el esfuerzo fue may\u00fasculo, su tiempo en la general se increment\u00f3 respecto al l\u00edder, sin embargo, la constancia y el temple del quetzalteco lo mantienen en posiciones de privilegio.<\/p>\n\n\n\n<figure class=\"wp-block-image size-large is-resized\"><a href=\"https:\/\/www.formacionsecretarial.edu.gt\/\"><img loading=\"lazy\" decoding=\"async\" width=\"768\" height=\"1024\" src=\"https:\/\/antiguaesportiva.com\/revista\/wp-content\/uploads\/2025\/07\/becas2026a@3x-768x1024.png\" alt=\"\" class=\"wp-image-8617\" style=\"width:248px;height:auto\" srcset=\"https:\/\/antiguaesportiva.com\/revista\/wp-content\/uploads\/2025\/07\/becas2026a@3x-768x1024.png 768w, https:\/\/antiguaesportiva.com\/revista\/wp-content\/uploads\/2025\/07\/becas2026a@3x-225x300.png 225w, https:\/\/antiguaesportiva.com\/revista\/wp-content\/uploads\/2025\/07\/becas2026a@3x-1152x1536.png 1152w, https:\/\/antiguaesportiva.com\/revista\/wp-content\/uploads\/2025\/07\/becas2026a@3x-554x739.png 554w, https:\/\/antiguaesportiva.com\/revista\/wp-content\/uploads\/2025\/07\/becas2026a@3x.png 1440w\" sizes=\"auto, (max-width: 768px) 100vw, 768px\" \/><\/a><\/figure>\n\n\n\n<h3 class=\"wp-block-heading\">Una etapa marcada por la dureza del terreno<\/h3>\n\n\n\n<p class=\"has-black-color has-text-color has-link-color wp-elements-51888224cf8a1f1e3a0ae321038f98af\">La salida desde Olot, en su debut como sede de la Vuelta, estuvo marcada por la ausencia de tres pedalistas que no tomaron partida por problemas de salud. Desde el arranque, la velocidad impuso un ritmo vertiginoso en la Collada de Toses y el recorrido rodador hacia Martinet. En ese punto, una fuga de diez hombres logr\u00f3 aventajar al pelot\u00f3n por m\u00e1s de cuatro minutos, mientras la lluvia comenzaba a complicar el asfalto rumbo a la meta andorrana.<\/p>\n\n\n\n<h3 class=\"wp-block-heading\">Chumil resiste entre los mejores<\/h3>\n\n\n\n<p class=\"has-black-color has-text-color has-link-color wp-elements-9686f77758d67d80aa8b637b6f02b6cc\">Con fe y determinaci\u00f3n, Chumil rod\u00f3 junto a su equipo Burgos Burpellet BH, intentando recortar los 2 minutos y 15 segundos que le separaban del entonces l\u00edder, Jonas Vingegaard. Al entrar en territorio andorrano, la carrera se endureci\u00f3 con las ascensiones a La Comella y al exigente puerto de Pal, donde el guatemalteco se mantuvo entre los treinta mejores de la etapa.<\/p>\n\n\n\n<h3 class=\"wp-block-heading\">El desenlace en Pal Arinsal<\/h3>\n\n\n\n<p class=\"has-black-color has-text-color has-link-color wp-elements-94d6cb871854e297975372a3b90536fb\">El australiano Jay Vine, del UAE Team Emirates-XRG, se adjudic\u00f3 la victoria parcial con un crono de 4:12:36 horas, tras resistir en solitario el empuje del pelot\u00f3n. El dan\u00e9s Torstein Tr\u00e6en (Bahrain Victorious) asumi\u00f3 el liderato general con 20:25:46 horas, convirti\u00e9ndose en la nueva referencia de la carrera.<\/p>\n\n\n\n<p class=\"has-black-color has-text-color has-link-color wp-elements-6ba45f1588225417fdb1bf093ca0236a\">Por su parte, Sergio Chumil cruz\u00f3 la meta en el puesto 30 con un tiempo de 4h 17&#8242; 29&#8221; horas, a 4&#8242; 53&#8221; del vencedor. En la clasificaci\u00f3n general individual, el guatemalteco figura en la casilla 31 con 20h 31&#8242; 08&#8221; horas, a 5&#8242; 22&#8221; del l\u00edder. Un registro que, pese a las adversidades, lo mantiene en una destacada posici\u00f3n dentro del pelot\u00f3n mundial.<\/p>\n\n\n\n<h3 class=\"wp-block-heading\">Una Vuelta hist\u00f3rica en su recorrido<\/h3>\n\n\n\n<p class=\"has-black-color has-text-color has-link-color wp-elements-1035d1fbcef5a3bf4f928724fdc8c4d4\">Con la llegada a Andorra, la edici\u00f3n 2025 de la Vuelta ha marcado un hito: en tan solo seis d\u00edas de competencia, ya se ha rodado por cuatro pa\u00edses, tras el arranque en Italia y el paso por Francia y Espa\u00f1a. El Principado, con su geograf\u00eda de monta\u00f1a, volvi\u00f3 a ser un escenario exigente y memorable para la ronda ib\u00e9rica.<\/p>\n\n\n\n<h3 class=\"wp-block-heading\">Lo que viene<\/h3>\n\n\n\n<p class=\"has-black-color has-text-color has-link-color wp-elements-221adcd3a04c9e1a45e8b434fa1321ff\">Este viernes 29 de agosto, la s\u00e9ptima etapa llevar\u00e1 al pelot\u00f3n de Andorra la Vella a Cerler, en Huesca, con 188 kil\u00f3metros de recorrido y un perfil monta\u00f1oso que promete nuevas batallas. En este contexto, Sergio Chumil afrontar\u00e1 otro examen de alta exigencia, en el que buscar\u00e1 seguir consolid\u00e1ndose como uno de los estandartes latinoamericanos en la gran caravana roja.<\/p>\n","protected":false},"excerpt":{"rendered":"<p>Sergio Chumil se mantiene en la \u00e9lite de La Vuelta 2025, tras exigente sexta etapa en Andorra. La \u00e9pica de Sergio Chumil contin\u00faa escribi\u00e9ndose en las carreteras europeas. El ciclista guatemalteco complet\u00f3 este jueves 28 de agosto la sexta etapa de la Vuelta a Espa\u00f1a 2025, una jornada de 170.3 kil\u00f3metros que uni\u00f3 a Olot [&hellip;]<\/p>\n","protected":false},"author":5,"featured_media":9288,"comment_status":"closed","ping_status":"closed","sticky":false,"template":"","format":"standard","meta":{"footnotes":""},"categories":[38],"tags":[47,499,461,48,49,180,823,567,822],"class_list":["post-9358","post","type-post","status-publish","format-standard","has-post-thumbnail","hentry","category-ciclismo","tag-antigua-esportiva","tag-burgos-burpellet-bh","tag-chumil","tag-kenny-rodas","tag-kenny-sports","tag-sergio-chumil","tag-team-burgos-bh","tag-vuelta-a-espana","tag-vuelta-a-espana-2025"],"_links":{"self":[{"href":"https:\/\/antiguaesportiva.com\/revista\/wp-json\/wp\/v2\/posts\/9358","targetHints":{"allow":["GET"]}}],"collection":[{"href":"https:\/\/antiguaesportiva.com\/revista\/wp-json\/wp\/v2\/posts"}],"about":[{"href":"https:\/\/antiguaesportiva.com\/revista\/wp-json\/wp\/v2\/types\/post"}],"author":[{"embeddable":true,"href":"https:\/\/antiguaesportiva.com\/revista\/wp-json\/wp\/v2\/users\/5"}],"replies":[{"embeddable":true,"href":"https:\/\/antiguaesportiva.com\/revista\/wp-json\/wp\/v2\/comments?post=9358"}],"version-history":[{"count":1,"href":"https:\/\/antiguaesportiva.com\/revista\/wp-json\/wp\/v2\/posts\/9358\/revisions"}],"predecessor-version":[{"id":9359,"href":"https:\/\/antiguaesportiva.com\/revista\/wp-json\/wp\/v2\/posts\/9358\/revisions\/9359"}],"wp:featuredmedia":[{"embeddable":true,"href":"https:\/\/antiguaesportiva.com\/revista\/wp-json\/wp\/v2\/media\/9288"}],"wp:attachment":[{"href":"https:\/\/antiguaesportiva.com\/revista\/wp-json\/wp\/v2\/media?parent=9358"}],"wp:term":[{"taxonomy":"category","embeddable":true,"href":"https:\/\/antiguaesportiva.com\/revista\/wp-json\/wp\/v2\/categories?post=9358"},{"taxonomy":"post_tag","embeddable":true,"href":"https:\/\/antiguaesportiva.com\/revista\/wp-json\/wp\/v2\/tags?post=9358"}],"curies":[{"name":"wp","href":"https:\/\/api.w.org\/{rel}","templated":true}]}}