{"id":9337,"date":"2025-08-27T15:26:28","date_gmt":"2025-08-27T21:26:28","guid":{"rendered":"https:\/\/antiguaesportiva.com\/revista\/?p=9337"},"modified":"2025-08-27T15:26:29","modified_gmt":"2025-08-27T21:26:29","slug":"valdes-medina-orgullo-de-santa-ana-antigua-guatemala-que-destaca-en-rumania","status":"publish","type":"post","link":"https:\/\/antiguaesportiva.com\/revista\/2025\/08\/27\/valdes-medina-orgullo-de-santa-ana-antigua-guatemala-que-destaca-en-rumania\/","title":{"rendered":"Vald\u00e9s Medina, orgullo de Santa Ana, Antigua Guatemala, que destaca en Rumania"},"content":{"rendered":"\n<p class=\"has-black-color has-text-color has-link-color wp-elements-e90dcf20e192310d0d201f127c09edb0\">Mariandre Vald\u00e9s Medina pone en alto el nombre de Guatemala en la nataci\u00f3n mundial.<\/p>\n\n\n\n<p class=\"has-black-color has-text-color has-link-color wp-elements-2cc2d5ae2936b5f052b4ac0bacc62803\">Antigua Guatemala vuelve a brillar en el mapa deportivo internacional gracias a la haza\u00f1a de una de sus hijas predilectas. Mariandre Vald\u00e9s Medina, residente de la Aldea Santa Ana, conquist\u00f3 los reflectores en el World Aquatics Junior Swimming Championship Rumania 2025, donde se erigi\u00f3 como la m\u00e1s veloz en los 100 metros mariposa, un logro que enaltece al deporte guatemalteco.<\/p>\n\n\n\n<p class=\"has-black-color has-text-color has-link-color wp-elements-14814e522211902bfca1d5ed8135a297\">Con brazadas firmes y un temple inquebrantable, Vald\u00e9s Medina dej\u00f3 huella en una de las pruebas m\u00e1s exigentes de la nataci\u00f3n mundial, mostrando no solo talento y disciplina, sino tambi\u00e9n la pasi\u00f3n de quien compite con la bandera azul y blanco en lo m\u00e1s alto. Su triunfo simboliza el esfuerzo de a\u00f1os de preparaci\u00f3n y la convicci\u00f3n de que Guatemala puede competir de t\u00fa a t\u00fa con las grandes potencias acu\u00e1ticas.<\/p>\n\n\n\n<figure class=\"wp-block-image size-large is-resized\"><a href=\"https:\/\/www.formacionsecretarial.edu.gt\/\"><img loading=\"lazy\" decoding=\"async\" width=\"768\" height=\"1024\" src=\"https:\/\/antiguaesportiva.com\/revista\/wp-content\/uploads\/2025\/07\/becas2026a@3x-768x1024.png\" alt=\"\" class=\"wp-image-8617\" style=\"width:246px;height:auto\" srcset=\"https:\/\/antiguaesportiva.com\/revista\/wp-content\/uploads\/2025\/07\/becas2026a@3x-768x1024.png 768w, https:\/\/antiguaesportiva.com\/revista\/wp-content\/uploads\/2025\/07\/becas2026a@3x-225x300.png 225w, https:\/\/antiguaesportiva.com\/revista\/wp-content\/uploads\/2025\/07\/becas2026a@3x-1152x1536.png 1152w, https:\/\/antiguaesportiva.com\/revista\/wp-content\/uploads\/2025\/07\/becas2026a@3x-554x739.png 554w, https:\/\/antiguaesportiva.com\/revista\/wp-content\/uploads\/2025\/07\/becas2026a@3x.png 1440w\" sizes=\"auto, (max-width: 768px) 100vw, 768px\" \/><\/a><\/figure>\n\n\n\n<h2 class=\"wp-block-heading\">Vecina distinguida de Santa Ana<\/h2>\n\n\n\n<p class=\"has-black-color has-text-color has-link-color wp-elements-a11e7e718fe676882db559cc16073785\">No es la primera vez que la comunidad reconoce su grandeza. En 2024 fue declarada Homenajeada y Vecina Distinguida de Santa Ana, un t\u00edtulo que hoy cobra a\u00fan m\u00e1s fuerza al confirmarse que aquella promesa local se ha transformado en una atleta de renombre internacional.<\/p>\n\n\n\n<p class=\"has-black-color has-text-color has-link-color wp-elements-42d631b4f52faa86234f525bc697116c\">Este nuevo cap\u00edtulo en la carrera de Mariandre no solo es un motivo de orgullo para su familia y su aldea natal, sino tambi\u00e9n una inspiraci\u00f3n para miles de j\u00f3venes guatemaltecos que sue\u00f1an con trascender fronteras a trav\u00e9s del deporte. La constancia, el trabajo duro y la fe en s\u00ed misma han convertido a esta joven nadadora en un s\u00edmbolo de superaci\u00f3n y esperanza.<\/p>\n\n\n\n<p class=\"has-black-color has-text-color has-link-color wp-elements-d8984fe990378e768bcae52a06424e45\">La proeza en Rumania es un recordatorio de que los grandes logros nacen en peque\u00f1as comunidades y que el esp\u00edritu de una naci\u00f3n puede latir con fuerza en cada victoria individual. Mariandre Vald\u00e9s Medina ya es parte de la historia del deporte guatemalteco, y su nombre seguir\u00e1 resonando en las aguas del mundo como sin\u00f3nimo de talento y orgullo nacional.<\/p>\n","protected":false},"excerpt":{"rendered":"<p>Mariandre Vald\u00e9s Medina pone en alto el nombre de Guatemala en la nataci\u00f3n mundial. Antigua Guatemala vuelve a brillar en el mapa deportivo internacional gracias a la haza\u00f1a de una de sus hijas predilectas. Mariandre Vald\u00e9s Medina, residente de la Aldea Santa Ana, conquist\u00f3 los reflectores en el World Aquatics Junior Swimming Championship Rumania 2025, [&hellip;]<\/p>\n","protected":false},"author":5,"featured_media":9338,"comment_status":"closed","ping_status":"closed","sticky":false,"template":"","format":"standard","meta":{"footnotes":""},"categories":[40],"tags":[47,48,49,832,833,834],"class_list":["post-9337","post","type-post","status-publish","format-standard","has-post-thumbnail","hentry","category-deporte-internacional","tag-antigua-esportiva","tag-kenny-rodas","tag-kenny-sports","tag-mariandre-valdes-medina","tag-natacion","tag-world-aquatics-junior-swimming-championship-rumania-2025"],"_links":{"self":[{"href":"https:\/\/antiguaesportiva.com\/revista\/wp-json\/wp\/v2\/posts\/9337","targetHints":{"allow":["GET"]}}],"collection":[{"href":"https:\/\/antiguaesportiva.com\/revista\/wp-json\/wp\/v2\/posts"}],"about":[{"href":"https:\/\/antiguaesportiva.com\/revista\/wp-json\/wp\/v2\/types\/post"}],"author":[{"embeddable":true,"href":"https:\/\/antiguaesportiva.com\/revista\/wp-json\/wp\/v2\/users\/5"}],"replies":[{"embeddable":true,"href":"https:\/\/antiguaesportiva.com\/revista\/wp-json\/wp\/v2\/comments?post=9337"}],"version-history":[{"count":1,"href":"https:\/\/antiguaesportiva.com\/revista\/wp-json\/wp\/v2\/posts\/9337\/revisions"}],"predecessor-version":[{"id":9339,"href":"https:\/\/antiguaesportiva.com\/revista\/wp-json\/wp\/v2\/posts\/9337\/revisions\/9339"}],"wp:featuredmedia":[{"embeddable":true,"href":"https:\/\/antiguaesportiva.com\/revista\/wp-json\/wp\/v2\/media\/9338"}],"wp:attachment":[{"href":"https:\/\/antiguaesportiva.com\/revista\/wp-json\/wp\/v2\/media?parent=9337"}],"wp:term":[{"taxonomy":"category","embeddable":true,"href":"https:\/\/antiguaesportiva.com\/revista\/wp-json\/wp\/v2\/categories?post=9337"},{"taxonomy":"post_tag","embeddable":true,"href":"https:\/\/antiguaesportiva.com\/revista\/wp-json\/wp\/v2\/tags?post=9337"}],"curies":[{"name":"wp","href":"https:\/\/api.w.org\/{rel}","templated":true}]}}