{"id":9305,"date":"2025-08-26T10:41:43","date_gmt":"2025-08-26T16:41:43","guid":{"rendered":"https:\/\/antiguaesportiva.com\/revista\/?p=9305"},"modified":"2025-08-26T10:41:44","modified_gmt":"2025-08-26T16:41:44","slug":"lopez-se-sincera-cuando-dije-si-a-guatemala-varias-cosas-cambiaron","status":"publish","type":"post","link":"https:\/\/antiguaesportiva.com\/revista\/2025\/08\/26\/lopez-se-sincera-cuando-dije-si-a-guatemala-varias-cosas-cambiaron\/","title":{"rendered":"L\u00f3pez se sincera: &#8220;Cuando dije s\u00ed a Guatemala varias cosas cambiaron&#8221;."},"content":{"rendered":"\n<p class=\"has-black-color has-text-color has-link-color wp-elements-f96bde230cd8776f14a19e7ad5c94ae7\">Antonio L\u00f3pez revela las dificultades tras elegir a Guatemala. <\/p>\n\n\n\n<p class=\"has-black-color has-text-color has-link-color wp-elements-ccd4be49a36eff73ebb1a85780ee7031\">El mediocampista Antonio De Jes\u00fas L\u00f3pez, actualmente jugador de Xelaj\u00fa MC, abri\u00f3 su coraz\u00f3n y comparti\u00f3 los momentos m\u00e1s complicados que vivi\u00f3 tras aceptar vestir la camiseta de la Selecci\u00f3n Nacional de Guatemala. Aunque hoy se le recuerda como un referente chap\u00edn en la Liga Nacional, su historia comenz\u00f3 en M\u00e9xico, donde surgi\u00f3 de la cantera del Am\u00e9rica y parec\u00eda destinado a consolidarse en uno de los clubes m\u00e1s grandes de la regi\u00f3n.<\/p>\n\n\n\n<figure class=\"wp-block-image size-large is-resized\"><a href=\"https:\/\/www.formacionsecretarial.edu.gt\/\"><img loading=\"lazy\" decoding=\"async\" width=\"768\" height=\"1024\" src=\"https:\/\/antiguaesportiva.com\/revista\/wp-content\/uploads\/2025\/07\/becas2026a@3x-768x1024.png\" alt=\"\" class=\"wp-image-8617\" style=\"width:250px;height:auto\" srcset=\"https:\/\/antiguaesportiva.com\/revista\/wp-content\/uploads\/2025\/07\/becas2026a@3x-768x1024.png 768w, https:\/\/antiguaesportiva.com\/revista\/wp-content\/uploads\/2025\/07\/becas2026a@3x-225x300.png 225w, https:\/\/antiguaesportiva.com\/revista\/wp-content\/uploads\/2025\/07\/becas2026a@3x-1152x1536.png 1152w, https:\/\/antiguaesportiva.com\/revista\/wp-content\/uploads\/2025\/07\/becas2026a@3x-554x739.png 554w, https:\/\/antiguaesportiva.com\/revista\/wp-content\/uploads\/2025\/07\/becas2026a@3x.png 1440w\" sizes=\"auto, (max-width: 768px) 100vw, 768px\" \/><\/a><\/figure>\n\n\n\n<h2 class=\"wp-block-heading\">Reacciones<\/h2>\n\n\n\n<p class=\"has-black-color has-text-color has-link-color wp-elements-7a8f01cd55b1d27a72d65cad236c5aef\">El propio L\u00f3pez confes\u00f3 que su decisi\u00f3n de representar a la azul y blanco no estuvo exenta de consecuencias. <\/p>\n\n\n\n<blockquote class=\"wp-block-quote is-layout-flow wp-block-quote-is-layout-flow\">\n<p class=\"has-black-color has-text-color has-link-color wp-elements-e44764cbdbb5500e074be6a29d71e0a0\">&#8220;Yo ya hab\u00eda dicho que s\u00ed a Guatemala, pero en M\u00e9xico me di cuenta de que cuando dije s\u00ed a Guatemala varias cosas cambiaron, no con el Piojo Herrera o Santiago Solari, sino que administrativamente&#8221;, declar\u00f3 en el podcast Mi Xelaj\u00fa Fan.<\/p>\n<\/blockquote>\n\n\n\n<p class=\"has-black-color has-text-color has-link-color wp-elements-14758596f806d2ba833b9971d26a2362\">El volante explic\u00f3 que, m\u00e1s all\u00e1 de lo deportivo, hubo presiones externas que marcaron su trayectoria. La prensa mexicana cuestionaba su lugar en las \u00c1guilas una vez que adopt\u00f3 la nacionalidad guatemalteca. <\/p>\n\n\n\n<blockquote class=\"wp-block-quote is-layout-flow wp-block-quote-is-layout-flow\">\n<p class=\"has-black-color has-text-color has-link-color wp-elements-acf7424b8b5793a72f13250659c30b01\">&#8220;La prensa tambi\u00e9n dec\u00eda: &#8216;\u00bfC\u00f3mo un guatemalteco jugaba en Am\u00e9rica?&#8217;. A m\u00ed no me importaba porque hac\u00eda mi trabajo, hac\u00eda lo que amo&#8221;, a\u00f1adi\u00f3 con sinceridad.<\/p>\n<\/blockquote>\n\n\n\n<p class=\"has-black-color has-text-color has-link-color wp-elements-00fd58c29eda179f43baaf2f7f70b557\">Tras su paso por Am\u00e9rica y Necaxa, L\u00f3pez sorprendi\u00f3 al dar el salto hacia Guatemala, donde defendi\u00f3 primero los colores de Municipal, luego de Comunicaciones y actualmente de Xelaj\u00fa. Un recorrido que refleja tanto la resiliencia como la adaptaci\u00f3n de un jugador que busc\u00f3 reinventarse en un entorno distinto.<\/p>\n\n\n\n<p class=\"has-black-color has-text-color has-link-color wp-elements-4a1773dcb85482ae2626d0de4e9a1e60\">Su debut con la Selecci\u00f3n Nacional lleg\u00f3 en octubre de 2020, durante la gesti\u00f3n de Amarini Villatoro. Posteriormente, bajo la direcci\u00f3n de Luis Fernando Tena, tuvo participaci\u00f3n regular, aunque en el \u00faltimo a\u00f1o y medio ha quedado marginado de las convocatorias. En total, suma 26 apariciones con la bicolor, siendo su \u00faltimo partido el 14 de enero de 2024, en un amistoso frente a Islandia.<\/p>\n\n\n\n<p class=\"has-black-color has-text-color has-link-color wp-elements-b37206f8eda54c297635cffe4a68d669\">A sus 27 a\u00f1os, &#8216;Chucho&#8217; L\u00f3pez representa un caso singular: un futbolista formado en la \u00e9lite mexicana que eligi\u00f3 defender los colores de Guatemala, pagando un precio que no solo se reflej\u00f3 en su carrera profesional, sino tambi\u00e9n en el peso de la opini\u00f3n p\u00fablica. Hoy, desde Quetzaltenango, contin\u00faa su andar futbol\u00edstico, con la esperanza de recuperar protagonismo en el escenario internacional.<\/p>\n","protected":false},"excerpt":{"rendered":"<p>Antonio L\u00f3pez revela las dificultades tras elegir a Guatemala. El mediocampista Antonio De Jes\u00fas L\u00f3pez, actualmente jugador de Xelaj\u00fa MC, abri\u00f3 su coraz\u00f3n y comparti\u00f3 los momentos m\u00e1s complicados que vivi\u00f3 tras aceptar vestir la camiseta de la Selecci\u00f3n Nacional de Guatemala. Aunque hoy se le recuerda como un referente chap\u00edn en la Liga Nacional, [&hellip;]<\/p>\n","protected":false},"author":5,"featured_media":9306,"comment_status":"closed","ping_status":"closed","sticky":false,"template":"","format":"standard","meta":{"footnotes":""},"categories":[35],"tags":[47,291,626,48,49,455,498],"class_list":["post-9305","post","type-post","status-publish","format-standard","has-post-thumbnail","hentry","category-seleccion-nacional","tag-antigua-esportiva","tag-guatemala","tag-jesus-lopez","tag-kenny-rodas","tag-kenny-sports","tag-seleccion-de-guatemala","tag-seleccion-nacional-de-futbol-de-guatemala"],"_links":{"self":[{"href":"https:\/\/antiguaesportiva.com\/revista\/wp-json\/wp\/v2\/posts\/9305","targetHints":{"allow":["GET"]}}],"collection":[{"href":"https:\/\/antiguaesportiva.com\/revista\/wp-json\/wp\/v2\/posts"}],"about":[{"href":"https:\/\/antiguaesportiva.com\/revista\/wp-json\/wp\/v2\/types\/post"}],"author":[{"embeddable":true,"href":"https:\/\/antiguaesportiva.com\/revista\/wp-json\/wp\/v2\/users\/5"}],"replies":[{"embeddable":true,"href":"https:\/\/antiguaesportiva.com\/revista\/wp-json\/wp\/v2\/comments?post=9305"}],"version-history":[{"count":1,"href":"https:\/\/antiguaesportiva.com\/revista\/wp-json\/wp\/v2\/posts\/9305\/revisions"}],"predecessor-version":[{"id":9307,"href":"https:\/\/antiguaesportiva.com\/revista\/wp-json\/wp\/v2\/posts\/9305\/revisions\/9307"}],"wp:featuredmedia":[{"embeddable":true,"href":"https:\/\/antiguaesportiva.com\/revista\/wp-json\/wp\/v2\/media\/9306"}],"wp:attachment":[{"href":"https:\/\/antiguaesportiva.com\/revista\/wp-json\/wp\/v2\/media?parent=9305"}],"wp:term":[{"taxonomy":"category","embeddable":true,"href":"https:\/\/antiguaesportiva.com\/revista\/wp-json\/wp\/v2\/categories?post=9305"},{"taxonomy":"post_tag","embeddable":true,"href":"https:\/\/antiguaesportiva.com\/revista\/wp-json\/wp\/v2\/tags?post=9305"}],"curies":[{"name":"wp","href":"https:\/\/api.w.org\/{rel}","templated":true}]}}