{"id":9216,"date":"2025-08-21T10:36:14","date_gmt":"2025-08-21T16:36:14","guid":{"rendered":"https:\/\/antiguaesportiva.com\/revista\/?p=9216"},"modified":"2025-08-21T10:36:51","modified_gmt":"2025-08-21T16:36:51","slug":"chumil-todo-listo-para-arrancar-la-vuelta-a-espana","status":"publish","type":"post","link":"https:\/\/antiguaesportiva.com\/revista\/2025\/08\/21\/chumil-todo-listo-para-arrancar-la-vuelta-a-espana\/","title":{"rendered":"Chumil, todo listo para arrancar la Vuelta a Espa\u00f1a"},"content":{"rendered":"\n<p class=\"has-black-color has-text-color has-link-color wp-elements-5bcc0967c0087879f450c39583fcb2a8\">Ser\u00e1 un momento hist\u00f3rico para el deporte guatemalteco. Por segunda vez en la historia, un &#8216;Chap\u00edn&#8217; correr\u00e1 la Vuelta a Espa\u00f1a. <\/p>\n\n\n\n<p class=\"has-black-color has-text-color has-link-color wp-elements-5b14f28c16ffdea4be2939eaaa744de2\">El ciclismo guatemalteco est\u00e1 a punto de escribir una p\u00e1gina dorada en su historia con la participaci\u00f3n de Sergio Chumil en la Vuelta a Espa\u00f1a 2025. El corredor de 24 a\u00f1os, integrante del Team Burgos BH, ya vive la emoci\u00f3n de sus primeras horas previas a la competencia y lo comparte con entusiasmo en sus redes sociales, donde public\u00f3 im\u00e1genes de su preparaci\u00f3n en Tur\u00edn, ciudad que albergar\u00e1 la salida oficial de la ronda ib\u00e9rica.<\/p>\n\n\n\n<p class=\"has-black-color has-text-color has-link-color wp-elements-0cbd713b2078cb25782c2dc075b624fc\">&#8220;Un d\u00eda menos&#8230;&#8221;, escribi\u00f3 Chumil en un mensaje que refleja la mezcla de ilusi\u00f3n y ansiedad que despierta enfrentar uno de los desaf\u00edos m\u00e1s exigentes del ciclismo mundial. La Vuelta a Espa\u00f1a, considerada junto al Giro de Italia y el Tour de Francia como una de las tres grandes del calendario internacional, se disputar\u00e1 del 23 de agosto al 14 de septiembre, con un recorrido que pondr\u00e1 a prueba la resistencia de los mejores pedalistas del planeta.<\/p>\n\n\n\n<figure class=\"wp-block-image size-large is-resized\"><a href=\"https:\/\/www.formacionsecretarial.edu.gt\/\"><img loading=\"lazy\" decoding=\"async\" width=\"768\" height=\"1024\" src=\"https:\/\/antiguaesportiva.com\/revista\/wp-content\/uploads\/2025\/07\/becas2026a@3x-768x1024.png\" alt=\"\" class=\"wp-image-8617\" style=\"width:288px;height:auto\" srcset=\"https:\/\/antiguaesportiva.com\/revista\/wp-content\/uploads\/2025\/07\/becas2026a@3x-768x1024.png 768w, https:\/\/antiguaesportiva.com\/revista\/wp-content\/uploads\/2025\/07\/becas2026a@3x-225x300.png 225w, https:\/\/antiguaesportiva.com\/revista\/wp-content\/uploads\/2025\/07\/becas2026a@3x-1152x1536.png 1152w, https:\/\/antiguaesportiva.com\/revista\/wp-content\/uploads\/2025\/07\/becas2026a@3x-554x739.png 554w, https:\/\/antiguaesportiva.com\/revista\/wp-content\/uploads\/2025\/07\/becas2026a@3x.png 1440w\" sizes=\"auto, (max-width: 768px) 100vw, 768px\" \/><\/a><\/figure>\n\n\n\n<h3 class=\"wp-block-heading\">Un logro hist\u00f3rico para Guatemala<\/h3>\n\n\n\n<p class=\"has-black-color has-text-color has-link-color wp-elements-aeed30fd6565c50079b1584ecdad4424\">La confirmaci\u00f3n de su participaci\u00f3n, anunciada el pasado lunes por el Burgos BH, convierte a Chumil en el segundo guatemalteco en disputar la Vuelta a Espa\u00f1a, despu\u00e9s de Ant\u00f3n Dar\u00edo Villatoro, quien lo hizo en 1997 y 1998, aunque sin poder finalizar la prueba. Este antecedente a\u00f1ade un reto especial para el joven oriundo de Tecp\u00e1n, Chimaltenango, decidido a dejar huella y culminar con \u00e9xito las exigentes etapas del evento.<\/p>\n\n\n\n<h3 class=\"wp-block-heading\">Orgullo y responsabilidad<\/h3>\n\n\n\n<p class=\"has-black-color has-text-color has-link-color wp-elements-6a10672060b9cb3800e10e5fd1ea8b1d\">M\u00e1s all\u00e1 de lo personal, su presencia en esta competencia representa un orgullo nacional para Guatemala, un pa\u00eds con escasa representaci\u00f3n en las grandes vueltas. La expectativa es alta: cada pedalada de Chumil ser\u00e1 seguida con atenci\u00f3n, no solo por la afici\u00f3n &#8216;Chapina&#8217;, sino por todos aquellos que sue\u00f1an con ver a m\u00e1s ciclistas centroamericanos abrirse paso en la \u00e9lite del deporte mundial.<\/p>\n\n\n\n<h3 class=\"wp-block-heading\">El desaf\u00edo que viene<\/h3>\n\n\n\n<p class=\"has-black-color has-text-color has-link-color wp-elements-d976ea488d43cfd418b2e5a733aca9d7\">La Vuelta a Espa\u00f1a 2025 pondr\u00e1 a prueba el temple, la disciplina y la preparaci\u00f3n de Chumil, quien ya ha demostrado car\u00e1cter y dedicaci\u00f3n en su corta pero prometedora carrera. Su objetivo es claro: completar la ronda espa\u00f1ola y, con ello, escribir un cap\u00edtulo imborrable en la memoria del deporte guatemalteco.<\/p>\n\n\n\n<p class=\"has-black-color has-text-color has-link-color wp-elements-a1fcf7b71e868f89c761db803dc5123d\">El reto ya est\u00e1 en marcha. Y Guatemala entera espera que el nombre de Sergio Chumil se convierta en sin\u00f3nimo de perseverancia, orgullo y trascendencia.<\/p>\n","protected":false},"excerpt":{"rendered":"<p>Ser\u00e1 un momento hist\u00f3rico para el deporte guatemalteco. Por segunda vez en la historia, un &#8216;Chap\u00edn&#8217; correr\u00e1 la Vuelta a Espa\u00f1a. El ciclismo guatemalteco est\u00e1 a punto de escribir una p\u00e1gina dorada en su historia con la participaci\u00f3n de Sergio Chumil en la Vuelta a Espa\u00f1a 2025. El corredor de 24 a\u00f1os, integrante del Team [&hellip;]<\/p>\n","protected":false},"author":5,"featured_media":9217,"comment_status":"closed","ping_status":"closed","sticky":false,"template":"","format":"standard","meta":{"footnotes":""},"categories":[38],"tags":[47,461,48,49,180,823,567,822],"class_list":["post-9216","post","type-post","status-publish","format-standard","has-post-thumbnail","hentry","category-ciclismo","tag-antigua-esportiva","tag-chumil","tag-kenny-rodas","tag-kenny-sports","tag-sergio-chumil","tag-team-burgos-bh","tag-vuelta-a-espana","tag-vuelta-a-espana-2025"],"_links":{"self":[{"href":"https:\/\/antiguaesportiva.com\/revista\/wp-json\/wp\/v2\/posts\/9216","targetHints":{"allow":["GET"]}}],"collection":[{"href":"https:\/\/antiguaesportiva.com\/revista\/wp-json\/wp\/v2\/posts"}],"about":[{"href":"https:\/\/antiguaesportiva.com\/revista\/wp-json\/wp\/v2\/types\/post"}],"author":[{"embeddable":true,"href":"https:\/\/antiguaesportiva.com\/revista\/wp-json\/wp\/v2\/users\/5"}],"replies":[{"embeddable":true,"href":"https:\/\/antiguaesportiva.com\/revista\/wp-json\/wp\/v2\/comments?post=9216"}],"version-history":[{"count":2,"href":"https:\/\/antiguaesportiva.com\/revista\/wp-json\/wp\/v2\/posts\/9216\/revisions"}],"predecessor-version":[{"id":9219,"href":"https:\/\/antiguaesportiva.com\/revista\/wp-json\/wp\/v2\/posts\/9216\/revisions\/9219"}],"wp:featuredmedia":[{"embeddable":true,"href":"https:\/\/antiguaesportiva.com\/revista\/wp-json\/wp\/v2\/media\/9217"}],"wp:attachment":[{"href":"https:\/\/antiguaesportiva.com\/revista\/wp-json\/wp\/v2\/media?parent=9216"}],"wp:term":[{"taxonomy":"category","embeddable":true,"href":"https:\/\/antiguaesportiva.com\/revista\/wp-json\/wp\/v2\/categories?post=9216"},{"taxonomy":"post_tag","embeddable":true,"href":"https:\/\/antiguaesportiva.com\/revista\/wp-json\/wp\/v2\/tags?post=9216"}],"curies":[{"name":"wp","href":"https:\/\/api.w.org\/{rel}","templated":true}]}}