{"id":9180,"date":"2025-08-18T14:25:01","date_gmt":"2025-08-18T20:25:01","guid":{"rendered":"https:\/\/antiguaesportiva.com\/revista\/?p=9180"},"modified":"2025-08-18T14:25:02","modified_gmt":"2025-08-18T20:25:02","slug":"moran-fuera-de-los-planes-de-tena-para-la-eliminatoria","status":"publish","type":"post","link":"https:\/\/antiguaesportiva.com\/revista\/2025\/08\/18\/moran-fuera-de-los-planes-de-tena-para-la-eliminatoria\/","title":{"rendered":"Mor\u00e1n, fuera de los planes de Tena para la Eliminatoria"},"content":{"rendered":"\n<p class=\"has-black-color has-text-color has-link-color wp-elements-6855a69aa856d1b61775dcf3205d261b\">Selecci\u00f3n Nacional inicia microciclo con novedades y ausencias llamativas. <\/p>\n\n\n\n<p class=\"has-black-color has-text-color has-link-color wp-elements-8fcea162ef9a81973f0fc980d0acb1f3\">La Selecci\u00f3n de Guatemala comenz\u00f3 una nueva etapa de preparaci\u00f3n rumbo a la Eliminatoria Mundialista de CONCACAF, con un listado de 18 jugadores de la Liga Nacional que fueron convocados por el t\u00e9cnico Luis Fernando Tena. Este grupo servir\u00e1 como la base de trabajo previo a los duelos clasificatorios que arrancar\u00e1n en la Fecha FIFA de septiembre.<\/p>\n\n\n\n<p class=\"has-black-color has-text-color has-link-color wp-elements-48eee91aee34258ce12277aa8d920852\">El llamado incluye varias novedades con respecto a la \u00faltima participaci\u00f3n del combinado &#8216;Chap\u00edn&#8217; en la Copa Oro 2025. Como es habitual, en esta ocasi\u00f3n tampoco aparecen los legionarios, quienes se unir\u00e1n al plantel hasta el pr\u00f3ximo 1 de septiembre.<\/p>\n\n\n\n<figure class=\"wp-block-image size-large is-resized\"><a href=\"https:\/\/www.formacionsecretarial.edu.gt\/\"><img loading=\"lazy\" decoding=\"async\" width=\"768\" height=\"1024\" src=\"https:\/\/antiguaesportiva.com\/revista\/wp-content\/uploads\/2025\/07\/becas2026a@3x-768x1024.png\" alt=\"\" class=\"wp-image-8617\" style=\"width:294px;height:auto\" srcset=\"https:\/\/antiguaesportiva.com\/revista\/wp-content\/uploads\/2025\/07\/becas2026a@3x-768x1024.png 768w, https:\/\/antiguaesportiva.com\/revista\/wp-content\/uploads\/2025\/07\/becas2026a@3x-225x300.png 225w, https:\/\/antiguaesportiva.com\/revista\/wp-content\/uploads\/2025\/07\/becas2026a@3x-1152x1536.png 1152w, https:\/\/antiguaesportiva.com\/revista\/wp-content\/uploads\/2025\/07\/becas2026a@3x-554x739.png 554w, https:\/\/antiguaesportiva.com\/revista\/wp-content\/uploads\/2025\/07\/becas2026a@3x.png 1440w\" sizes=\"auto, (max-width: 768px) 100vw, 768px\" \/><\/a><\/figure>\n\n\n\n<h3 class=\"wp-block-heading\">Ausencias destacadas<\/h3>\n\n\n\n<p class=\"has-black-color has-text-color has-link-color wp-elements-55715643a25e25b1b8b8ee58ce726737\">La baja que m\u00e1s sorprende es la del guardameta Luis Mor\u00e1n, de Antigua GFC, quien hab\u00eda sido considerado en procesos anteriores. Tena se inclin\u00f3 en su lugar por Fredy P\u00e9rez, ya recuperado de una lesi\u00f3n.<\/p>\n\n\n\n<p class=\"has-black-color has-text-color has-link-color wp-elements-766af610fd4fb0c06662495dc9bf2aa2\">Otro ausente inesperado es Elmer William Cardoza, un jugador que ven\u00eda siendo constante en las convocatorias de la Azul y Blanco. Asimismo, Marco Dom\u00ednguez qued\u00f3 fuera, aunque su plaza fue ocupada por Rodrigo Saravia, de gran desempe\u00f1o tanto en la Copa Oro como en su club Municipal.<\/p>\n\n\n\n<p class=\"has-black-color has-text-color has-link-color wp-elements-30a0b52b8da49fac2521d0e8c1926311\">De igual forma, los nombres de Jorge Aparicio y Antonio de Jes\u00fas L\u00f3pez vuelven a quedar fuera de la lista, pese al buen momento que atraviesan con Xelaj\u00fa y al clamor de los aficionados por verlos en el combinado nacional.<\/p>\n\n\n\n<h3 class=\"wp-block-heading\">Los convocados<\/h3>\n\n\n\n<ul class=\"wp-block-list\">\n<li class=\"has-black-color has-text-color has-link-color wp-elements-b73677b98375ff7968ef75a945c60798\"><strong>Antigua GFC<\/strong>: Jos\u00e9 Ard\u00f3n, Jos\u00e9 Mario Rosales, \u00d3scar Santis y \u00d3scar Castellanos.<\/li>\n\n\n\n<li class=\"has-black-color has-text-color has-link-color wp-elements-8398b66ccf766e8e9ffec058dff45168\"><strong>Municipal<\/strong>: Carlos Aguilar, Jonathan Franco, Jos\u00e9 Morales, Kenderson Navarro, Nicol\u00e1s Samayoa, Pedro Alt\u00e1n, Rudy Mu\u00f1oz y Rodrigo Saravia.<\/li>\n\n\n\n<li class=\"has-black-color has-text-color has-link-color wp-elements-d61850f719158b42714c16d77229c068\"><strong>Comunicaciones<\/strong>: Erick Lemus, Darwin Lom, Fredy P\u00e9rez, Jos\u00e9 Carlos Pinto y Stheven Robles.<\/li>\n\n\n\n<li class=\"has-black-color has-text-color has-link-color wp-elements-cf3e8f6c25c576c22de62da7ddb5e051\"><strong>Malacateco<\/strong>: Kevin Ram\u00edrez.<\/li>\n<\/ul>\n\n\n\n<h3 class=\"wp-block-heading\">Camino a la Eliminatoria<\/h3>\n\n\n\n<p class=\"has-black-color has-text-color has-link-color wp-elements-5cb34f8899404fb643970af879725939\">Con este listado, Tena apuesta por una mezcla de experiencia y juventud, manteniendo la base de los clubes capitalinos y reforzando posiciones claves en defensa y mediocampo. El microciclo se desarrollar\u00e1 en medio del Torneo Apertura 2025, con la intenci\u00f3n de afinar detalles y llegar en \u00f3ptimas condiciones al arranque del camino rumbo al Mundial de 2026.<\/p>\n\n\n\n<p class=\"has-black-color has-text-color has-link-color wp-elements-c740d5bcde3d8803635e255b52beeb79\">La expectativa ahora se centra en el grupo completo que se conformar\u00e1 con los legionarios, quienes aportar\u00e1n jerarqu\u00eda internacional en una eliminatoria que Guatemala afronta con la ilusi\u00f3n de hacer historia.<\/p>\n","protected":false},"excerpt":{"rendered":"<p>Selecci\u00f3n Nacional inicia microciclo con novedades y ausencias llamativas. La Selecci\u00f3n de Guatemala comenz\u00f3 una nueva etapa de preparaci\u00f3n rumbo a la Eliminatoria Mundialista de CONCACAF, con un listado de 18 jugadores de la Liga Nacional que fueron convocados por el t\u00e9cnico Luis Fernando Tena. Este grupo servir\u00e1 como la base de trabajo previo a [&hellip;]<\/p>\n","protected":false},"author":5,"featured_media":7476,"comment_status":"closed","ping_status":"closed","sticky":false,"template":"","format":"standard","meta":{"footnotes":""},"categories":[35],"tags":[47,624,291,48,49,496,455,128,498],"class_list":["post-9180","post","type-post","status-publish","format-standard","has-post-thumbnail","hentry","category-seleccion-nacional","tag-antigua-esportiva","tag-eliminatorias-de-la-copa-del-mundo","tag-guatemala","tag-kenny-rodas","tag-kenny-sports","tag-luis-jose-moran","tag-seleccion-de-guatemala","tag-seleccion-nacional","tag-seleccion-nacional-de-futbol-de-guatemala"],"_links":{"self":[{"href":"https:\/\/antiguaesportiva.com\/revista\/wp-json\/wp\/v2\/posts\/9180","targetHints":{"allow":["GET"]}}],"collection":[{"href":"https:\/\/antiguaesportiva.com\/revista\/wp-json\/wp\/v2\/posts"}],"about":[{"href":"https:\/\/antiguaesportiva.com\/revista\/wp-json\/wp\/v2\/types\/post"}],"author":[{"embeddable":true,"href":"https:\/\/antiguaesportiva.com\/revista\/wp-json\/wp\/v2\/users\/5"}],"replies":[{"embeddable":true,"href":"https:\/\/antiguaesportiva.com\/revista\/wp-json\/wp\/v2\/comments?post=9180"}],"version-history":[{"count":1,"href":"https:\/\/antiguaesportiva.com\/revista\/wp-json\/wp\/v2\/posts\/9180\/revisions"}],"predecessor-version":[{"id":9181,"href":"https:\/\/antiguaesportiva.com\/revista\/wp-json\/wp\/v2\/posts\/9180\/revisions\/9181"}],"wp:featuredmedia":[{"embeddable":true,"href":"https:\/\/antiguaesportiva.com\/revista\/wp-json\/wp\/v2\/media\/7476"}],"wp:attachment":[{"href":"https:\/\/antiguaesportiva.com\/revista\/wp-json\/wp\/v2\/media?parent=9180"}],"wp:term":[{"taxonomy":"category","embeddable":true,"href":"https:\/\/antiguaesportiva.com\/revista\/wp-json\/wp\/v2\/categories?post=9180"},{"taxonomy":"post_tag","embeddable":true,"href":"https:\/\/antiguaesportiva.com\/revista\/wp-json\/wp\/v2\/tags?post=9180"}],"curies":[{"name":"wp","href":"https:\/\/api.w.org\/{rel}","templated":true}]}}