{"id":9175,"date":"2025-08-18T14:06:33","date_gmt":"2025-08-18T20:06:33","guid":{"rendered":"https:\/\/antiguaesportiva.com\/revista\/?p=9175"},"modified":"2025-08-18T14:06:34","modified_gmt":"2025-08-18T20:06:34","slug":"coban-se-refuerza-en-su-intento-de-salir-del-bache","status":"publish","type":"post","link":"https:\/\/antiguaesportiva.com\/revista\/2025\/08\/18\/coban-se-refuerza-en-su-intento-de-salir-del-bache\/","title":{"rendered":"Cob\u00e1n se refuerza, en su intento de salir del bache"},"content":{"rendered":"\n<p class=\"has-black-color has-text-color has-link-color wp-elements-22f22c7069f865d59dbc743274f7d8a3\">Cob\u00e1n Imperial anuncia refuerzos de peso para el Apertura 2025. <\/p>\n\n\n\n<p class=\"has-black-color has-text-color has-link-color wp-elements-3a388ab6835ea8a920ad408f83ff9c62\">Cob\u00e1n Imperial ha dado un golpe de efecto en el mercado nacional al anunciar la incorporaci\u00f3n de dos jugadores con experiencia comprobada en el f\u00fatbol de la regi\u00f3n. La Junta Directiva de los &#8216;Pr\u00edncipes Azules&#8217; confirm\u00f3 este lunes la llegada del delantero argentino Eduardo Mat\u00edas Rotondi y del costarricense Anthony L\u00f3pez, quienes reforzar\u00e1n al equipo para lo que resta del Torneo Apertura 2025 de la Liga Nacional de Guatemala.<\/p>\n\n\n\n<figure class=\"wp-block-image size-large is-resized\"><a href=\"https:\/\/www.formacionsecretarial.edu.gt\/\"><img loading=\"lazy\" decoding=\"async\" width=\"768\" height=\"1024\" src=\"https:\/\/antiguaesportiva.com\/revista\/wp-content\/uploads\/2025\/07\/becas2026a@3x-768x1024.png\" alt=\"\" class=\"wp-image-8617\" style=\"width:253px;height:auto\" srcset=\"https:\/\/antiguaesportiva.com\/revista\/wp-content\/uploads\/2025\/07\/becas2026a@3x-768x1024.png 768w, https:\/\/antiguaesportiva.com\/revista\/wp-content\/uploads\/2025\/07\/becas2026a@3x-225x300.png 225w, https:\/\/antiguaesportiva.com\/revista\/wp-content\/uploads\/2025\/07\/becas2026a@3x-1152x1536.png 1152w, https:\/\/antiguaesportiva.com\/revista\/wp-content\/uploads\/2025\/07\/becas2026a@3x-554x739.png 554w, https:\/\/antiguaesportiva.com\/revista\/wp-content\/uploads\/2025\/07\/becas2026a@3x.png 1440w\" sizes=\"auto, (max-width: 768px) 100vw, 768px\" \/><\/a><\/figure>\n\n\n\n<h4 class=\"wp-block-heading\">Refuerzos de jerarqu\u00eda<\/h4>\n\n\n\n<p class=\"has-black-color has-text-color has-link-color wp-elements-4e12458ba40b0aa6f76eb7ce9da005b2\">El arribo de Rotondi representa un fichaje de alto calibre para los cobaneros. El atacante sudamericano ya hab\u00eda estado en la \u00f3rbita del club meses atr\u00e1s, aunque entonces no se concret\u00f3 por el alto costo de su cl\u00e1usula de rescisi\u00f3n. Ahora, tras superar ese obst\u00e1culo y \u00fanicamente acordar sus pretensiones salariales, el argentino se pondr\u00e1 nuevamente bajo los reflectores del balompi\u00e9 chap\u00edn.<\/p>\n\n\n\n<p class=\"has-black-color has-text-color has-link-color wp-elements-e85f1e3e26321e6730bea003e7a7f593\">Rotondi no es un desconocido en Guatemala: defendi\u00f3 los colores de Malacateco y Municipal, con los que alcanz\u00f3 t\u00edtulos y una amplia cuota goleadora. Sus n\u00fameros en la Liga Nacional son elocuentes: 153 partidos disputados, 11,016 minutos en cancha y 73 goles marcados, estad\u00edsticas que lo colocan como uno de los artilleros m\u00e1s reconocidos de los \u00faltimos a\u00f1os.<\/p>\n\n\n\n<p class=\"has-black-color has-text-color has-link-color wp-elements-c9e096fb5c117e6ae63411e3defe2258\">Por su parte, Anthony L\u00f3pez regresa a un club donde ya dej\u00f3 huella. El costarricense visti\u00f3 la camiseta azul durante la temporada 2023-2024, en la que acumul\u00f3 32 partidos, 2018 minutos y seis goles, adem\u00e1s de participar en la Copa Centroamericana de aquel a\u00f1o. Su retorno busca aportar experiencia y dinamismo a un equipo que necesita recuperar confianza y protagonismo.<\/p>\n\n\n\n<h4 class=\"wp-block-heading\">Bajas y reestructuraci\u00f3n<\/h4>\n\n\n\n<p class=\"has-black-color has-text-color has-link-color wp-elements-d248fc385379c91a8fb509c89569e3d1\">La apuesta por los nuevos fichajes llega acompa\u00f1ada de salidas. Cob\u00e1n Imperial prescindi\u00f3 de los servicios de los mexicanos Alfonso Tamay, Jes\u00fas Castillo y Jud\u00e1 Ram\u00edrez, aunque no se descartan m\u00e1s bajas en las pr\u00f3ximas semanas como parte de la reestructuraci\u00f3n que impulsa la dirigencia.<\/p>\n\n\n\n<h4 class=\"wp-block-heading\">El reto inmediato<\/h4>\n\n\n\n<p class=\"has-black-color has-text-color has-link-color wp-elements-95780b78375291de972ff6731b9656c9\">El presente torneo no ha sido alentador para los cobaneros, quienes se ubican en la parte baja de la tabla tras un inicio irregular. Con la llegada de Rotondi y L\u00f3pez, la afici\u00f3n espera que el equipo enderece el rumbo y recupere el nivel competitivo que lo ha caracterizado en a\u00f1os anteriores.<\/p>\n\n\n\n<p class=\"has-black-color has-text-color has-link-color wp-elements-e593e21cbbe373ac37109f7abbe5a4a6\">La directiva, consciente de la exigencia, apuesta a que estas incorporaciones sirvan de revulsivo para un plantel que tiene la obligaci\u00f3n de mejorar su imagen y pelear por los puestos de clasificaci\u00f3n.<\/p>\n","protected":false},"excerpt":{"rendered":"<p>Cob\u00e1n Imperial anuncia refuerzos de peso para el Apertura 2025. Cob\u00e1n Imperial ha dado un golpe de efecto en el mercado nacional al anunciar la incorporaci\u00f3n de dos jugadores con experiencia comprobada en el f\u00fatbol de la regi\u00f3n. La Junta Directiva de los &#8216;Pr\u00edncipes Azules&#8217; confirm\u00f3 este lunes la llegada del delantero argentino Eduardo Mat\u00edas [&hellip;]<\/p>\n","protected":false},"author":5,"featured_media":9176,"comment_status":"closed","ping_status":"closed","sticky":false,"template":"","format":"standard","meta":{"footnotes":""},"categories":[31],"tags":[47,610,120,154,48,49,56,55,611],"class_list":["post-9175","post","type-post","status-publish","format-standard","has-post-thumbnail","hentry","category-liga-nacional","tag-antigua-esportiva","tag-apertura-2025","tag-coban-imperial","tag-csd-coban-imperial","tag-kenny-rodas","tag-kenny-sports","tag-liga-nacional","tag-liga-nacional-de-futbol-de-guatemala","tag-torneo-apertura-2025"],"_links":{"self":[{"href":"https:\/\/antiguaesportiva.com\/revista\/wp-json\/wp\/v2\/posts\/9175","targetHints":{"allow":["GET"]}}],"collection":[{"href":"https:\/\/antiguaesportiva.com\/revista\/wp-json\/wp\/v2\/posts"}],"about":[{"href":"https:\/\/antiguaesportiva.com\/revista\/wp-json\/wp\/v2\/types\/post"}],"author":[{"embeddable":true,"href":"https:\/\/antiguaesportiva.com\/revista\/wp-json\/wp\/v2\/users\/5"}],"replies":[{"embeddable":true,"href":"https:\/\/antiguaesportiva.com\/revista\/wp-json\/wp\/v2\/comments?post=9175"}],"version-history":[{"count":1,"href":"https:\/\/antiguaesportiva.com\/revista\/wp-json\/wp\/v2\/posts\/9175\/revisions"}],"predecessor-version":[{"id":9177,"href":"https:\/\/antiguaesportiva.com\/revista\/wp-json\/wp\/v2\/posts\/9175\/revisions\/9177"}],"wp:featuredmedia":[{"embeddable":true,"href":"https:\/\/antiguaesportiva.com\/revista\/wp-json\/wp\/v2\/media\/9176"}],"wp:attachment":[{"href":"https:\/\/antiguaesportiva.com\/revista\/wp-json\/wp\/v2\/media?parent=9175"}],"wp:term":[{"taxonomy":"category","embeddable":true,"href":"https:\/\/antiguaesportiva.com\/revista\/wp-json\/wp\/v2\/categories?post=9175"},{"taxonomy":"post_tag","embeddable":true,"href":"https:\/\/antiguaesportiva.com\/revista\/wp-json\/wp\/v2\/tags?post=9175"}],"curies":[{"name":"wp","href":"https:\/\/api.w.org\/{rel}","templated":true}]}}