{"id":9016,"date":"2025-08-07T11:00:16","date_gmt":"2025-08-07T17:00:16","guid":{"rendered":"https:\/\/antiguaesportiva.com\/revista\/?p=9016"},"modified":"2025-08-07T11:00:16","modified_gmt":"2025-08-07T17:00:16","slug":"comunicaciones-con-el-foco-puesto-en-su-archirrival-municipal","status":"publish","type":"post","link":"https:\/\/antiguaesportiva.com\/revista\/2025\/08\/07\/comunicaciones-con-el-foco-puesto-en-su-archirrival-municipal\/","title":{"rendered":"Comunicaciones, con el foco puesto en su archirrival: Municipal"},"content":{"rendered":"\n<p class=\"has-black-color has-text-color has-link-color wp-elements-76df054bbbb28a0b19d90e079da2f0b3\">Comunicaciones, con bajas sensibles, se alista para el Cl\u00e1sico 334 ante Municipal.<\/p>\n\n\n\n<p class=\"has-black-color has-text-color has-link-color wp-elements-5dee5e93b68ba9c5d12cab8aa17df2c6\">Comunicaciones F\u00fatbol Club ajusta los \u00faltimos detalles para afrontar uno de los compromisos m\u00e1s esperados del semestre: el Cl\u00e1sico Nacional 334 ante su eterno rival, Municipal. El duelo se disputar\u00e1 este domingo a las 17:00 horas en el Estadio Manuel Felipe Carrera, en el marco de la Jornada 4 del Torneo Apertura 2025 de la Liga Nacional de Guatemala.<\/p>\n\n\n\n<p class=\"has-black-color has-text-color has-link-color wp-elements-35d3ad21504531bcab235fac68f7ab9a\">El conjunto albo, dirigido por el estratega mexicano Roberto Hern\u00e1ndez, llega a esta cita tras igualar 2-2 el pasado fin de semana frente al Deportivo Guastatoya, en un vibrante partido disputado en el Estadio Carlos Salazar Hijo de Mazatenango. Con ese resultado, los &#8216;Cremas&#8217; buscar\u00e1n retomar la senda del triunfo en el compromiso m\u00e1s pasional del f\u00fatbol guatemalteco.<\/p>\n\n\n\n<figure class=\"wp-block-image size-large is-resized\"><a href=\"https:\/\/www.formacionsecretarial.edu.gt\/\"><img loading=\"lazy\" decoding=\"async\" width=\"768\" height=\"1024\" src=\"https:\/\/antiguaesportiva.com\/revista\/wp-content\/uploads\/2025\/07\/becas2026a@3x-768x1024.png\" alt=\"\" class=\"wp-image-8617\" style=\"width:325px;height:auto\" srcset=\"https:\/\/antiguaesportiva.com\/revista\/wp-content\/uploads\/2025\/07\/becas2026a@3x-768x1024.png 768w, https:\/\/antiguaesportiva.com\/revista\/wp-content\/uploads\/2025\/07\/becas2026a@3x-225x300.png 225w, https:\/\/antiguaesportiva.com\/revista\/wp-content\/uploads\/2025\/07\/becas2026a@3x-1152x1536.png 1152w, https:\/\/antiguaesportiva.com\/revista\/wp-content\/uploads\/2025\/07\/becas2026a@3x-554x739.png 554w, https:\/\/antiguaesportiva.com\/revista\/wp-content\/uploads\/2025\/07\/becas2026a@3x.png 1440w\" sizes=\"auto, (max-width: 768px) 100vw, 768px\" \/><\/a><\/figure>\n\n\n\n<h3 class=\"wp-block-heading\">Bajas confirmadas en la zaga blanca<\/h3>\n\n\n\n<p class=\"has-black-color has-text-color has-link-color wp-elements-9a044034ab5ac6bf6998e5d906f488ce\">La preparaci\u00f3n para este cl\u00e1sico no ha estado exenta de complicaciones para Comunicaciones, que enfrentar\u00e1 el encuentro con bajas sensibles en su l\u00ednea defensiva. El defensor Wilson Pineda qued\u00f3 descartado tras confirmarse una fractura de peron\u00e9, lesi\u00f3n que sufri\u00f3 en un reciente partido amistoso frente al Deportivo Suchitep\u00e9quez en el mismo escenario donde disputaron la \u00faltima jornada liguera.<\/p>\n\n\n\n<p class=\"has-black-color has-text-color has-link-color wp-elements-e7a6f82eeff87d32ce4adfe163c72065\">A esta ausencia se suma la del tambi\u00e9n defensor guatemalteco Erick Gonz\u00e1lez, quien fue sometido a una cirug\u00eda de emergencia por una apendicitis aguda. El jugador ya inici\u00f3 un proceso de recuperaci\u00f3n que lo mantendr\u00e1 alejado de la actividad por varias semanas, quedando autom\u00e1ticamente fuera del compromiso dominical.<\/p>\n\n\n\n<h3 class=\"wp-block-heading\">Robles, en duda<\/h3>\n\n\n\n<p class=\"has-black-color has-text-color has-link-color wp-elements-fdd8861f12eab9f5af37c9fde043bad4\">Adem\u00e1s, el polivalente jugador Stheven Robles encendi\u00f3 las alarmas en el campamento &#8216;Crema&#8217; tras presentar molestias musculares durante los entrenamientos de la semana. Aunque su condici\u00f3n a\u00fan no ha sido confirmada por el cuerpo m\u00e9dico, su participaci\u00f3n en el Cl\u00e1sico 334 permanece en duda, lo cual representa una nueva incertidumbre para la planificaci\u00f3n t\u00e1ctica del cuerpo t\u00e9cnico.<\/p>\n\n\n\n<h3 class=\"wp-block-heading\">Un cl\u00e1sico con historia y presi\u00f3n<\/h3>\n\n\n\n<p class=\"has-black-color has-text-color has-link-color wp-elements-cfc38b0d804f85123d2d6db36126325d\">El partido del domingo no solo representa una nueva edici\u00f3n del duelo m\u00e1s emblem\u00e1tico del pa\u00eds, sino que podr\u00eda marcar un punto de inflexi\u00f3n en la campa\u00f1a de ambos clubes. Comunicaciones, con una plantilla rica en talento pero golpeada por las lesiones, deber\u00e1 sobreponerse a la adversidad en un ambiente hostil, pero motivador, donde la historia, el orgullo y la rivalidad est\u00e1n garantizados.<\/p>\n\n\n\n<p class=\"has-black-color has-text-color has-link-color wp-elements-0418abe5e20c5025ade2b04f275a5b61\">Con 333 ediciones previas como antecedente, el Cl\u00e1sico Nacional promete emociones, intensidad y un marco inmejorable para que los cremas busquen sumar tres puntos valiosos, a\u00fan sin contar con todos sus elementos. La cita est\u00e1 pactada: domingo, 17:00 horas.<\/p>\n","protected":false},"excerpt":{"rendered":"<p>Comunicaciones, con bajas sensibles, se alista para el Cl\u00e1sico 334 ante Municipal. Comunicaciones F\u00fatbol Club ajusta los \u00faltimos detalles para afrontar uno de los compromisos m\u00e1s esperados del semestre: el Cl\u00e1sico Nacional 334 ante su eterno rival, Municipal. El duelo se disputar\u00e1 este domingo a las 17:00 horas en el Estadio Manuel Felipe Carrera, en [&hellip;]<\/p>\n","protected":false},"author":5,"featured_media":9017,"comment_status":"closed","ping_status":"closed","sticky":false,"template":"","format":"standard","meta":{"footnotes":""},"categories":[31],"tags":[47,610,808,224,76,811,48,49,56,55,611],"class_list":["post-9016","post","type-post","status-publish","format-standard","has-post-thumbnail","hentry","category-liga-nacional","tag-antigua-esportiva","tag-apertura-2025","tag-clasico-334","tag-comunicaciones-fc","tag-csd-municipal","tag-el-clasico","tag-kenny-rodas","tag-kenny-sports","tag-liga-nacional","tag-liga-nacional-de-futbol-de-guatemala","tag-torneo-apertura-2025"],"_links":{"self":[{"href":"https:\/\/antiguaesportiva.com\/revista\/wp-json\/wp\/v2\/posts\/9016","targetHints":{"allow":["GET"]}}],"collection":[{"href":"https:\/\/antiguaesportiva.com\/revista\/wp-json\/wp\/v2\/posts"}],"about":[{"href":"https:\/\/antiguaesportiva.com\/revista\/wp-json\/wp\/v2\/types\/post"}],"author":[{"embeddable":true,"href":"https:\/\/antiguaesportiva.com\/revista\/wp-json\/wp\/v2\/users\/5"}],"replies":[{"embeddable":true,"href":"https:\/\/antiguaesportiva.com\/revista\/wp-json\/wp\/v2\/comments?post=9016"}],"version-history":[{"count":1,"href":"https:\/\/antiguaesportiva.com\/revista\/wp-json\/wp\/v2\/posts\/9016\/revisions"}],"predecessor-version":[{"id":9018,"href":"https:\/\/antiguaesportiva.com\/revista\/wp-json\/wp\/v2\/posts\/9016\/revisions\/9018"}],"wp:featuredmedia":[{"embeddable":true,"href":"https:\/\/antiguaesportiva.com\/revista\/wp-json\/wp\/v2\/media\/9017"}],"wp:attachment":[{"href":"https:\/\/antiguaesportiva.com\/revista\/wp-json\/wp\/v2\/media?parent=9016"}],"wp:term":[{"taxonomy":"category","embeddable":true,"href":"https:\/\/antiguaesportiva.com\/revista\/wp-json\/wp\/v2\/categories?post=9016"},{"taxonomy":"post_tag","embeddable":true,"href":"https:\/\/antiguaesportiva.com\/revista\/wp-json\/wp\/v2\/tags?post=9016"}],"curies":[{"name":"wp","href":"https:\/\/api.w.org\/{rel}","templated":true}]}}