{"id":8993,"date":"2025-08-06T11:30:14","date_gmt":"2025-08-06T17:30:14","guid":{"rendered":"https:\/\/antiguaesportiva.com\/revista\/?p=8993"},"modified":"2025-08-06T11:32:47","modified_gmt":"2025-08-06T17:32:47","slug":"los-precios-de-los-boletos-para-el-clasico-334","status":"publish","type":"post","link":"https:\/\/antiguaesportiva.com\/revista\/2025\/08\/06\/los-precios-de-los-boletos-para-el-clasico-334\/","title":{"rendered":"Los precios de los boletos para el Cl\u00e1sico 334"},"content":{"rendered":"\n<p class=\"has-black-color has-text-color has-link-color wp-elements-2c2610f4e22fc9359de25e725889c5ba\">Municipal anuncia precios para el Cl\u00e1sico Nacional ante Comunicaciones, en medio de su preparaci\u00f3n internacional.<\/p>\n\n\n\n<p class=\"has-black-color has-text-color has-link-color wp-elements-2b857bfda2ffb16df62d653cf5240bc9\">En plena concentraci\u00f3n para su compromiso internacional ante Sporting San Miguelito por la Copa Centroamericana de CONCACAF 2025, el Club Social y Deportivo Municipal no pierde de vista uno de los partidos m\u00e1s esperados del calendario nacional. La tarde de este martes 5 de agosto, el club escarlata anunci\u00f3 oficialmente los precios de los boletos para el Cl\u00e1sico Nacional frente a Comunicaciones, que se disputar\u00e1 el pr\u00f3ximo domingo 10 de agosto a las 17:00 horas en el estadio Manuel Felipe Carrera, &#8216;El Tr\u00e9bol&#8217;.<\/p>\n\n\n\n<p class=\"has-black-color has-text-color has-link-color wp-elements-6a8f42fd0aabac78d0cd21b6df9f5cda\">A trav\u00e9s de sus redes sociales, el &#8216;Escarlata&#8217; dio a conocer el costo de las entradas para el choque m\u00e1s emblem\u00e1tico del f\u00fatbol guatemalteco. Los precios van desde Q380.00 hasta Q50.00, aunque se aclara que a cada localidad se le deber\u00e1 a\u00f1adir un cargo por servicio que generalmente ronda los Q15.00.<\/p>\n\n\n\n<p class=\"has-black-color has-text-color has-link-color wp-elements-0b0427f5ed15a20ed95dbb52e30522c4\">Este enfrentamiento corresponde a la cuarta fecha del Torneo Apertura 2025 de la Liga Nacional, y ser\u00e1 adem\u00e1s el segundo partido consecutivo que Municipal dispute en horario nocturno en su estadio, luego de su compromiso de este jueves ante el equipo paname\u00f1o Sporting San Miguelito por la segunda jornada del Grupo B de la Copa Centroamericana.<\/p>\n\n\n\n<figure class=\"wp-block-image size-large is-resized\"><a href=\"https:\/\/www.formacionsecretarial.edu.gt\/\"><img loading=\"lazy\" decoding=\"async\" width=\"768\" height=\"1024\" src=\"https:\/\/antiguaesportiva.com\/revista\/wp-content\/uploads\/2025\/07\/becas2026a@3x-768x1024.png\" alt=\"\" class=\"wp-image-8617\" style=\"width:288px;height:auto\" srcset=\"https:\/\/antiguaesportiva.com\/revista\/wp-content\/uploads\/2025\/07\/becas2026a@3x-768x1024.png 768w, https:\/\/antiguaesportiva.com\/revista\/wp-content\/uploads\/2025\/07\/becas2026a@3x-225x300.png 225w, https:\/\/antiguaesportiva.com\/revista\/wp-content\/uploads\/2025\/07\/becas2026a@3x-1152x1536.png 1152w, https:\/\/antiguaesportiva.com\/revista\/wp-content\/uploads\/2025\/07\/becas2026a@3x-554x739.png 554w, https:\/\/antiguaesportiva.com\/revista\/wp-content\/uploads\/2025\/07\/becas2026a@3x.png 1440w\" sizes=\"auto, (max-width: 768px) 100vw, 768px\" \/><\/a><\/figure>\n\n\n\n<h3 class=\"wp-block-heading\">Una agenda apretada para los rojos<\/h3>\n\n\n\n<p class=\"has-black-color has-text-color has-link-color wp-elements-694e3f2cfe46000e30f67f7075aa7c95\">El cuerpo t\u00e9cnico liderado por el nicarag\u00fcense Mario Acevedo deber\u00e1 administrar esfuerzos de forma estrat\u00e9gica. La proximidad entre ambos encuentros (uno de nivel internacional y otro de alt\u00edsima exigencia emocional y competitiva a nivel local) pone a prueba la profundidad y preparaci\u00f3n del plantel &#8216;Edil&#8217;.<\/p>\n\n\n\n<p class=\"has-black-color has-text-color has-link-color wp-elements-9938de573c663ab6386c504a7061f4d1\">En contraste, Comunicaciones contar\u00e1 con una semana completa de preparaci\u00f3n exclusiva para el cl\u00e1sico, situaci\u00f3n que podr\u00eda significar una ventaja deportiva para los albos, quienes no tienen compromisos internacionales en el calendario inmediato.<\/p>\n\n\n\n<h3 class=\"wp-block-heading\">Contexto competitivo<\/h3>\n\n\n\n<p class=\"has-black-color has-text-color has-link-color wp-elements-826dbd3de4032312f22fa2d9aea811c6\">Municipal llega a esta jornada como subl\u00edder del Apertura 2025, acumulando siete puntos en tres fechas, producto de dos victorias y un empate. Comunicaciones, por su parte, suma cuatro unidades, coloc\u00e1ndose en la quinta posici\u00f3n.<\/p>\n\n\n\n<p class=\"has-black-color has-text-color has-link-color wp-elements-a4f0a066ff6efea014016cd4ffd388c6\">El antecedente m\u00e1s reciente entre ambas instituciones favorece a los &#8216;Cremas&#8217;, quienes se impusieron 1-0 el pasado 20 de abril en el Estadio Cementos Progreso, en duelo correspondiente a la jornada 20 del Clausura 2025. El tanto de la victoria fue obra de Lynner Garc\u00eda, y ese resultado a\u00fan retumba en la memoria colectiva de ambos clubes.<\/p>\n\n\n\n<h3 class=\"wp-block-heading\">M\u00e1s cl\u00e1sicos a la vista<\/h3>\n\n\n\n<p class=\"has-black-color has-text-color has-link-color wp-elements-eb1d597f836e1e7b34073c24ac7f6919\">Adem\u00e1s del encuentro liguero, se espera que este mi\u00e9rcoles se den a conocer m\u00e1s detalles sobre la segunda edici\u00f3n de la Copa Independencia 2025, que enfrentar\u00e1 nuevamente a Municipal y Comunicaciones en territorio estadounidense. Aunque este torneo fue disputado anteriormente, esta ser\u00e1 la segunda vez que cuente con el aval oficial de la Liga Nacional, lo que le otorga mayor legitimidad y peso competitivo.<\/p>\n\n\n\n<p class=\"has-black-color has-text-color has-link-color wp-elements-5d60aefdd41815ef3d3b08615118ac72\">As\u00ed, la rivalidad m\u00e1s intensa del f\u00fatbol guatemalteco vive una semana de alta temperatura. Primero en &#8216;El Tr\u00e9bol&#8217;, por los puntos en el Apertura 2025, y luego, m\u00e1s all\u00e1 de nuestras fronteras, en un duelo que sigue exportando pasi\u00f3n &#8216;Chapina&#8217;.<\/p>\n","protected":false},"excerpt":{"rendered":"<p>Municipal anuncia precios para el Cl\u00e1sico Nacional ante Comunicaciones, en medio de su preparaci\u00f3n internacional. En plena concentraci\u00f3n para su compromiso internacional ante Sporting San Miguelito por la Copa Centroamericana de CONCACAF 2025, el Club Social y Deportivo Municipal no pierde de vista uno de los partidos m\u00e1s esperados del calendario nacional. La tarde de [&hellip;]<\/p>\n","protected":false},"author":5,"featured_media":8817,"comment_status":"closed","ping_status":"closed","sticky":false,"template":"","format":"standard","meta":{"footnotes":""},"categories":[31],"tags":[47,610,808,224,76,48,49,56,611],"class_list":["post-8993","post","type-post","status-publish","format-standard","has-post-thumbnail","hentry","category-liga-nacional","tag-antigua-esportiva","tag-apertura-2025","tag-clasico-334","tag-comunicaciones-fc","tag-csd-municipal","tag-kenny-rodas","tag-kenny-sports","tag-liga-nacional","tag-torneo-apertura-2025"],"_links":{"self":[{"href":"https:\/\/antiguaesportiva.com\/revista\/wp-json\/wp\/v2\/posts\/8993","targetHints":{"allow":["GET"]}}],"collection":[{"href":"https:\/\/antiguaesportiva.com\/revista\/wp-json\/wp\/v2\/posts"}],"about":[{"href":"https:\/\/antiguaesportiva.com\/revista\/wp-json\/wp\/v2\/types\/post"}],"author":[{"embeddable":true,"href":"https:\/\/antiguaesportiva.com\/revista\/wp-json\/wp\/v2\/users\/5"}],"replies":[{"embeddable":true,"href":"https:\/\/antiguaesportiva.com\/revista\/wp-json\/wp\/v2\/comments?post=8993"}],"version-history":[{"count":1,"href":"https:\/\/antiguaesportiva.com\/revista\/wp-json\/wp\/v2\/posts\/8993\/revisions"}],"predecessor-version":[{"id":8994,"href":"https:\/\/antiguaesportiva.com\/revista\/wp-json\/wp\/v2\/posts\/8993\/revisions\/8994"}],"wp:featuredmedia":[{"embeddable":true,"href":"https:\/\/antiguaesportiva.com\/revista\/wp-json\/wp\/v2\/media\/8817"}],"wp:attachment":[{"href":"https:\/\/antiguaesportiva.com\/revista\/wp-json\/wp\/v2\/media?parent=8993"}],"wp:term":[{"taxonomy":"category","embeddable":true,"href":"https:\/\/antiguaesportiva.com\/revista\/wp-json\/wp\/v2\/categories?post=8993"},{"taxonomy":"post_tag","embeddable":true,"href":"https:\/\/antiguaesportiva.com\/revista\/wp-json\/wp\/v2\/tags?post=8993"}],"curies":[{"name":"wp","href":"https:\/\/api.w.org\/{rel}","templated":true}]}}