{"id":8391,"date":"2025-07-11T14:53:33","date_gmt":"2025-07-11T20:53:33","guid":{"rendered":"https:\/\/antiguaesportiva.com\/revista\/?p=8391"},"modified":"2025-07-11T14:53:35","modified_gmt":"2025-07-11T20:53:35","slug":"el-barca-quiere-inaugurar-el-spotify-camp-nou-con-el-homenaje-a-messi","status":"publish","type":"post","link":"https:\/\/antiguaesportiva.com\/revista\/2025\/07\/11\/el-barca-quiere-inaugurar-el-spotify-camp-nou-con-el-homenaje-a-messi\/","title":{"rendered":"El Bar\u00e7a quiere inaugurar el Spotify Camp Nou con el homenaje a Messi"},"content":{"rendered":"\n<p class=\"has-black-color has-text-color has-link-color wp-elements-1 wp-block-paragraph\">El Bar\u00e7a planea una gran fiesta de inauguraci\u00f3n del Spotify Camp Nou con Messi como figura central<\/p>\n\n\n\n<p class=\"has-black-color has-text-color has-link-color wp-elements-2 wp-block-paragraph\">El FC Barcelona ya empieza a preparar lo que promete ser uno de los actos m\u00e1s emotivos y grandiosos de su historia reciente: la inauguraci\u00f3n oficial del nuevo Spotify Camp Nou. Aunque el primer equipo estrenar\u00e1 el estadio en agosto pr\u00f3ximo durante la disputa del tradicional Trofeu Joan Gamper, las obras no estar\u00e1n finalizadas del todo hasta dentro de 13 a 14 meses, por lo que la fiesta definitiva se planifica para el arranque de la temporada 2026\/27.<\/p>\n\n\n\n<p class=\"has-black-color has-text-color has-link-color wp-elements-3 wp-block-paragraph\">Desde el club catal\u00e1n se quiere que este acto inaugural est\u00e9 a la altura del s\u00edmbolo que representa el nuevo recinto: una obra arquitect\u00f3nica sin parang\u00f3n en el mundo del f\u00fatbol, considerada el gran orgullo institucional bajo la gesti\u00f3n de Joan Laporta. Pero m\u00e1s all\u00e1 de los aspectos estructurales, el Bar\u00e7a desea que haya un protagonista absoluto en esa jornada: Lionel Messi.<\/p>\n\n\n\n<figure class=\"wp-block-image size-full is-resized\"><a href=\"https:\/\/www.formacionsecretarial.edu.gt\/\"><img loading=\"lazy\" decoding=\"async\" width=\"500\" height=\"708\" src=\"https:\/\/antiguaesportiva.com\/revista\/wp-content\/uploads\/2025\/05\/nueva-ubica-manta-2@2x.png\" alt=\"\" class=\"wp-image-7483\" style=\"width:258px;height:auto\" srcset=\"https:\/\/antiguaesportiva.com\/revista\/wp-content\/uploads\/2025\/05\/nueva-ubica-manta-2@2x.png 500w, https:\/\/antiguaesportiva.com\/revista\/wp-content\/uploads\/2025\/05\/nueva-ubica-manta-2@2x-212x300.png 212w\" sizes=\"auto, (max-width: 500px) 100vw, 500px\" \/><\/a><\/figure>\n\n\n\n<h3 class=\"wp-block-heading\">Messi, el homenajeado de honor<\/h3>\n\n\n\n<p class=\"has-black-color has-text-color has-link-color wp-elements-4 wp-block-paragraph\">La idea que toma fuerza en los despachos azulgranas es que la inauguraci\u00f3n del Spotify Camp Nou coincida con un homenaje oficial al astro argentino, considerado el mejor jugador de la historia del club. Messi, quien dej\u00f3 la entidad en 2021, no ha tenido hasta ahora un reconocimiento acorde a su legado en el Camp Nou, por lo que este evento ser\u00eda el marco perfecto para saldar esa deuda emocional con el \u00eddolo.<\/p>\n\n\n\n<p class=\"has-black-color has-text-color has-link-color wp-elements-5 wp-block-paragraph\">Eso s\u00ed, el homenaje depender\u00e1 tambi\u00e9n de la aceptaci\u00f3n del propio Messi, aunque en el club hay optimismo sobre su participaci\u00f3n.<\/p>\n\n\n\n<h3 class=\"wp-block-heading\">A\u00fan en proceso y con condiciones<\/h3>\n\n\n\n<p class=\"has-black-color has-text-color has-link-color wp-elements-6 wp-block-paragraph\">Por ahora, el estadio sigue en fase de construcci\u00f3n, y se estima que su finalizaci\u00f3n depender\u00e1 de completar pasos clave como la instalaci\u00f3n de la cubierta, prevista para finales de 2026. Solo si estos avances se concretan a tiempo, se celebrar\u00e1 la ceremonia inaugural al inicio de la temporada 2026\/27; de lo contrario, se postergar\u00e1 hasta tener todo listo.<\/p>\n\n\n\n<p class=\"has-black-color has-text-color has-link-color wp-elements-7 wp-block-paragraph\">Mientras tanto, y tras recibir la autorizaci\u00f3n de LaLiga para disputar las tres primeras jornadas de la temporada 2025\/26 como visitante, el conjunto de Hansi Flick har\u00e1 su reestreno en el nuevo Spotify Camp Nou el fin de semana del 14 de septiembre, aunque con un aforo reducido, a\u00fan condicionado por las obras.<\/p>\n\n\n\n<p class=\"has-black-color has-text-color has-link-color wp-elements-8 wp-block-paragraph\">As\u00ed, comenzar\u00e1 la temporada del regreso a casa, un curso en el que el Bar\u00e7a jugar\u00e1 y construir\u00e1 al mismo tiempo, con la vista puesta en el gran evento de 2026: la fiesta de inauguraci\u00f3n de su nueva casa y el merecido tributo a su leyenda eterna, Lionel Messi.<\/p>\n","protected":false},"excerpt":{"rendered":"<p>El Bar\u00e7a planea una gran fiesta de inauguraci\u00f3n del Spotify Camp Nou con Messi como figura central El FC Barcelona ya empieza a preparar lo que promete ser uno de los actos m\u00e1s emotivos y grandiosos de su historia reciente: la inauguraci\u00f3n oficial del nuevo Spotify Camp Nou. Aunque el primer equipo estrenar\u00e1 el estadio [&hellip;]<\/p>\n","protected":false},"author":5,"featured_media":8392,"comment_status":"closed","ping_status":"closed","sticky":false,"template":"","format":"standard","meta":{"footnotes":""},"categories":[36],"tags":[47,64,48,49,166,169,340],"class_list":["post-8391","post","type-post","status-publish","format-standard","has-post-thumbnail","hentry","category-futbol-internacional","tag-antigua-esportiva","tag-fc-barcelona","tag-kenny-rodas","tag-kenny-sports","tag-lionel-messi","tag-messi","tag-spotify-camp-nou"],"_links":{"self":[{"href":"https:\/\/antiguaesportiva.com\/revista\/wp-json\/wp\/v2\/posts\/8391","targetHints":{"allow":["GET"]}}],"collection":[{"href":"https:\/\/antiguaesportiva.com\/revista\/wp-json\/wp\/v2\/posts"}],"about":[{"href":"https:\/\/antiguaesportiva.com\/revista\/wp-json\/wp\/v2\/types\/post"}],"author":[{"embeddable":true,"href":"https:\/\/antiguaesportiva.com\/revista\/wp-json\/wp\/v2\/users\/5"}],"replies":[{"embeddable":true,"href":"https:\/\/antiguaesportiva.com\/revista\/wp-json\/wp\/v2\/comments?post=8391"}],"version-history":[{"count":1,"href":"https:\/\/antiguaesportiva.com\/revista\/wp-json\/wp\/v2\/posts\/8391\/revisions"}],"predecessor-version":[{"id":8393,"href":"https:\/\/antiguaesportiva.com\/revista\/wp-json\/wp\/v2\/posts\/8391\/revisions\/8393"}],"wp:featuredmedia":[{"embeddable":true,"href":"https:\/\/antiguaesportiva.com\/revista\/wp-json\/wp\/v2\/media\/8392"}],"wp:attachment":[{"href":"https:\/\/antiguaesportiva.com\/revista\/wp-json\/wp\/v2\/media?parent=8391"}],"wp:term":[{"taxonomy":"category","embeddable":true,"href":"https:\/\/antiguaesportiva.com\/revista\/wp-json\/wp\/v2\/categories?post=8391"},{"taxonomy":"post_tag","embeddable":true,"href":"https:\/\/antiguaesportiva.com\/revista\/wp-json\/wp\/v2\/tags?post=8391"}],"curies":[{"name":"wp","href":"https:\/\/api.w.org\/{rel}","templated":true}]}}