{"id":8386,"date":"2025-07-11T11:16:21","date_gmt":"2025-07-11T17:16:21","guid":{"rendered":"https:\/\/antiguaesportiva.com\/revista\/?p=8386"},"modified":"2025-07-11T11:16:23","modified_gmt":"2025-07-11T17:16:23","slug":"pogacar-se-queda-con-la-septima-etapa-y-se-enfunda-nuevamente-el-amarillo-del-tour","status":"publish","type":"post","link":"https:\/\/antiguaesportiva.com\/revista\/2025\/07\/11\/pogacar-se-queda-con-la-septima-etapa-y-se-enfunda-nuevamente-el-amarillo-del-tour\/","title":{"rendered":"\u00a1Poga\u010dar se queda con la s\u00e9ptima etapa y se enfunda nuevamente el amarillo del Tour!"},"content":{"rendered":"\n<p class=\"has-black-color has-text-color has-link-color wp-elements-29e9258a82422fec9540583bd8edb6bd\">\u00a1Pogacar conquista M\u00fbr-de-Bretagne y recupera el maillot amarillo en una jornada hist\u00f3rica!<\/p>\n\n\n\n<p class=\"has-black-color has-text-color has-link-color wp-elements-ee960599deabbd9633dfa9142e3b22c9\">El Tour de Francia vivi\u00f3 este viernes una jornada de emociones intensas y simbolismo profundo, con la emblem\u00e1tica ascensi\u00f3n a M\u00fbr-de-Bretagne como tel\u00f3n de fondo. Un escenario moderno pero ya legendario que, en 2021, vio a Mathieu Van der Poel enfundarse el maillot amarillo en honor a su abuelo, el m\u00edtico Raymond Poulidor. Esta vez, el neerland\u00e9s part\u00eda como l\u00edder general&#8230; pero tuvo que ceder la preciada t\u00fanica ante la implacable potencia de Tadej Poga\u010dar.<\/p>\n\n\n\n<figure class=\"wp-block-image size-full is-resized\"><a href=\"https:\/\/www.formacionsecretarial.edu.gt\/\"><img loading=\"lazy\" decoding=\"async\" width=\"500\" height=\"708\" src=\"https:\/\/antiguaesportiva.com\/revista\/wp-content\/uploads\/2025\/05\/nueva-ubica-manta-2@2x.png\" alt=\"\" class=\"wp-image-7483\" style=\"width:259px;height:auto\" srcset=\"https:\/\/antiguaesportiva.com\/revista\/wp-content\/uploads\/2025\/05\/nueva-ubica-manta-2@2x.png 500w, https:\/\/antiguaesportiva.com\/revista\/wp-content\/uploads\/2025\/05\/nueva-ubica-manta-2@2x-212x300.png 212w\" sizes=\"auto, (max-width: 500px) 100vw, 500px\" \/><\/a><\/figure>\n\n\n\n<p class=\"has-black-color has-text-color has-link-color wp-elements-a87b16a0748ce3751059f401a5158fb2\">El esloveno del UAE Team Emirates, todav\u00eda con el maillot arco\u00edris de campe\u00f3n del mundo sobre los hombros, fue el m\u00e1s fuerte en el demarraje final, imponi\u00e9ndose con autoridad a su gran rival, el dan\u00e9s Jonas Vingegaard (Visma-Lease a Bike). As\u00ed, Poga\u010dar no solo se adjudic\u00f3 su segunda victoria en este Tour y la 19\u00aa en su carrera dentro de la ronda gala, sino que volvi\u00f3 al primer puesto de la clasificaci\u00f3n general, consolidando su estatus como uno de los m\u00e1s grandes corredores de su generaci\u00f3n.<\/p>\n\n\n\n<p class=\"has-black-color has-text-color has-link-color wp-elements-fe982d2c0918185bcb603ceedaa479d5\">La victoria de Poga\u010dar alimenta dos leyendas: la personal, con cada vez m\u00e1s gestas que engrosan su palmar\u00e9s, y la local, con M\u00fbr-de-Bretagne consolid\u00e1ndose como terreno sagrado para el espect\u00e1culo y las gestas hist\u00f3ricas. Adem\u00e1s, lo ocurrido este viernes marc\u00f3 un hito: por primera vez en la historia del Tour, dos ciclistas (Van der Poel y Poga\u010dar) se han intercambiado el maillot amarillo en dos ocasiones consecutivas.<\/p>\n\n\n\n<p class=\"has-black-color has-text-color has-link-color wp-elements-f9efcb79a4e1bf2a4a1d3acb54b27e45\">Con esta electrizante etapa cerrada, el pelot\u00f3n se prepara ahora para una jornada m\u00e1s serena este s\u00e1bado, con 171,4 kil\u00f3metros planos entre Saint-M\u00e9en-le-Grand y Laval, donde, a priori, los velocistas podr\u00edan tomar protagonismo. Aunque en este Tour, ya nada parece predecible.<\/p>\n\n\n\n<h2 class=\"wp-block-heading\">Clasificaci\u00f3n de la Etapa 7<\/h2>\n\n\n\n<figure class=\"wp-block-embed is-type-rich is-provider-twitter wp-block-embed-twitter\"><div class=\"wp-block-embed__wrapper\">\n<blockquote class=\"twitter-tweet\" data-width=\"550\" data-dnt=\"true\"><p lang=\"es\" dir=\"ltr\">\ud83d\udd25\ud83d\udeb4\ud83c\udffb\u200d\u2642\ufe0f\ud83c\uddf8\ud83c\uddee\u00a1\ud835\udde3\ud835\udde2\ud835\uddda\ud835\udddc \ud835\udde9\ud835\uddd8\ud835\udde1\ud835\uddd6\ud835\uddd8 \ud835\uddd8\ud835\udde1 \ud835\udde0\ud835\udde8\u0308\ud835\udde5 \ud835\uddd7\ud835\uddd8 \ud835\uddd5\ud835\udde5\ud835\uddd8\ud835\udde7\ud835\uddd4\ud835\uddda\ud835\udde1\ud835\uddd8 \ud835\uddda\ud835\udde8\ud835\uddd8\ud835\udde5\ud835\udddf\ud835\uddd8\u0301\ud835\uddd7\ud835\uddd4\ud835\udde1 \ud835\uddec \ud835\udde6\ud835\uddd8 \ud835\uddd8\ud835\udde1\ud835\uddd9\ud835\udde8\ud835\udde1\ud835\uddd7\ud835\uddd4 \ud835\udde3\ud835\udde2\ud835\udde5 \ud835\udde6\ud835\uddd8\ud835\uddda\ud835\udde8\ud835\udde1\ud835\uddd7\ud835\uddd4 \ud835\udde2\ud835\uddd6\ud835\uddd4\ud835\udde6\ud835\udddc\ud835\udde2\u0301\ud835\udde1 \ud835\uddd8\ud835\udddf \ud835\udde0\ud835\uddd4\ud835\udddc\ud835\udddf\ud835\udddf\ud835\udde2\ud835\udde7 \ud835\uddd4\ud835\udde0\ud835\uddd4\ud835\udde5\ud835\udddc\ud835\udddf\ud835\udddf\ud835\udde2!\ud83d\udc7d<br><br>\u2b50\ufe0fEl esloveno del \ud83c\udde6\ud83c\uddeaUAE Team Emirates, \ud83c\uddf8\ud83c\uddeeTadej Poga\u010dar se lleva la s\u00e9ptima etapa del\u2026 <a href=\"https:\/\/t.co\/QV9gHh6MOF\">pic.twitter.com\/QV9gHh6MOF<\/a><\/p>&mdash; Kenny Sports (@KennySports_) <a href=\"https:\/\/twitter.com\/KennySports_\/status\/1943716395839054285?ref_src=twsrc%5Etfw\">July 11, 2025<\/a><\/blockquote><script async src=\"https:\/\/platform.twitter.com\/widgets.js\" charset=\"utf-8\"><\/script>\n<\/div><\/figure>\n","protected":false},"excerpt":{"rendered":"<p>\u00a1Pogacar conquista M\u00fbr-de-Bretagne y recupera el maillot amarillo en una jornada hist\u00f3rica! El Tour de Francia vivi\u00f3 este viernes una jornada de emociones intensas y simbolismo profundo, con la emblem\u00e1tica ascensi\u00f3n a M\u00fbr-de-Bretagne como tel\u00f3n de fondo. Un escenario moderno pero ya legendario que, en 2021, vio a Mathieu Van der Poel enfundarse el maillot [&hellip;]<\/p>\n","protected":false},"author":5,"featured_media":8387,"comment_status":"closed","ping_status":"closed","sticky":false,"template":"","format":"standard","meta":{"footnotes":""},"categories":[38,749],"tags":[47,48,49,721,718,719,720],"class_list":["post-8386","post","type-post","status-publish","format-standard","has-post-thumbnail","hentry","category-ciclismo","category-tour-de-francia","tag-antigua-esportiva","tag-kenny-rodas","tag-kenny-sports","tag-tadej-pogacar","tag-tour-de-france-2025","tag-tour-de-francia","tag-tour-de-francia-2025"],"_links":{"self":[{"href":"https:\/\/antiguaesportiva.com\/revista\/wp-json\/wp\/v2\/posts\/8386","targetHints":{"allow":["GET"]}}],"collection":[{"href":"https:\/\/antiguaesportiva.com\/revista\/wp-json\/wp\/v2\/posts"}],"about":[{"href":"https:\/\/antiguaesportiva.com\/revista\/wp-json\/wp\/v2\/types\/post"}],"author":[{"embeddable":true,"href":"https:\/\/antiguaesportiva.com\/revista\/wp-json\/wp\/v2\/users\/5"}],"replies":[{"embeddable":true,"href":"https:\/\/antiguaesportiva.com\/revista\/wp-json\/wp\/v2\/comments?post=8386"}],"version-history":[{"count":1,"href":"https:\/\/antiguaesportiva.com\/revista\/wp-json\/wp\/v2\/posts\/8386\/revisions"}],"predecessor-version":[{"id":8388,"href":"https:\/\/antiguaesportiva.com\/revista\/wp-json\/wp\/v2\/posts\/8386\/revisions\/8388"}],"wp:featuredmedia":[{"embeddable":true,"href":"https:\/\/antiguaesportiva.com\/revista\/wp-json\/wp\/v2\/media\/8387"}],"wp:attachment":[{"href":"https:\/\/antiguaesportiva.com\/revista\/wp-json\/wp\/v2\/media?parent=8386"}],"wp:term":[{"taxonomy":"category","embeddable":true,"href":"https:\/\/antiguaesportiva.com\/revista\/wp-json\/wp\/v2\/categories?post=8386"},{"taxonomy":"post_tag","embeddable":true,"href":"https:\/\/antiguaesportiva.com\/revista\/wp-json\/wp\/v2\/tags?post=8386"}],"curies":[{"name":"wp","href":"https:\/\/api.w.org\/{rel}","templated":true}]}}