{"id":8369,"date":"2025-07-11T08:44:23","date_gmt":"2025-07-11T14:44:23","guid":{"rendered":"https:\/\/antiguaesportiva.com\/revista\/?p=8369"},"modified":"2025-07-11T08:44:25","modified_gmt":"2025-07-11T14:44:25","slug":"presentados-oficialmente-los-juegos-centroamericanos-guatemala-2025","status":"publish","type":"post","link":"https:\/\/antiguaesportiva.com\/revista\/2025\/07\/11\/presentados-oficialmente-los-juegos-centroamericanos-guatemala-2025\/","title":{"rendered":"\u00a1Presentados oficialmente los Juegos Centroamericanos Guatemala 2025!"},"content":{"rendered":"\n<p class=\"has-black-color has-text-color has-link-color wp-elements-7eba2fe7217fb9a97a9320e5a2e2fb37\">\u00a1Guatemala enciende la llama de la historia: arranca oficialmente el camino a los XII Juegos Centroamericanos 2025!<\/p>\n\n\n\n<p class=\"has-black-color has-text-color has-link-color wp-elements-97663b75ac36d372cda149045cd0e4fd\">Guatemala marc\u00f3 un momento trascendental en el calendario deportivo regional con el encendido oficial del <em><strong>&#8216;Fuego Sagrado&#8217;<\/strong><\/em>, que iluminar\u00e1 el pebetero en la XII edici\u00f3n de los Juegos Centroamericanos 2025. La ceremonia, cargada de simbolismo, cultura ancestral y esp\u00edritu deportivo, se llev\u00f3 a cabo el pasado jueves 10 de julio en el sitio arqueol\u00f3gico <em>Chuwa Nima\u2019 Ab\u2019aj<\/em>, la hist\u00f3rica ciudad maya Kaqchikel ubicada en San Mart\u00edn Jilotepeque, Chimaltenango.<\/p>\n\n\n\n<figure class=\"wp-block-image size-full is-resized\"><a href=\"https:\/\/www.formacionsecretarial.edu.gt\/\"><img loading=\"lazy\" decoding=\"async\" width=\"500\" height=\"708\" src=\"https:\/\/antiguaesportiva.com\/revista\/wp-content\/uploads\/2025\/05\/nueva-ubica-manta-2@2x.png\" alt=\"\" class=\"wp-image-7483\" style=\"width:245px;height:auto\" srcset=\"https:\/\/antiguaesportiva.com\/revista\/wp-content\/uploads\/2025\/05\/nueva-ubica-manta-2@2x.png 500w, https:\/\/antiguaesportiva.com\/revista\/wp-content\/uploads\/2025\/05\/nueva-ubica-manta-2@2x-212x300.png 212w\" sizes=\"auto, (max-width: 500px) 100vw, 500px\" \/><\/a><\/figure>\n\n\n\n<p class=\"has-black-color has-text-color has-link-color wp-elements-b4608b41df0edef0f21df6aba894222a\">Guiada por <em>Ajq\u2019ijab\u2019<\/em> (gu\u00edas espirituales) de diversos pueblos mayas, la ceremonia sagrada honr\u00f3 la herencia ancestral del pa\u00eds y dio vida al fuego que representar\u00e1 la hermandad, la excelencia y la vitalidad que irradiar\u00e1n los Juegos. Esta llama, s\u00edmbolo de uni\u00f3n y esperanza, fue entregada de forma simb\u00f3lica a representantes del deporte guatemalteco.<\/p>\n\n\n\n<p class=\"has-black-color has-text-color has-link-color wp-elements-c2ce1570ecc6c1ecd6dcc3b7e27be6b9\">Posteriormente, la antorcha fue trasladada por atletas y cadetes de la Escuela Polit\u00e9cnica hasta el Palacio de los Deportes, en la zona 5 de la Ciudad de Guatemala, donde se celebr\u00f3 el lanzamiento oficial de los Juegos Centroamericanos. El acto cont\u00f3 con la presencia de la vicepresidenta del pa\u00eds Karin Herrera, junto a autoridades del Comit\u00e9 Ol\u00edmpico Guatemalteco, la Confederaci\u00f3n Deportiva Aut\u00f3noma de Guatemala y miembros del comit\u00e9 organizador, as\u00ed como atletas y representantes de distintas disciplinas.<\/p>\n\n\n\n<p class=\"has-black-color has-text-color has-link-color wp-elements-74385fca7a8977c4be6e639387926437\">Uno de los momentos m\u00e1s emotivos fue la entrega del fuego a la vicepresidenta por parte de los atletas Alberto Gonz\u00e1lez y Nikt\u00e9 Sotomayor, s\u00edmbolo del legado deportivo que est\u00e1 por escribirse. La jornada cerr\u00f3 con un espect\u00e1culo de fuegos artificiales que marc\u00f3 oficialmente la cuenta regresiva: faltan 100 d\u00edas para que inicie la gran cita regional.<\/p>\n\n\n\n<p class=\"has-black-color has-text-color has-link-color wp-elements-ea2c1e4b4ba713daab60e26e10f13adc\">En este mismo escenario se present\u00f3 por primera vez a <em><strong>&#8216;Balami&#8217;<\/strong><\/em>, la mascota oficial de los Juegos, y se dio a conocer la canci\u00f3n oficial bajo el lema <strong>&#8220;Unidos por el Deporte&#8221;<\/strong>, mensaje que resuena como un llamado a la integraci\u00f3n y la fraternidad centroamericana.<\/p>\n\n\n\n<p class=\"has-black-color has-text-color has-link-color wp-elements-d28e44d96640ee1680fbe8162ffdd530\">Los Juegos Centroamericanos 2025 se celebrar\u00e1n del <strong>18 al 30 de octubre<\/strong> en territorio guatemalteco, con la participaci\u00f3n de delegaciones de <strong>Belice, El Salvador, Honduras, Nicaragua, Costa Rica, Panam\u00e1 y Guatemala<\/strong>. Ser\u00e1 una oportunidad \u00fanica para mostrar al mundo el talento atl\u00e9tico de la regi\u00f3n, pero tambi\u00e9n la riqueza cultural e hist\u00f3rica que distingue a Guatemala como naci\u00f3n anfitriona.<\/p>\n\n\n\n<p class=\"has-black-color has-text-color has-link-color wp-elements-e2d694b6e96ff87773f2cb77dfb477fc\">Con el fuego ya encendido, la naci\u00f3n se declara lista para recibir a Centroam\u00e9rica con los brazos abiertos. El esp\u00edritu competitivo, la identidad cultural y la pasi\u00f3n deportiva se funden en un mismo mensaje: Guatemala est\u00e1 preparada para hacer historia. La antorcha ya brilla. La fiesta ha comenzado.<\/p>\n","protected":false},"excerpt":{"rendered":"<p>\u00a1Guatemala enciende la llama de la historia: arranca oficialmente el camino a los XII Juegos Centroamericanos 2025! Guatemala marc\u00f3 un momento trascendental en el calendario deportivo regional con el encendido oficial del &#8216;Fuego Sagrado&#8217;, que iluminar\u00e1 el pebetero en la XII edici\u00f3n de los Juegos Centroamericanos 2025. La ceremonia, cargada de simbolismo, cultura ancestral y [&hellip;]<\/p>\n","protected":false},"author":5,"featured_media":8370,"comment_status":"closed","ping_status":"closed","sticky":false,"template":"","format":"standard","meta":{"footnotes":""},"categories":[40,39],"tags":[47,481,765,766,48,49],"class_list":["post-8369","post","type-post","status-publish","format-standard","has-post-thumbnail","hentry","category-deporte-internacional","category-deporte-nacional","tag-antigua-esportiva","tag-cdag","tag-juegos-centroamericanos-2025","tag-juegos-centroamericanos-guatemala-2025","tag-kenny-rodas","tag-kenny-sports"],"_links":{"self":[{"href":"https:\/\/antiguaesportiva.com\/revista\/wp-json\/wp\/v2\/posts\/8369","targetHints":{"allow":["GET"]}}],"collection":[{"href":"https:\/\/antiguaesportiva.com\/revista\/wp-json\/wp\/v2\/posts"}],"about":[{"href":"https:\/\/antiguaesportiva.com\/revista\/wp-json\/wp\/v2\/types\/post"}],"author":[{"embeddable":true,"href":"https:\/\/antiguaesportiva.com\/revista\/wp-json\/wp\/v2\/users\/5"}],"replies":[{"embeddable":true,"href":"https:\/\/antiguaesportiva.com\/revista\/wp-json\/wp\/v2\/comments?post=8369"}],"version-history":[{"count":1,"href":"https:\/\/antiguaesportiva.com\/revista\/wp-json\/wp\/v2\/posts\/8369\/revisions"}],"predecessor-version":[{"id":8371,"href":"https:\/\/antiguaesportiva.com\/revista\/wp-json\/wp\/v2\/posts\/8369\/revisions\/8371"}],"wp:featuredmedia":[{"embeddable":true,"href":"https:\/\/antiguaesportiva.com\/revista\/wp-json\/wp\/v2\/media\/8370"}],"wp:attachment":[{"href":"https:\/\/antiguaesportiva.com\/revista\/wp-json\/wp\/v2\/media?parent=8369"}],"wp:term":[{"taxonomy":"category","embeddable":true,"href":"https:\/\/antiguaesportiva.com\/revista\/wp-json\/wp\/v2\/categories?post=8369"},{"taxonomy":"post_tag","embeddable":true,"href":"https:\/\/antiguaesportiva.com\/revista\/wp-json\/wp\/v2\/tags?post=8369"}],"curies":[{"name":"wp","href":"https:\/\/api.w.org\/{rel}","templated":true}]}}