{"id":8345,"date":"2025-07-10T14:14:49","date_gmt":"2025-07-10T20:14:49","guid":{"rendered":"https:\/\/antiguaesportiva.com\/revista\/?p=8345"},"modified":"2025-07-10T14:14:51","modified_gmt":"2025-07-10T20:14:51","slug":"oficial-guatemala-es-la-100-del-mundo","status":"publish","type":"post","link":"https:\/\/antiguaesportiva.com\/revista\/2025\/07\/10\/oficial-guatemala-es-la-100-del-mundo\/","title":{"rendered":"OFICIAL | Guatemala es la 100 del Mundo"},"content":{"rendered":"\n<p class=\"has-black-color has-text-color has-link-color wp-elements-8eba2a1b3b73987ea7918d020adc42f5\">La Selecci\u00f3n Nacional de Guatemala regresa al Top 100 del Ranking FIFA (actualizado este 10 de julio).<\/p>\n\n\n\n<p class=\"has-black-color has-text-color has-link-color wp-elements-1aa2267b938f5b2157049f79cf3260ca\">La Federaci\u00f3n Nacional de F\u00fatbol de Guatemala celebra un hito hist\u00f3rico: la Selecci\u00f3n absoluta ha escalado del puesto 106 al 100 en la clasificaci\u00f3n mundial de la FIFA, publicada hoy, 10 de julio de 2025. Este regreso al Top 100 llega tras una serie de resultados positivos en la Copa Oro de la CONCACAF, donde los &#8216;Chapines&#8217; se impusieron a Rep\u00fablica Dominicana, Jamaica y Canad\u00e1.<\/p>\n\n\n\n<figure class=\"wp-block-image size-full is-resized\"><a href=\"https:\/\/www.formacionsecretarial.edu.gt\/\"><img loading=\"lazy\" decoding=\"async\" width=\"500\" height=\"708\" src=\"https:\/\/antiguaesportiva.com\/revista\/wp-content\/uploads\/2025\/05\/nueva-ubica-manta-2@2x.png\" alt=\"\" class=\"wp-image-7483\" style=\"width:252px;height:auto\" srcset=\"https:\/\/antiguaesportiva.com\/revista\/wp-content\/uploads\/2025\/05\/nueva-ubica-manta-2@2x.png 500w, https:\/\/antiguaesportiva.com\/revista\/wp-content\/uploads\/2025\/05\/nueva-ubica-manta-2@2x-212x300.png 212w\" sizes=\"auto, (max-width: 500px) 100vw, 500px\" \/><\/a><\/figure>\n\n\n\n<p class=\"has-black-color has-text-color has-link-color wp-elements-4d33a27845b98f1c4ead3dc7c94ef208\">El camino hacia esta haza\u00f1a comenz\u00f3 en marzo de 2022, cuando Guatemala ocupaba el casillero 123\u00ba del ranking. Desde entonces, el proyecto comandado por el director t\u00e9cnico Luis Fernando Tena, con el respaldo de la FEDEFUT bajo la presidencia del Ing. Gerardo Paiz, ha ido construyendo un plantel competitivo y cohesionado. Los futbolistas nacionales han respondido con actitud y entrega, traduciendo en campo el plan de juego dise\u00f1ado por el cuerpo t\u00e9cnico.<\/p>\n\n\n\n<p class=\"has-black-color has-text-color has-link-color wp-elements-cd3eb9000887d0edeed9ae1efe69bb88\">La \u00faltima victoria ante Canad\u00e1, en Cuartos de Final de la Copa Oro 2025, fue especialmente determinante: no solo asegur\u00f3 la clasificaci\u00f3n a semifinales del certamen regional, sino que aport\u00f3 los puntos necesarios para el salto definitivo en la tabla mundial. Con estos triunfos, Guatemala suma un total de 1,236 puntos en el ranking FIFA, cifra que le permite volver a codearse con las selecciones de \u00e9lite.<\/p>\n\n\n\n<p class=\"has-black-color has-text-color has-link-color wp-elements-be6e18c39def6c2ae06a612e9e932293\">Hay que remontarse hasta 2017 para encontrar la \u00faltima aparici\u00f3n de Guatemala entre las cien mejores selecciones del planeta. Tras ocho a\u00f1os de ausencia, el combinado nacional recupera un lugar que refleja el progreso de un proyecto sostenido en el tiempo, el fomento de talentos locales y una estructura federativa m\u00e1s s\u00f3lida.<\/p>\n\n\n\n<p class=\"has-black-color has-text-color has-link-color wp-elements-2e548701122436778589cfd59c1d16f7\">Este logro impulsa la moral de cara a los pr\u00f3ximos compromisos: la eliminatoria rumbo a la Copa Am\u00e9rica 2027 y los partidos amistosos de preparaci\u00f3n para el Mundial 2030. Con la moral en alto y el apoyo de su afici\u00f3n, Guatemala buscar\u00e1 continuar escalando posiciones en el ranking y consolidarse como potencia emergente en la regi\u00f3n.<\/p>\n","protected":false},"excerpt":{"rendered":"<p>La Selecci\u00f3n Nacional de Guatemala regresa al Top 100 del Ranking FIFA (actualizado este 10 de julio). La Federaci\u00f3n Nacional de F\u00fatbol de Guatemala celebra un hito hist\u00f3rico: la Selecci\u00f3n absoluta ha escalado del puesto 106 al 100 en la clasificaci\u00f3n mundial de la FIFA, publicada hoy, 10 de julio de 2025. Este regreso al [&hellip;]<\/p>\n","protected":false},"author":5,"featured_media":8067,"comment_status":"closed","ping_status":"closed","sticky":false,"template":"","format":"standard","meta":{"footnotes":""},"categories":[735,35],"tags":[47,291,48,49,762,455,498],"class_list":["post-8345","post","type-post","status-publish","format-standard","has-post-thumbnail","hentry","category-copa-oro","category-seleccion-nacional","tag-antigua-esportiva","tag-guatemala","tag-kenny-rodas","tag-kenny-sports","tag-ranking-fifa","tag-seleccion-de-guatemala","tag-seleccion-nacional-de-futbol-de-guatemala"],"_links":{"self":[{"href":"https:\/\/antiguaesportiva.com\/revista\/wp-json\/wp\/v2\/posts\/8345","targetHints":{"allow":["GET"]}}],"collection":[{"href":"https:\/\/antiguaesportiva.com\/revista\/wp-json\/wp\/v2\/posts"}],"about":[{"href":"https:\/\/antiguaesportiva.com\/revista\/wp-json\/wp\/v2\/types\/post"}],"author":[{"embeddable":true,"href":"https:\/\/antiguaesportiva.com\/revista\/wp-json\/wp\/v2\/users\/5"}],"replies":[{"embeddable":true,"href":"https:\/\/antiguaesportiva.com\/revista\/wp-json\/wp\/v2\/comments?post=8345"}],"version-history":[{"count":1,"href":"https:\/\/antiguaesportiva.com\/revista\/wp-json\/wp\/v2\/posts\/8345\/revisions"}],"predecessor-version":[{"id":8346,"href":"https:\/\/antiguaesportiva.com\/revista\/wp-json\/wp\/v2\/posts\/8345\/revisions\/8346"}],"wp:featuredmedia":[{"embeddable":true,"href":"https:\/\/antiguaesportiva.com\/revista\/wp-json\/wp\/v2\/media\/8067"}],"wp:attachment":[{"href":"https:\/\/antiguaesportiva.com\/revista\/wp-json\/wp\/v2\/media?parent=8345"}],"wp:term":[{"taxonomy":"category","embeddable":true,"href":"https:\/\/antiguaesportiva.com\/revista\/wp-json\/wp\/v2\/categories?post=8345"},{"taxonomy":"post_tag","embeddable":true,"href":"https:\/\/antiguaesportiva.com\/revista\/wp-json\/wp\/v2\/tags?post=8345"}],"curies":[{"name":"wp","href":"https:\/\/api.w.org\/{rel}","templated":true}]}}