{"id":8339,"date":"2025-07-09T18:31:55","date_gmt":"2025-07-10T00:31:55","guid":{"rendered":"https:\/\/antiguaesportiva.com\/revista\/?p=8339"},"modified":"2025-07-09T18:31:56","modified_gmt":"2025-07-10T00:31:56","slug":"remco-evenepoel-se-queda-con-la-primera-contrarreloj-en-la-quinta-etapa-del-tour-de-francia","status":"publish","type":"post","link":"https:\/\/antiguaesportiva.com\/revista\/2025\/07\/09\/remco-evenepoel-se-queda-con-la-primera-contrarreloj-en-la-quinta-etapa-del-tour-de-francia\/","title":{"rendered":"\u00a1Remco Evenepoel se queda con la primera contrarreloj en la Quinta Etapa del Tour de Francia!"},"content":{"rendered":"\n<p class=\"has-black-color has-text-color has-link-color wp-elements-7bbc58c4d83c097111b00626ab28bac0\">Remco Evenepoel vuela en la crono y Poga\u010dar acaricia el amarillo.<\/p>\n\n\n\n<p class=\"has-black-color has-text-color has-link-color wp-elements-e2fc062b6efdaf18d2fe7f36811cf1cf\">En una jornada marcada por r\u00e1fagas de viento y adrenalina pura, Remco Evenepoel (Soudal Quick-Step) se alz\u00f3 este mi\u00e9rcoles con la victoria en la primera contrarreloj individual de esta edici\u00f3n del Tour de Francia. El prodigio belga detuvo el cron\u00f3metro en 36&#8217;42&#8221;, superando a ruteros de la talla de Tadej Poga\u010dar y Edoardo Affini.<\/p>\n\n\n\n<figure class=\"wp-block-image size-full is-resized\"><a href=\"https:\/\/www.formacionsecretarial.edu.gt\/\"><img loading=\"lazy\" decoding=\"async\" width=\"500\" height=\"708\" src=\"https:\/\/antiguaesportiva.com\/revista\/wp-content\/uploads\/2025\/05\/nueva-ubica-manta-2@2x.png\" alt=\"\" class=\"wp-image-7483\" style=\"width:241px;height:auto\" srcset=\"https:\/\/antiguaesportiva.com\/revista\/wp-content\/uploads\/2025\/05\/nueva-ubica-manta-2@2x.png 500w, https:\/\/antiguaesportiva.com\/revista\/wp-content\/uploads\/2025\/05\/nueva-ubica-manta-2@2x-212x300.png 212w\" sizes=\"auto, (max-width: 500px) 100vw, 500px\" \/><\/a><\/figure>\n\n\n\n<p class=\"has-black-color has-text-color has-link-color wp-elements-a5ba35f2528d8f0767d8067e43186431\">Desde el primer pedalazo, Evenepoel impuso un ritmo brutal, desafi\u00f3 las r\u00e1fagas laterales y gobern\u00f3 cada metro de los 32 kil\u00f3metros disputados en Caen. Su triunfo no solo refrenda la poderosa apuesta de Soudal Quick-Step en las pruebas contra el reloj, sino que lo convierte en firme candidato a discutir el t\u00edtulo final.<\/p>\n\n\n\n<p class=\"has-black-color has-text-color has-link-color wp-elements-bd81bb44b012ed353776a7699cfaaead\">Por detr\u00e1s, el campe\u00f3n defensor Tadej Poga\u010dar cedi\u00f3 tan solo 16 segundos (36&#8217;58&#8221;) y, gracias a su regularidad en las etapas previas, se enfund\u00f3 la camiseta amarilla con un acumulado de 17h 22&#8242; 58&#8221;. Complet\u00f3 el podio de etapa el italiano Edoardo Affini (37&#8242; 15&#8221;), a 33&#8221; segundos del vencedor.<\/p>\n\n\n\n<h2 class=\"wp-block-heading\">Clasificaci\u00f3n de la Etapa 5<\/h2>\n\n\n\n<figure class=\"wp-block-embed is-type-rich is-provider-twitter wp-block-embed-twitter\"><div class=\"wp-block-embed__wrapper\">\n<blockquote class=\"twitter-tweet\" data-width=\"550\" data-dnt=\"true\"><p lang=\"es\" dir=\"ltr\">\ud83d\udd25\ud83d\udeb4\ud83c\udffb\u200d\u2642\ufe0f\ud83c\udde7\ud83c\uddea\u00a1\ud835\udde5\ud835\uddd8\ud835\udde0\ud835\uddd6\ud835\udde2 \ud835\uddd8\ud835\udde9\ud835\uddd8\ud835\udde1\ud835\uddd8\ud835\udde3\ud835\udde2\ud835\uddd8\ud835\udddf \ud835\udde6\ud835\uddd8 \ud835\udddf\ud835\udddf\ud835\uddd8\ud835\udde9\ud835\uddd4 \ud835\udddf\ud835\uddd4 \ud835\udde3\ud835\udde5\ud835\udddc\ud835\udde0\ud835\uddd8\ud835\udde5\ud835\uddd4 \ud835\uddd6\ud835\udde2\ud835\udde1\ud835\udde7\ud835\udde5\ud835\uddd4\ud835\udde5\ud835\udde5\ud835\uddd8\ud835\udddf\ud835\udde2\ud835\udddd \ud835\uddd8\ud835\udde1 \ud835\udddf\ud835\uddd4 \ud835\udde4\ud835\udde8\ud835\udddc\ud835\udde1\ud835\udde7\ud835\uddd4 \ud835\uddd8\ud835\udde7\ud835\uddd4\ud835\udde3\ud835\uddd4 \ud835\uddd7\ud835\uddd8\ud835\udddf \ud83c\uddeb\ud83c\uddf7\ud835\udde7\ud835\udde2\ud835\udde8\ud835\udde5!<br><br>\ud83c\udf2a\ufe0fGran victoria del \ud83c\udde7\ud83c\uddeaSoudal Quick-Step, mediante su mejor carta: Un Remco Evenepoel, que ha desafiado al viento, qued\u00e1ndose con\u2026 <a href=\"https:\/\/t.co\/uq8ZRVyuhT\">pic.twitter.com\/uq8ZRVyuhT<\/a><\/p>&mdash; Kenny Sports (@KennySports_) <a href=\"https:\/\/twitter.com\/KennySports_\/status\/1943102910130180570?ref_src=twsrc%5Etfw\">July 10, 2025<\/a><\/blockquote><script async src=\"https:\/\/platform.twitter.com\/widgets.js\" charset=\"utf-8\"><\/script>\n<\/div><\/figure>\n\n\n\n<p class=\"has-black-color has-text-color has-link-color wp-elements-4291dd1136a44e8fbd70fe8779774c0e\">Ma\u00f1ana, el pelot\u00f3n afronta un recorrido monta\u00f1oso que promete revivir la batalla por el maillot de l\u00edder. El asalto a los Pirineos arranca con la sexta etapa, donde la altimetr\u00eda podr\u00e1 poner a\u00fan m\u00e1s patas arriba la clasificaci\u00f3n general.<\/p>\n\n\n\n<figure class=\"wp-block-image size-full\"><img loading=\"lazy\" decoding=\"async\" width=\"828\" height=\"532\" src=\"https:\/\/antiguaesportiva.com\/revista\/wp-content\/uploads\/2025\/06\/ETAPA-6.webp\" alt=\"\" class=\"wp-image-7999\" srcset=\"https:\/\/antiguaesportiva.com\/revista\/wp-content\/uploads\/2025\/06\/ETAPA-6.webp 828w, https:\/\/antiguaesportiva.com\/revista\/wp-content\/uploads\/2025\/06\/ETAPA-6-300x193.webp 300w, https:\/\/antiguaesportiva.com\/revista\/wp-content\/uploads\/2025\/06\/ETAPA-6-768x493.webp 768w, https:\/\/antiguaesportiva.com\/revista\/wp-content\/uploads\/2025\/06\/ETAPA-6-554x356.webp 554w\" sizes=\"auto, (max-width: 828px) 100vw, 828px\" \/><\/figure>\n","protected":false},"excerpt":{"rendered":"<p>Remco Evenepoel vuela en la crono y Poga\u010dar acaricia el amarillo. En una jornada marcada por r\u00e1fagas de viento y adrenalina pura, Remco Evenepoel (Soudal Quick-Step) se alz\u00f3 este mi\u00e9rcoles con la victoria en la primera contrarreloj individual de esta edici\u00f3n del Tour de Francia. El prodigio belga detuvo el cron\u00f3metro en 36&#8217;42&#8221;, superando a [&hellip;]<\/p>\n","protected":false},"author":5,"featured_media":8340,"comment_status":"closed","ping_status":"closed","sticky":false,"template":"","format":"standard","meta":{"footnotes":""},"categories":[38,749],"tags":[47,48,49,718,719,720],"class_list":["post-8339","post","type-post","status-publish","format-standard","has-post-thumbnail","hentry","category-ciclismo","category-tour-de-francia","tag-antigua-esportiva","tag-kenny-rodas","tag-kenny-sports","tag-tour-de-france-2025","tag-tour-de-francia","tag-tour-de-francia-2025"],"_links":{"self":[{"href":"https:\/\/antiguaesportiva.com\/revista\/wp-json\/wp\/v2\/posts\/8339","targetHints":{"allow":["GET"]}}],"collection":[{"href":"https:\/\/antiguaesportiva.com\/revista\/wp-json\/wp\/v2\/posts"}],"about":[{"href":"https:\/\/antiguaesportiva.com\/revista\/wp-json\/wp\/v2\/types\/post"}],"author":[{"embeddable":true,"href":"https:\/\/antiguaesportiva.com\/revista\/wp-json\/wp\/v2\/users\/5"}],"replies":[{"embeddable":true,"href":"https:\/\/antiguaesportiva.com\/revista\/wp-json\/wp\/v2\/comments?post=8339"}],"version-history":[{"count":1,"href":"https:\/\/antiguaesportiva.com\/revista\/wp-json\/wp\/v2\/posts\/8339\/revisions"}],"predecessor-version":[{"id":8341,"href":"https:\/\/antiguaesportiva.com\/revista\/wp-json\/wp\/v2\/posts\/8339\/revisions\/8341"}],"wp:featuredmedia":[{"embeddable":true,"href":"https:\/\/antiguaesportiva.com\/revista\/wp-json\/wp\/v2\/media\/8340"}],"wp:attachment":[{"href":"https:\/\/antiguaesportiva.com\/revista\/wp-json\/wp\/v2\/media?parent=8339"}],"wp:term":[{"taxonomy":"category","embeddable":true,"href":"https:\/\/antiguaesportiva.com\/revista\/wp-json\/wp\/v2\/categories?post=8339"},{"taxonomy":"post_tag","embeddable":true,"href":"https:\/\/antiguaesportiva.com\/revista\/wp-json\/wp\/v2\/tags?post=8339"}],"curies":[{"name":"wp","href":"https:\/\/api.w.org\/{rel}","templated":true}]}}