{"id":8298,"date":"2025-07-08T10:09:49","date_gmt":"2025-07-08T16:09:49","guid":{"rendered":"https:\/\/antiguaesportiva.com\/revista\/?p=8298"},"modified":"2025-07-08T10:09:50","modified_gmt":"2025-07-08T16:09:50","slug":"el-mejor-del-mundo-se-lleva-la-cuarta-etapa-del-tour-de-france","status":"publish","type":"post","link":"https:\/\/antiguaesportiva.com\/revista\/2025\/07\/08\/el-mejor-del-mundo-se-lleva-la-cuarta-etapa-del-tour-de-france\/","title":{"rendered":"\u00a1El mejor del mundo se lleva la Cuarta Etapa del Tour de France!"},"content":{"rendered":"\n<p class=\"has-black-color has-text-color has-link-color wp-elements-14241cfa564b414e73afadcaaf51e9a0\">Victoria del extraterrestre, victoria del esloveno Tadej Pogacar, que se encarga de darle su primera victoria en el vigente Tour al UAE Team Emirates, tras dejar &#8220;tirados&#8221; a Van Der Poel (Alpecin-Deceuninck) y Vingegaard (Visma Lease A Bike). <\/p>\n\n\n\n<p class=\"has-black-color has-text-color has-link-color wp-elements-f4fc0802722ec780236972459e74240e\">Tadej Poga\u010dar exhibi\u00f3 todo su poder\u00edo en el embalaje final de la Cuarta Etapa del Tour de Francia para alzarse con la victoria y sumar un hito hist\u00f3rico a su palmar\u00e9s. El esloveno del UAE Team Emirates XRG super\u00f3 en el sprint al l\u00edder de la clasificaci\u00f3n general, Mathieu Van Der Poel, y a su gran rival de siempre, Jonas Vingegaard, confirmando que su punta de velocidad sigue siendo una de las m\u00e1s temidas del pelot\u00f3n.<\/p>\n\n\n\n<figure class=\"wp-block-image size-full is-resized\"><a href=\"https:\/\/www.formacionsecretarial.edu.gt\/\"><img loading=\"lazy\" decoding=\"async\" width=\"500\" height=\"708\" src=\"https:\/\/antiguaesportiva.com\/revista\/wp-content\/uploads\/2025\/05\/nueva-ubica-manta-2@2x.png\" alt=\"\" class=\"wp-image-7483\" style=\"width:257px;height:auto\" srcset=\"https:\/\/antiguaesportiva.com\/revista\/wp-content\/uploads\/2025\/05\/nueva-ubica-manta-2@2x.png 500w, https:\/\/antiguaesportiva.com\/revista\/wp-content\/uploads\/2025\/05\/nueva-ubica-manta-2@2x-212x300.png 212w\" sizes=\"auto, (max-width: 500px) 100vw, 500px\" \/><\/a><\/figure>\n\n\n\n<p class=\"has-black-color has-text-color has-link-color wp-elements-1dda1ecec28bd18dbb9f84a7bb2fae69\">Poga\u010dar cruz\u00f3 la l\u00ednea de meta en 03h 50\u2032 29\u2033, tras lo cual celebr\u00f3 con sus compa\u00f1eros el triunfo que, adem\u00e1s, supuso la victoria n\u00famero 100 de etapa en su carrera profesional. Con ello se convirti\u00f3 en el pedalista m\u00e1s joven de la historia del ciclismo en alcanzar ese centenario de triunfos parciales.<\/p>\n\n\n\n<p class=\"has-black-color has-text-color has-link-color wp-elements-6d50299a1ec55beb29fb6d6b270f4192\">Aunque Van Der Poel, Vingegaard y Poga\u010dar registraron id\u00e9ntico tiempo en esta etapa, la condici\u00f3n de l\u00edder sigue en manos del neerland\u00e9s. Ambos ciclistas (Van Der Poel y Poga\u010dar) parecen empatados en la general con 16h 46\u2032 00\u2033, pero el desempate se resuelve por el \u201cpuest\u00f3metro\u201d: el corredor con mejores posiciones acumuladas en las etapas previas. En ese c\u00f3mputo, Van Der Poel mantiene la preciada camiseta amarilla sobre los hombros.<\/p>\n\n\n\n<h2 class=\"wp-block-heading\">Clasificaci\u00f3n de la Etapa 4<\/h2>\n\n\n\n<figure class=\"wp-block-embed is-type-rich is-provider-twitter wp-block-embed-twitter\"><div class=\"wp-block-embed__wrapper\">\n<blockquote class=\"twitter-tweet\" data-width=\"550\" data-dnt=\"true\"><p lang=\"es\" dir=\"ltr\">\ud83d\udd25\ud83d\udeb4\ud83c\udffb\u200d\u2642\ufe0f\ud83c\uddf8\ud83c\uddee\u00a1\ud835\udde9\ud835\udddc\ud835\uddd6\ud835\udde7\ud835\udde2\ud835\udde5\ud835\udddc\ud835\uddd4 \ud835\uddd7\ud835\uddd8\ud835\udddf \ud835\udde0\ud835\uddd8\ud835\udddd\ud835\udde2\ud835\udde5 \ud835\uddd7\ud835\uddd8\ud835\udddf \ud835\udde0\ud835\udde8\ud835\udde1\ud835\uddd7\ud835\udde2, \ud83d\udc7d\ud835\udde3\ud835\udde2\ud835\uddda\ud835\uddd4\ud835\uddd6\u030c\ud835\uddd4\ud835\udde5 \ud835\udde6\ud835\uddd8 \ud835\udddf\ud835\udddf\ud835\uddd8\ud835\udde9\ud835\uddd4 \ud835\udddf\ud835\uddd4 \ud835\uddd6\ud835\udde8\ud835\uddd4\ud835\udde5\ud835\udde7\ud835\uddd4 \ud835\uddd8\ud835\udde7\ud835\uddd4\ud835\udde3\ud835\uddd4 \ud835\uddd7\ud835\uddd8\ud835\udddf \ud83c\uddeb\ud83c\uddf7\ud835\udde7\ud835\udde2\ud835\udde8\ud835\udde5!<br><br>\ud83c\udf2a\ufe0fEmbalaje fenomenal del mejor pedalista del mundo. El esloveno del \ud83c\udde6\ud83c\uddeaUAE Team Emirates XRG, \ud83c\uddf8\ud83c\uddeeTadej Pogacar, se lleva la cuarta etapa\u2026 <a href=\"https:\/\/t.co\/6iPCb8nMSv\">pic.twitter.com\/6iPCb8nMSv<\/a><\/p>&mdash; Kenny Sports (@KennySports_) <a href=\"https:\/\/twitter.com\/KennySports_\/status\/1942613650499596681?ref_src=twsrc%5Etfw\">July 8, 2025<\/a><\/blockquote><script async src=\"https:\/\/platform.twitter.com\/widgets.js\" charset=\"utf-8\"><\/script>\n<\/div><\/figure>\n\n\n\n<p class=\"has-black-color has-text-color has-link-color wp-elements-096339f0693e91d02ffdc8cd7417e9ff\">Con la etapa de hoy, el Tour de Francia 2025 vuelve a demostrar por qu\u00e9 cada sprint es una batalla t\u00e1ctica y t\u00e9cnica. Ma\u00f1ana, la carrera afronta un terreno de mayor velocidad con la primera de dos etapas a contra reloj, donde los sprinters podr\u00e1n intentar sacar r\u00e9dito.<\/p>\n","protected":false},"excerpt":{"rendered":"<p>Victoria del extraterrestre, victoria del esloveno Tadej Pogacar, que se encarga de darle su primera victoria en el vigente Tour al UAE Team Emirates, tras dejar &#8220;tirados&#8221; a Van Der Poel (Alpecin-Deceuninck) y Vingegaard (Visma Lease A Bike). Tadej Poga\u010dar exhibi\u00f3 todo su poder\u00edo en el embalaje final de la Cuarta Etapa del Tour de [&hellip;]<\/p>\n","protected":false},"author":5,"featured_media":8299,"comment_status":"closed","ping_status":"closed","sticky":false,"template":"","format":"standard","meta":{"footnotes":""},"categories":[38,749],"tags":[47,758,48,49,752,721,718,719,720],"class_list":["post-8298","post","type-post","status-publish","format-standard","has-post-thumbnail","hentry","category-ciclismo","category-tour-de-francia","tag-antigua-esportiva","tag-jonas-vingegaard","tag-kenny-rodas","tag-kenny-sports","tag-mathieu-van-der-poel","tag-tadej-pogacar","tag-tour-de-france-2025","tag-tour-de-francia","tag-tour-de-francia-2025"],"_links":{"self":[{"href":"https:\/\/antiguaesportiva.com\/revista\/wp-json\/wp\/v2\/posts\/8298","targetHints":{"allow":["GET"]}}],"collection":[{"href":"https:\/\/antiguaesportiva.com\/revista\/wp-json\/wp\/v2\/posts"}],"about":[{"href":"https:\/\/antiguaesportiva.com\/revista\/wp-json\/wp\/v2\/types\/post"}],"author":[{"embeddable":true,"href":"https:\/\/antiguaesportiva.com\/revista\/wp-json\/wp\/v2\/users\/5"}],"replies":[{"embeddable":true,"href":"https:\/\/antiguaesportiva.com\/revista\/wp-json\/wp\/v2\/comments?post=8298"}],"version-history":[{"count":1,"href":"https:\/\/antiguaesportiva.com\/revista\/wp-json\/wp\/v2\/posts\/8298\/revisions"}],"predecessor-version":[{"id":8300,"href":"https:\/\/antiguaesportiva.com\/revista\/wp-json\/wp\/v2\/posts\/8298\/revisions\/8300"}],"wp:featuredmedia":[{"embeddable":true,"href":"https:\/\/antiguaesportiva.com\/revista\/wp-json\/wp\/v2\/media\/8299"}],"wp:attachment":[{"href":"https:\/\/antiguaesportiva.com\/revista\/wp-json\/wp\/v2\/media?parent=8298"}],"wp:term":[{"taxonomy":"category","embeddable":true,"href":"https:\/\/antiguaesportiva.com\/revista\/wp-json\/wp\/v2\/categories?post=8298"},{"taxonomy":"post_tag","embeddable":true,"href":"https:\/\/antiguaesportiva.com\/revista\/wp-json\/wp\/v2\/tags?post=8298"}],"curies":[{"name":"wp","href":"https:\/\/api.w.org\/{rel}","templated":true}]}}