{"id":8275,"date":"2025-07-07T11:30:24","date_gmt":"2025-07-07T17:30:24","guid":{"rendered":"https:\/\/antiguaesportiva.com\/revista\/?p=8275"},"modified":"2025-07-07T11:30:25","modified_gmt":"2025-07-07T17:30:25","slug":"guastatoya-rinde-homenaje-a-darwin-lom-tras-la-copa-oro","status":"publish","type":"post","link":"https:\/\/antiguaesportiva.com\/revista\/2025\/07\/07\/guastatoya-rinde-homenaje-a-darwin-lom-tras-la-copa-oro\/","title":{"rendered":"Guastatoya rinde homenaje a Darwin Lom tras la Copa Oro"},"content":{"rendered":"\n<p class=\"has-black-color has-text-color has-link-color wp-elements-0ed6df807b74b3c0c2ba47de9986e4f7\">Darwin Lom, h\u00e9roe en la Copa Oro 2025, fue homenajeado este fin de semana por el club Pecho Amarillo y las autoridades municipales de Guastatoya, El Progreso, tras su destacada actuaci\u00f3n con la Selecci\u00f3n Nacional de Guatemala. <\/p>\n\n\n\n<p class=\"has-black-color has-text-color has-link-color wp-elements-38d4f9958cba1ba49127f0d44b0af84b\">El delantero, nacido en Estados Unidos pero con ra\u00edces familiares en esta regi\u00f3n, regres\u00f3 de vacaciones para recibir el reconocimiento que se le otorg\u00f3 en el estadio David Cord\u00f3n Hichos.<\/p>\n\n\n\n<figure class=\"wp-block-image size-full is-resized\"><a href=\"https:\/\/www.formacionsecretarial.edu.gt\/\"><img loading=\"lazy\" decoding=\"async\" width=\"500\" height=\"708\" src=\"https:\/\/antiguaesportiva.com\/revista\/wp-content\/uploads\/2025\/05\/nueva-ubica-manta-2@2x.png\" alt=\"\" class=\"wp-image-7483\" style=\"width:240px;height:auto\" srcset=\"https:\/\/antiguaesportiva.com\/revista\/wp-content\/uploads\/2025\/05\/nueva-ubica-manta-2@2x.png 500w, https:\/\/antiguaesportiva.com\/revista\/wp-content\/uploads\/2025\/05\/nueva-ubica-manta-2@2x-212x300.png 212w\" sizes=\"auto, (max-width: 500px) 100vw, 500px\" \/><\/a><\/figure>\n\n\n\n<p class=\"has-black-color has-text-color has-link-color wp-elements-64393a53152c6a7cc622216cb314f58c\">Durante el acto, Lom fue recibido por el alcalde y presidente de Guastatoya, acompa\u00f1ado de ni\u00f1os, j\u00f3venes y vecinos que le brindaron una calurosa ovaci\u00f3n. El futbolista record\u00f3 su paso fugaz por el Pecho Amarillo en 2020 \u2014particip\u00f3 en cuatro partidos, acumul\u00f3 111 minutos en cancha y anot\u00f3 un gol\u2014 y agradeci\u00f3 el cari\u00f1o de su gente. \u201cMuchas gracias por el evento y apoyo. Como pa\u00eds juntos hacemos historia\u201d, escribi\u00f3 el atacante en respuesta a la publicaci\u00f3n del alcalde.<\/p>\n\n\n\n<p class=\"has-black-color has-text-color has-link-color wp-elements-9def4506a7cb503d93cbc72653782cce\">En la Copa Oro 2025, Darwin Lom brill\u00f3 como titular ante Jamaica y Panam\u00e1, y dej\u00f3 una imagen inolvidable al ejecutar un penal al estilo \u201cPanenka\u201d frente a Canad\u00e1. Este reconocimiento pone de relieve no solo su calidad futbol\u00edstica, sino tambi\u00e9n el orgullo que su trayectoria despierta en Guastatoya y en toda Guatemala.<\/p>\n","protected":false},"excerpt":{"rendered":"<p>Darwin Lom, h\u00e9roe en la Copa Oro 2025, fue homenajeado este fin de semana por el club Pecho Amarillo y las autoridades municipales de Guastatoya, El Progreso, tras su destacada actuaci\u00f3n con la Selecci\u00f3n Nacional de Guatemala. El delantero, nacido en Estados Unidos pero con ra\u00edces familiares en esta regi\u00f3n, regres\u00f3 de vacaciones para recibir [&hellip;]<\/p>\n","protected":false},"author":5,"featured_media":8276,"comment_status":"closed","ping_status":"closed","sticky":false,"template":"","format":"standard","meta":{"footnotes":""},"categories":[735,31,35],"tags":[47,229,396,48,49,56,55,455],"class_list":["post-8275","post","type-post","status-publish","format-standard","has-post-thumbnail","hentry","category-copa-oro","category-liga-nacional","category-seleccion-nacional","tag-antigua-esportiva","tag-cd-guastatoya","tag-darwin-lom","tag-kenny-rodas","tag-kenny-sports","tag-liga-nacional","tag-liga-nacional-de-futbol-de-guatemala","tag-seleccion-de-guatemala"],"_links":{"self":[{"href":"https:\/\/antiguaesportiva.com\/revista\/wp-json\/wp\/v2\/posts\/8275","targetHints":{"allow":["GET"]}}],"collection":[{"href":"https:\/\/antiguaesportiva.com\/revista\/wp-json\/wp\/v2\/posts"}],"about":[{"href":"https:\/\/antiguaesportiva.com\/revista\/wp-json\/wp\/v2\/types\/post"}],"author":[{"embeddable":true,"href":"https:\/\/antiguaesportiva.com\/revista\/wp-json\/wp\/v2\/users\/5"}],"replies":[{"embeddable":true,"href":"https:\/\/antiguaesportiva.com\/revista\/wp-json\/wp\/v2\/comments?post=8275"}],"version-history":[{"count":1,"href":"https:\/\/antiguaesportiva.com\/revista\/wp-json\/wp\/v2\/posts\/8275\/revisions"}],"predecessor-version":[{"id":8277,"href":"https:\/\/antiguaesportiva.com\/revista\/wp-json\/wp\/v2\/posts\/8275\/revisions\/8277"}],"wp:featuredmedia":[{"embeddable":true,"href":"https:\/\/antiguaesportiva.com\/revista\/wp-json\/wp\/v2\/media\/8276"}],"wp:attachment":[{"href":"https:\/\/antiguaesportiva.com\/revista\/wp-json\/wp\/v2\/media?parent=8275"}],"wp:term":[{"taxonomy":"category","embeddable":true,"href":"https:\/\/antiguaesportiva.com\/revista\/wp-json\/wp\/v2\/categories?post=8275"},{"taxonomy":"post_tag","embeddable":true,"href":"https:\/\/antiguaesportiva.com\/revista\/wp-json\/wp\/v2\/tags?post=8275"}],"curies":[{"name":"wp","href":"https:\/\/api.w.org\/{rel}","templated":true}]}}