{"id":8247,"date":"2025-07-06T14:11:15","date_gmt":"2025-07-06T20:11:15","guid":{"rendered":"https:\/\/antiguaesportiva.com\/revista\/?p=8247"},"modified":"2025-07-06T14:11:16","modified_gmt":"2025-07-06T20:11:16","slug":"van-der-poel-se-lleva-la-segunda-etapa-del-tour-de-francia","status":"publish","type":"post","link":"https:\/\/antiguaesportiva.com\/revista\/2025\/07\/06\/van-der-poel-se-lleva-la-segunda-etapa-del-tour-de-francia\/","title":{"rendered":"\u00a1Van der Poel se lleva la segunda etapa del Tour de Francia!"},"content":{"rendered":"\n<p class=\"has-black-color has-text-color has-link-color wp-elements-38380696069d8a37d9293be9a33615bc\">En una emocionante segunda etapa del Tour de Francia, el neerland\u00e9s Mathieu Van der Poel se impuso al esprint y super\u00f3 al esloveno Tadej Poga\u010dar, adjudic\u00e1ndose la victoria y enfund\u00e1ndose el maillot amarillo de l\u00edder de la clasificaci\u00f3n general.<\/p>\n\n\n\n<p class=\"has-black-color has-text-color has-link-color wp-elements-f4fa809644e3406892443be7fe1a4d9b\">Despu\u00e9s de 175 km de recorrido por los pintorescos paisajes de la Breta\u00f1a francesa, ambos ciclistas llegaron con el mismo tiempo oficial, pero Van der Poel aprovech\u00f3 al m\u00e1ximo los segundos de bonificaci\u00f3n para dejar atr\u00e1s a su rival. Esta es la segunda victoria de la escuadra belga Alpecin\u2013Deceuninck en lo que va de edici\u00f3n, reafirmando su potencia en las llegadas masivas.<\/p>\n\n\n\n<figure class=\"wp-block-image size-full is-resized\"><a href=\"https:\/\/www.formacionsecretarial.edu.gt\/\"><img loading=\"lazy\" decoding=\"async\" width=\"500\" height=\"708\" src=\"https:\/\/antiguaesportiva.com\/revista\/wp-content\/uploads\/2025\/05\/nueva-ubica-manta-2@2x.png\" alt=\"\" class=\"wp-image-7483\" style=\"width:243px;height:auto\" srcset=\"https:\/\/antiguaesportiva.com\/revista\/wp-content\/uploads\/2025\/05\/nueva-ubica-manta-2@2x.png 500w, https:\/\/antiguaesportiva.com\/revista\/wp-content\/uploads\/2025\/05\/nueva-ubica-manta-2@2x-212x300.png 212w\" sizes=\"auto, (max-width: 500px) 100vw, 500px\" \/><\/a><\/figure>\n\n\n\n<h2 class=\"wp-block-heading\">P\u00f3dium de la etapa 2<\/h2>\n\n\n\n<ol class=\"wp-block-list\">\n<li class=\"has-black-color has-text-color has-link-color wp-elements-a51df3e566a64d090c7cf99c2561cbc3\"><strong>Mathieu Van der Poel<\/strong> (NED, Alpecin\u2013Deceuninck) \u2014 04 h 45\u2032 41\u2033 (+ bonif. 10\u2033)<\/li>\n\n\n\n<li class=\"has-black-color has-text-color has-link-color wp-elements-9ee82746cdcb4c08efc962013e0249fc\"><strong>Tadej Poga\u010dar<\/strong> (SLO, UAE Team Emirates) \u2014 04 h 45\u2032 41\u2033 (+ bonif. 6\u2033)<\/li>\n\n\n\n<li class=\"has-black-color has-text-color has-link-color wp-elements-5dc7dae843fc2d0c50e8dab0d059c8bc\"><strong>Jonas Vingegaard<\/strong> (DEN, Jumbo\u2013Visma) \u2014 04 h 45\u2032 41\u2033 (+ bonif. 4\u2033)<\/li>\n<\/ol>\n\n\n\n<p class=\"has-black-color has-text-color has-link-color wp-elements-edaa7ae1036c0c4082317b7cdaa71eba\">Gracias a estas bonificaciones, Van der Poel rompe el empate y asume el liderato de la clasificaci\u00f3n general individual:<\/p>\n\n\n\n<h2 class=\"wp-block-heading\">Top 3 Clasificaci\u00f3n General <\/h2>\n\n\n\n<ol class=\"wp-block-list\">\n<li class=\"has-black-color has-text-color has-link-color wp-elements-155d16ddec0c3a6e7c56cbc6ae343476\"><strong>Mathieu Van der Poel<\/strong> \u2014 08 h 38\u2032 42\u2033<\/li>\n\n\n\n<li class=\"has-black-color has-text-color has-link-color wp-elements-b7b228e503e3335858a318aeec8afd7e\"><strong>Tadej Poga\u010dar<\/strong> \u2014 a 00 h 00\u2032 04\u2033<\/li>\n\n\n\n<li class=\"has-black-color has-text-color has-link-color wp-elements-bff5e7a0d4480c459622943f2bbc25e1\"><strong>Jonas Vingegaard<\/strong> \u2014 a 00 h 00\u2032 06\u2033<\/li>\n<\/ol>\n\n\n\n<p class=\"has-black-color has-text-color has-link-color wp-elements-31f9cb39825d9f774d4db28bd2e1869d\">Ma\u00f1ana, en la tercera etapa, los favoritos volver\u00e1n a medir fuerzas en un trazado con varios repechos que prometen agitar a\u00fan m\u00e1s la pelea por la camiseta amarilla.<\/p>\n","protected":false},"excerpt":{"rendered":"<p>En una emocionante segunda etapa del Tour de Francia, el neerland\u00e9s Mathieu Van der Poel se impuso al esprint y super\u00f3 al esloveno Tadej Poga\u010dar, adjudic\u00e1ndose la victoria y enfund\u00e1ndose el maillot amarillo de l\u00edder de la clasificaci\u00f3n general. Despu\u00e9s de 175 km de recorrido por los pintorescos paisajes de la Breta\u00f1a francesa, ambos ciclistas [&hellip;]<\/p>\n","protected":false},"author":5,"featured_media":8248,"comment_status":"closed","ping_status":"closed","sticky":false,"template":"","format":"standard","meta":{"footnotes":""},"categories":[38],"tags":[47,715,48,49,718,719,720,747],"class_list":["post-8247","post","type-post","status-publish","format-standard","has-post-thumbnail","hentry","category-ciclismo","tag-antigua-esportiva","tag-ciclismo","tag-kenny-rodas","tag-kenny-sports","tag-tour-de-france-2025","tag-tour-de-francia","tag-tour-de-francia-2025","tag-van-der-poel"],"_links":{"self":[{"href":"https:\/\/antiguaesportiva.com\/revista\/wp-json\/wp\/v2\/posts\/8247","targetHints":{"allow":["GET"]}}],"collection":[{"href":"https:\/\/antiguaesportiva.com\/revista\/wp-json\/wp\/v2\/posts"}],"about":[{"href":"https:\/\/antiguaesportiva.com\/revista\/wp-json\/wp\/v2\/types\/post"}],"author":[{"embeddable":true,"href":"https:\/\/antiguaesportiva.com\/revista\/wp-json\/wp\/v2\/users\/5"}],"replies":[{"embeddable":true,"href":"https:\/\/antiguaesportiva.com\/revista\/wp-json\/wp\/v2\/comments?post=8247"}],"version-history":[{"count":1,"href":"https:\/\/antiguaesportiva.com\/revista\/wp-json\/wp\/v2\/posts\/8247\/revisions"}],"predecessor-version":[{"id":8249,"href":"https:\/\/antiguaesportiva.com\/revista\/wp-json\/wp\/v2\/posts\/8247\/revisions\/8249"}],"wp:featuredmedia":[{"embeddable":true,"href":"https:\/\/antiguaesportiva.com\/revista\/wp-json\/wp\/v2\/media\/8248"}],"wp:attachment":[{"href":"https:\/\/antiguaesportiva.com\/revista\/wp-json\/wp\/v2\/media?parent=8247"}],"wp:term":[{"taxonomy":"category","embeddable":true,"href":"https:\/\/antiguaesportiva.com\/revista\/wp-json\/wp\/v2\/categories?post=8247"},{"taxonomy":"post_tag","embeddable":true,"href":"https:\/\/antiguaesportiva.com\/revista\/wp-json\/wp\/v2\/tags?post=8247"}],"curies":[{"name":"wp","href":"https:\/\/api.w.org\/{rel}","templated":true}]}}