{"id":8213,"date":"2025-07-04T09:51:36","date_gmt":"2025-07-04T15:51:36","guid":{"rendered":"https:\/\/antiguaesportiva.com\/revista\/?p=8213"},"modified":"2025-07-04T09:51:37","modified_gmt":"2025-07-04T15:51:37","slug":"tena-nos-vamos-con-la-sensacion-de-que-pudimos-hacer-mas","status":"publish","type":"post","link":"https:\/\/antiguaesportiva.com\/revista\/2025\/07\/04\/tena-nos-vamos-con-la-sensacion-de-que-pudimos-hacer-mas\/","title":{"rendered":"Tena: &#8220;Nos vamos con la sensaci\u00f3n de que pudimos hacer m\u00e1s&#8221;."},"content":{"rendered":"\n<p class=\"has-black-color has-text-color has-link-color wp-elements-0f116e511c654c642cc104abce689fb9\">Con orgullo y satisfacci\u00f3n, el t\u00e9cnico Luis Fernando Tena resalt\u00f3 la entrega y el car\u00e1cter de sus jugadores tras caer 2-1 ante Estados Unidos en semifinales de la Copa Oro 2025. <\/p>\n\n\n\n<p class=\"has-black-color has-text-color has-link-color wp-elements-d0a8eb34120e6c1e5e870fab597fdad9\">La Selecci\u00f3n Nacional de Guatemala se despidi\u00f3 de la Copa Oro 2025 con la frente en alto, tras caer 2-1 ante Estados Unidos en las semifinales. A pesar del resultado adverso, el combinado dirigido por Luis Fernando Tena dej\u00f3 una grata impresi\u00f3n por su entrega, determinaci\u00f3n y clara evoluci\u00f3n futbol\u00edstica a lo largo del torneo.<\/p>\n\n\n\n<h2 class=\"wp-block-heading\">Car\u00e1cter y respuesta tras el golpe inicial<\/h2>\n\n\n\n<p class=\"has-black-color has-text-color has-link-color wp-elements-f2b717b4205f8fa205a5b61d3be8e33c\">&#8220;Hoy recibimos dos goles muy r\u00e1pidos. En 15 minutos ya perd\u00edamos 2-0, pero despu\u00e9s da gusto el car\u00e1cter, la determinaci\u00f3n de nuestros jugadores, c\u00f3mo se sobreponen y luchan contra la adversidad\u201d, afirm\u00f3 el estratega mexicano en conferencia de prensa. Guatemala nunca baj\u00f3 los brazos: el gol de la esperanza lleg\u00f3 tras una intensa presi\u00f3n en el \u00e1rea visitante, dejando claro que el equipo supo sobreponerse y pelear hasta el final.<\/p>\n\n\n\n<figure class=\"wp-block-image size-full is-resized\"><a href=\"https:\/\/www.formacionsecretarial.edu.gt\/\"><img loading=\"lazy\" decoding=\"async\" width=\"500\" height=\"708\" src=\"https:\/\/antiguaesportiva.com\/revista\/wp-content\/uploads\/2025\/05\/nueva-ubica-manta-2@2x.png\" alt=\"\" class=\"wp-image-7483\" style=\"width:226px;height:auto\" srcset=\"https:\/\/antiguaesportiva.com\/revista\/wp-content\/uploads\/2025\/05\/nueva-ubica-manta-2@2x.png 500w, https:\/\/antiguaesportiva.com\/revista\/wp-content\/uploads\/2025\/05\/nueva-ubica-manta-2@2x-212x300.png 212w\" sizes=\"auto, (max-width: 500px) 100vw, 500px\" \/><\/a><\/figure>\n\n\n\n<h2 class=\"wp-block-heading\">Reconocimiento internacional y orgullo nacional<\/h2>\n\n\n\n<p class=\"has-black-color has-text-color has-link-color wp-elements-8e90287b6a5a442c5da06104c0f3c260\">Tena no pas\u00f3 por alto las palabras de elogio que le dedic\u00f3 Mauricio Pochettino, quien destac\u00f3 el progreso del f\u00fatbol guatemalteco. &#8220;Agradezco las palabras de Mauricio, un t\u00e9cnico de gran trayectoria. Creo que su opini\u00f3n vale mucho. Me siento orgulloso de poder dirigir a este grupo de jugadores que han demostrado compromiso, profesionalismo y mucha calidad durante esta Copa Oro&#8221;, coment\u00f3. Adem\u00e1s, tuvo palabras especiales para la afici\u00f3n: &#8220;La afici\u00f3n fue extraordinaria, nos impuls\u00f3 durante todo el juego, incluso cuando \u00edbamos 2-0 abajo. Esa conexi\u00f3n entre equipo y afici\u00f3n es muy valiosa&#8221;.<\/p>\n\n\n\n<h2 class=\"wp-block-heading\">Lecciones y miras puestas en septiembre<\/h2>\n\n\n\n<p class=\"has-black-color has-text-color has-link-color wp-elements-1693a2f065bbc549c73d5035e36e13f8\">Al referirse a las decisiones t\u00e9cnicas y los cambios realizados durante el partido, Tena destac\u00f3 la profundidad de su plantilla y la sana competencia interna. No obstante, subray\u00f3 la necesidad de mantener la regularidad durante los 90 minutos para evitar altibajos: &#8220;El equipo debe trabajar en mantener la regularidad, evitando esos momentos que pueden costar partidos&#8221;. Con el optimismo intacto, el t\u00e9cnico asegur\u00f3 que esta experiencia servir\u00e1 como lecci\u00f3n de cara a la eliminatoria de septiembre: &#8220;Nos vamos dolidos, pero tambi\u00e9n con la satisfacci\u00f3n de ver c\u00f3mo mis jugadores dejaron todo en la cancha. Esta derrota es una lecci\u00f3n m\u00e1s para lo que viene&#8221;.<\/p>\n\n\n\n<p class=\"has-black-color has-text-color has-link-color wp-elements-74eb7b72f57c829cecea2866addc6217\">A pesar de la tristeza por no alcanzar la final, Guatemala demostr\u00f3 que est\u00e1 preparada para competir al nivel de selecciones como Canad\u00e1, Jamaica y Estados Unidos. Tena respald\u00f3 plenamente a sus 26 convocados y elogi\u00f3 al cuerpo t\u00e9cnico, especialmente al preparador f\u00edsico Iv\u00e1n Castillo: &#8220;Hoy Guatemala compite de t\u00fa a t\u00fa con cualquiera y eso es motivo de orgullo. Estamos construyendo algo importante&#8221;. Con este mensaje de esperanza y convicci\u00f3n, la &#8216;Azul y Blanco&#8217; encara el futuro inmediato con la mirada puesta en nuevos desaf\u00edos.<\/p>\n","protected":false},"excerpt":{"rendered":"<p>Con orgullo y satisfacci\u00f3n, el t\u00e9cnico Luis Fernando Tena resalt\u00f3 la entrega y el car\u00e1cter de sus jugadores tras caer 2-1 ante Estados Unidos en semifinales de la Copa Oro 2025. La Selecci\u00f3n Nacional de Guatemala se despidi\u00f3 de la Copa Oro 2025 con la frente en alto, tras caer 2-1 ante Estados Unidos en [&hellip;]<\/p>\n","protected":false},"author":5,"featured_media":8158,"comment_status":"closed","ping_status":"closed","sticky":false,"template":"","format":"standard","meta":{"footnotes":""},"categories":[735,35],"tags":[47,291,48,49,55,294,455,498],"class_list":["post-8213","post","type-post","status-publish","format-standard","has-post-thumbnail","hentry","category-copa-oro","category-seleccion-nacional","tag-antigua-esportiva","tag-guatemala","tag-kenny-rodas","tag-kenny-sports","tag-liga-nacional-de-futbol-de-guatemala","tag-luis-fernando-tena","tag-seleccion-de-guatemala","tag-seleccion-nacional-de-futbol-de-guatemala"],"_links":{"self":[{"href":"https:\/\/antiguaesportiva.com\/revista\/wp-json\/wp\/v2\/posts\/8213","targetHints":{"allow":["GET"]}}],"collection":[{"href":"https:\/\/antiguaesportiva.com\/revista\/wp-json\/wp\/v2\/posts"}],"about":[{"href":"https:\/\/antiguaesportiva.com\/revista\/wp-json\/wp\/v2\/types\/post"}],"author":[{"embeddable":true,"href":"https:\/\/antiguaesportiva.com\/revista\/wp-json\/wp\/v2\/users\/5"}],"replies":[{"embeddable":true,"href":"https:\/\/antiguaesportiva.com\/revista\/wp-json\/wp\/v2\/comments?post=8213"}],"version-history":[{"count":1,"href":"https:\/\/antiguaesportiva.com\/revista\/wp-json\/wp\/v2\/posts\/8213\/revisions"}],"predecessor-version":[{"id":8214,"href":"https:\/\/antiguaesportiva.com\/revista\/wp-json\/wp\/v2\/posts\/8213\/revisions\/8214"}],"wp:featuredmedia":[{"embeddable":true,"href":"https:\/\/antiguaesportiva.com\/revista\/wp-json\/wp\/v2\/media\/8158"}],"wp:attachment":[{"href":"https:\/\/antiguaesportiva.com\/revista\/wp-json\/wp\/v2\/media?parent=8213"}],"wp:term":[{"taxonomy":"category","embeddable":true,"href":"https:\/\/antiguaesportiva.com\/revista\/wp-json\/wp\/v2\/categories?post=8213"},{"taxonomy":"post_tag","embeddable":true,"href":"https:\/\/antiguaesportiva.com\/revista\/wp-json\/wp\/v2\/tags?post=8213"}],"curies":[{"name":"wp","href":"https:\/\/api.w.org\/{rel}","templated":true}]}}