{"id":8204,"date":"2025-07-04T09:41:58","date_gmt":"2025-07-04T15:41:58","guid":{"rendered":"https:\/\/antiguaesportiva.com\/revista\/?p=8204"},"modified":"2025-07-04T09:41:59","modified_gmt":"2025-07-04T15:41:59","slug":"csd-municipal-presentara-su-nuevo-uniforme-este-10-de-julio","status":"publish","type":"post","link":"https:\/\/antiguaesportiva.com\/revista\/2025\/07\/04\/csd-municipal-presentara-su-nuevo-uniforme-este-10-de-julio\/","title":{"rendered":"CSD Municipal presentar\u00e1 su nuevo uniforme este 10 de julio"},"content":{"rendered":"\n<p class=\"has-black-color has-text-color has-link-color wp-elements-1c650d66ac7fe070060f7142e4ff18c2\">El Club Social y Deportivo Municipal, uno de los cuadros m\u00e1s emblem\u00e1ticos del f\u00fatbol guatemalteco, presentar\u00e1 su nueva camiseta oficial el pr\u00f3ximo 10 de julio. La indumentaria, confeccionada por UMBRO, podr\u00e1 encontrarse de manera exclusiva en las tiendas Soccer Man\u00eda.<\/p>\n\n\n\n<figure class=\"wp-block-image size-full is-resized\"><a href=\"https:\/\/www.formacionsecretarial.edu.gt\/\"><img loading=\"lazy\" decoding=\"async\" width=\"500\" height=\"708\" src=\"https:\/\/antiguaesportiva.com\/revista\/wp-content\/uploads\/2025\/05\/nueva-ubica-manta-2@2x.png\" alt=\"\" class=\"wp-image-7483\" style=\"width:233px;height:auto\" srcset=\"https:\/\/antiguaesportiva.com\/revista\/wp-content\/uploads\/2025\/05\/nueva-ubica-manta-2@2x.png 500w, https:\/\/antiguaesportiva.com\/revista\/wp-content\/uploads\/2025\/05\/nueva-ubica-manta-2@2x-212x300.png 212w\" sizes=\"auto, (max-width: 500px) 100vw, 500px\" \/><\/a><\/figure>\n\n\n\n<p class=\"has-black-color has-text-color has-link-color wp-elements-a9f66cc277eccc816ab87a7f3eaede92\">Seg\u00fan public\u00f3 la p\u00e1gina oficial de Soccer Man\u00eda, el dise\u00f1o combina tradici\u00f3n y modernidad:<\/p>\n\n\n\n<blockquote class=\"wp-block-quote is-layout-flow wp-block-quote-is-layout-flow\">\n<p class=\"has-black-color has-text-color has-link-color wp-elements-695ced5a13831c521bf5218bbe544f8c\">\u201cDise\u00f1ada con precisi\u00f3n. Cuidada al detalle. UMBRO presenta lo que solo los fieles sabr\u00e1n valorar: la nueva indumentaria oficial de Municipal.<br>En SOCCER MANIA, la casa del f\u00fatbol aut\u00e9ntico, te preparamos lo que los verdaderos rojos merecen: 100% original. 100% pasi\u00f3n.\u201d<\/p>\n<\/blockquote>\n\n\n\n<p class=\"has-black-color has-text-color has-link-color wp-elements-2603ed05dbe8dd36fbe8511002e9af87\">La presentaci\u00f3n oficial del uniforme se realizar\u00e1 el d\u00eda del lanzamiento en el punto de venta principal de Soccer Man\u00eda, donde los aficionados podr\u00e1n adquirir la equipaci\u00f3n completa: camiseta, pantal\u00f3n y medias en los colores tradicionales rojo y azul. Adem\u00e1s, se espera que durante la jornada se ofrezcan promociones especiales y regalos exclusivos para los primeros compradores.<\/p>\n\n\n\n<p class=\"has-black-color has-text-color has-link-color wp-elements-88d460b61c8be093d1e3ed7e47daa1f6\">Con esta alianza, Municipal refuerza su v\u00ednculo con Umbro, marca que ha acompa\u00f1ado al club en varias etapas de su historia, y ratifica la confianza en Soccer Man\u00eda como distribuidor autorizado para poner a disposici\u00f3n de la afici\u00f3n una prenda pensada para combinar estilo, tecnolog\u00eda y durabilidad.<\/p>\n\n\n\n<p class=\"has-black-color has-text-color has-link-color wp-elements-123840b9c00994f279952e820892056a\">Los seguidores &#8216;Rojos&#8221; ya pueden ir preparando su agenda: el 10 de julio no solo marca el arranque de la nueva temporada de Liga Nacional, sino tambi\u00e9n la oportunidad de vestir la pasi\u00f3n &#8216;Escarlata&#8217; con la \u00faltima innovaci\u00f3n en dise\u00f1o futbol\u00edstico.<\/p>\n","protected":false},"excerpt":{"rendered":"<p>El Club Social y Deportivo Municipal, uno de los cuadros m\u00e1s emblem\u00e1ticos del f\u00fatbol guatemalteco, presentar\u00e1 su nueva camiseta oficial el pr\u00f3ximo 10 de julio. La indumentaria, confeccionada por UMBRO, podr\u00e1 encontrarse de manera exclusiva en las tiendas Soccer Man\u00eda. Seg\u00fan public\u00f3 la p\u00e1gina oficial de Soccer Man\u00eda, el dise\u00f1o combina tradici\u00f3n y modernidad: \u201cDise\u00f1ada [&hellip;]<\/p>\n","protected":false},"author":5,"featured_media":8211,"comment_status":"closed","ping_status":"closed","sticky":false,"template":"","format":"standard","meta":{"footnotes":""},"categories":[31],"tags":[47,633,610,76,48,49,56,55,142,611,744],"class_list":["post-8204","post","type-post","status-publish","format-standard","has-post-thumbnail","hentry","category-liga-nacional","tag-antigua-esportiva","tag-apertura","tag-apertura-2025","tag-csd-municipal","tag-kenny-rodas","tag-kenny-sports","tag-liga-nacional","tag-liga-nacional-de-futbol-de-guatemala","tag-municipal","tag-torneo-apertura-2025","tag-umbro"],"_links":{"self":[{"href":"https:\/\/antiguaesportiva.com\/revista\/wp-json\/wp\/v2\/posts\/8204","targetHints":{"allow":["GET"]}}],"collection":[{"href":"https:\/\/antiguaesportiva.com\/revista\/wp-json\/wp\/v2\/posts"}],"about":[{"href":"https:\/\/antiguaesportiva.com\/revista\/wp-json\/wp\/v2\/types\/post"}],"author":[{"embeddable":true,"href":"https:\/\/antiguaesportiva.com\/revista\/wp-json\/wp\/v2\/users\/5"}],"replies":[{"embeddable":true,"href":"https:\/\/antiguaesportiva.com\/revista\/wp-json\/wp\/v2\/comments?post=8204"}],"version-history":[{"count":1,"href":"https:\/\/antiguaesportiva.com\/revista\/wp-json\/wp\/v2\/posts\/8204\/revisions"}],"predecessor-version":[{"id":8212,"href":"https:\/\/antiguaesportiva.com\/revista\/wp-json\/wp\/v2\/posts\/8204\/revisions\/8212"}],"wp:featuredmedia":[{"embeddable":true,"href":"https:\/\/antiguaesportiva.com\/revista\/wp-json\/wp\/v2\/media\/8211"}],"wp:attachment":[{"href":"https:\/\/antiguaesportiva.com\/revista\/wp-json\/wp\/v2\/media?parent=8204"}],"wp:term":[{"taxonomy":"category","embeddable":true,"href":"https:\/\/antiguaesportiva.com\/revista\/wp-json\/wp\/v2\/categories?post=8204"},{"taxonomy":"post_tag","embeddable":true,"href":"https:\/\/antiguaesportiva.com\/revista\/wp-json\/wp\/v2\/tags?post=8204"}],"curies":[{"name":"wp","href":"https:\/\/api.w.org\/{rel}","templated":true}]}}