{"id":8060,"date":"2025-06-25T13:20:46","date_gmt":"2025-06-25T19:20:46","guid":{"rendered":"https:\/\/antiguaesportiva.com\/revista\/?p=8060"},"modified":"2025-06-25T13:20:47","modified_gmt":"2025-06-25T19:20:47","slug":"antigua-confirma-dos-preparativos-en-peten","status":"publish","type":"post","link":"https:\/\/antiguaesportiva.com\/revista\/2025\/06\/25\/antigua-confirma-dos-preparativos-en-peten\/","title":{"rendered":"Antigua confirma dos preparativos en Pet\u00e9n"},"content":{"rendered":"\n<p class=\"has-black-color has-text-color has-link-color wp-elements-a043924222eb0921ce5aebb4dd9be4e5\">Antigua GFC alista duros ensayos con San Benito y Municipal como parte de su pretemporada.<\/p>\n\n\n\n<p class=\"has-black-color has-text-color has-link-color wp-elements-3684d5eb0209e96f42bb32af0cd0d27a\">Antigua GFC no baja el ritmo y confirm\u00f3 dos nuevos fogueos como parte de su exigente preparaci\u00f3n de cara a la Temporada 2025-26, donde buscar\u00e1 protagonismo tanto en la Liga Nacional como en la Copa Centroamericana. Bajo la direcci\u00f3n de Mauricio Tapia, el equipo trabaja con intensidad para llegar con plenitud a ambos torneos.<\/p>\n\n\n\n<p class=\"has-black-color has-text-color has-link-color wp-elements-d9c49161e595033e90066ae631581a36\">El primer compromiso de estos dos preparativos se llevar\u00e1 a cabo el s\u00e1bado 5 de julio ante San Benito FC, escuadra de la Primera Divisi\u00f3n que ha demostrado ser una de las m\u00e1s s\u00f3lidas en su categor\u00eda. El duelo se perfila como un buen term\u00f3metro para los &#8216;Coloniales&#8217; en su fase inicial de ajuste t\u00e1ctico.<\/p>\n\n\n\n<figure class=\"wp-block-image size-full is-resized\"><a href=\"https:\/\/www.formacionsecretarial.edu.gt\/\"><img loading=\"lazy\" decoding=\"async\" width=\"500\" height=\"708\" src=\"https:\/\/antiguaesportiva.com\/revista\/wp-content\/uploads\/2025\/05\/nueva-ubica-manta-2@2x.png\" alt=\"\" class=\"wp-image-7483\" style=\"width:260px;height:auto\" srcset=\"https:\/\/antiguaesportiva.com\/revista\/wp-content\/uploads\/2025\/05\/nueva-ubica-manta-2@2x.png 500w, https:\/\/antiguaesportiva.com\/revista\/wp-content\/uploads\/2025\/05\/nueva-ubica-manta-2@2x-212x300.png 212w\" sizes=\"auto, (max-width: 500px) 100vw, 500px\" \/><\/a><\/figure>\n\n\n\n<p class=\"has-black-color has-text-color has-link-color wp-elements-4d1d8aa281ff670dc2e260bba6c13672\">Un d\u00eda despu\u00e9s, el domingo 6 de julio, el cuadro aguacatero enfrentar\u00e1 al CSD Municipal, en lo que significar\u00e1 una reedici\u00f3n de la final de liga del torneo anterior. Antigua se impuso en esa ocasi\u00f3n y logr\u00f3 levantar su quinto t\u00edtulo nacional, por lo que el partido promete alto voltaje. Ambos encuentros se llevar\u00e1n a cabo en el Estadio Municipal Juli\u00e1n Tesuc\u00fan, de San Benito, Pet\u00e9n. <\/p>\n\n\n\n<p class=\"has-black-color has-text-color has-link-color wp-elements-89d836971374836b607e919a9bde18e6\">Para estos encuentros, el plantel ya contar\u00e1 con sus recientes incorporaciones extranjeras. Se trata de Enzo Fern\u00e1ndez, Milton Maciel y Jostin Daly, quienes han sido fichados para reforzar el eje ofensivo y el mediocampo del equipo.<\/p>\n\n\n\n<p class=\"has-black-color has-text-color has-link-color wp-elements-30cb87b97c276c7393a983ee95ddfb79\">La presencia de estos refuerzos marca un nuevo cap\u00edtulo en el proyecto deportivo que encabeza Tapia, con miras a consolidar un grupo competitivo y profundo. Se espera que tanto Fern\u00e1ndez como Maciel y Daly sumen sus primeros minutos con la camisola verde en estos duelos.<\/p>\n\n\n\n<p class=\"has-black-color has-text-color has-link-color wp-elements-131ef403f2cb7025914b762e2a6d6efb\">Antigua GFC continuar\u00e1 su planificaci\u00f3n con una serie de evaluaciones internas y entrenamientos a doble turno, priorizando la integraci\u00f3n de su nuevo plantel. La afici\u00f3n mantiene la expectativa alta, sabiendo que el equipo apunta a otra campa\u00f1a de protagonismo local e internacional.<\/p>\n","protected":false},"excerpt":{"rendered":"<p>Antigua GFC alista duros ensayos con San Benito y Municipal como parte de su pretemporada. Antigua GFC no baja el ritmo y confirm\u00f3 dos nuevos fogueos como parte de su exigente preparaci\u00f3n de cara a la Temporada 2025-26, donde buscar\u00e1 protagonismo tanto en la Liga Nacional como en la Copa Centroamericana. Bajo la direcci\u00f3n de [&hellip;]<\/p>\n","protected":false},"author":5,"featured_media":8061,"comment_status":"closed","ping_status":"closed","sticky":false,"template":"","format":"standard","meta":{"footnotes":""},"categories":[29,31],"tags":[47,45,610,76,48,49,56,55,197,683,611],"class_list":["post-8060","post","type-post","status-publish","format-standard","has-post-thumbnail","hentry","category-antigua-gfc","category-liga-nacional","tag-antigua-esportiva","tag-antigua-gfc","tag-apertura-2025","tag-csd-municipal","tag-kenny-rodas","tag-kenny-sports","tag-liga-nacional","tag-liga-nacional-de-futbol-de-guatemala","tag-primera-division","tag-san-benito-fc","tag-torneo-apertura-2025"],"_links":{"self":[{"href":"https:\/\/antiguaesportiva.com\/revista\/wp-json\/wp\/v2\/posts\/8060","targetHints":{"allow":["GET"]}}],"collection":[{"href":"https:\/\/antiguaesportiva.com\/revista\/wp-json\/wp\/v2\/posts"}],"about":[{"href":"https:\/\/antiguaesportiva.com\/revista\/wp-json\/wp\/v2\/types\/post"}],"author":[{"embeddable":true,"href":"https:\/\/antiguaesportiva.com\/revista\/wp-json\/wp\/v2\/users\/5"}],"replies":[{"embeddable":true,"href":"https:\/\/antiguaesportiva.com\/revista\/wp-json\/wp\/v2\/comments?post=8060"}],"version-history":[{"count":1,"href":"https:\/\/antiguaesportiva.com\/revista\/wp-json\/wp\/v2\/posts\/8060\/revisions"}],"predecessor-version":[{"id":8062,"href":"https:\/\/antiguaesportiva.com\/revista\/wp-json\/wp\/v2\/posts\/8060\/revisions\/8062"}],"wp:featuredmedia":[{"embeddable":true,"href":"https:\/\/antiguaesportiva.com\/revista\/wp-json\/wp\/v2\/media\/8061"}],"wp:attachment":[{"href":"https:\/\/antiguaesportiva.com\/revista\/wp-json\/wp\/v2\/media?parent=8060"}],"wp:term":[{"taxonomy":"category","embeddable":true,"href":"https:\/\/antiguaesportiva.com\/revista\/wp-json\/wp\/v2\/categories?post=8060"},{"taxonomy":"post_tag","embeddable":true,"href":"https:\/\/antiguaesportiva.com\/revista\/wp-json\/wp\/v2\/tags?post=8060"}],"curies":[{"name":"wp","href":"https:\/\/api.w.org\/{rel}","templated":true}]}}