{"id":7993,"date":"2025-06-23T11:20:33","date_gmt":"2025-06-23T17:20:33","guid":{"rendered":"https:\/\/antiguaesportiva.com\/revista\/?p=7993"},"modified":"2025-06-23T11:20:34","modified_gmt":"2025-06-23T17:20:34","slug":"asi-se-correra-el-tour-de-france-2025","status":"publish","type":"post","link":"https:\/\/antiguaesportiva.com\/revista\/2025\/06\/23\/asi-se-correra-el-tour-de-france-2025\/","title":{"rendered":"\u00a1As\u00ed se correr\u00e1 el Tour de France 2025!"},"content":{"rendered":"\n<p class=\"has-black-color has-text-color has-link-color wp-elements-b53da03889a03a71215bda0644e55e46\">La ronda francesa\u00a0comienza el s\u00e1bado 5 de julio en Lille y finaliza al domingo 27 en Par\u00eds.<\/p>\n\n\n\n<p class=\"has-black-color has-text-color has-link-color wp-elements-b1b78545c5cfb5bade9c6ddd0ec7da8c\">El\u00a0Tour de Francia 2025\u00a0volver\u00e1 a comenzar en tierras &#8216;Galas&#8217; cuatro a\u00f1os despu\u00e9s.\u00a0Lille\u00a0albergar\u00e1 la Gran Depart de la\u00a0112.\u00aa edici\u00f3n de la Grande Boucle\u00a0que volver\u00e1 a finalizar en los Campos El\u00edseos de Par\u00eds. Esperan\u00a021 etapas para un total de 3.338 kil\u00f3metros y 52.500 metros de desnivel\u00a0\u00edntegros en territorio franc\u00e9s.\u00a0Ser\u00e1n\u00a0siete etapas\u00a0llanas, seis de\u00a0media monta\u00f1a, seis de\u00a0monta\u00f1a\u00a0con cinco llegadas en alto en\u00a0Hautacam, Luchon- Superbagn\u00e8res, Mont Ventoux, Courchevel Col de la Loze y La Plagne Tarentaise\u00a0y dos\u00a0\u00a0contrarrelojes.<\/p>\n\n\n\n<figure class=\"wp-block-image size-full is-resized\"><a href=\"https:\/\/www.formacionsecretarial.edu.gt\/\"><img loading=\"lazy\" decoding=\"async\" width=\"500\" height=\"708\" src=\"https:\/\/antiguaesportiva.com\/revista\/wp-content\/uploads\/2025\/05\/nueva-ubica-manta-2@2x.png\" alt=\"\" class=\"wp-image-7483\" style=\"width:252px;height:auto\" srcset=\"https:\/\/antiguaesportiva.com\/revista\/wp-content\/uploads\/2025\/05\/nueva-ubica-manta-2@2x.png 500w, https:\/\/antiguaesportiva.com\/revista\/wp-content\/uploads\/2025\/05\/nueva-ubica-manta-2@2x-212x300.png 212w\" sizes=\"auto, (max-width: 500px) 100vw, 500px\" \/><\/a><\/figure>\n\n\n\n<h2 class=\"wp-block-heading has-black-color has-text-color has-link-color wp-elements-b8d829e8f07b82d27939ce36d569a6e6\">1\u00aa Etapa &#8211; 5 de julio: Lille &#8211; Lille \/ 184,9 km<\/h2>\n\n\n\n<p class=\"has-black-color has-text-color has-link-color wp-elements-26c4a8dd00a62646464d30acddb9fee5\">El Tour arranca con una etapa de 185 kil\u00f3metros con salida y llegada en\u00a0Lille.\u00a0El trazado presenta las primeras cotas puntuables de la actual edici\u00f3n, pero todo apunta a que ser\u00e1 el escenario de la primera volata masiva en la capital de Alta Francia.\u00a0<\/p>\n\n\n\n<figure class=\"wp-block-image\"><img decoding=\"async\" src=\"https:\/\/e00-xlk-ue-marca.uecdn.es\/uploads\/2025\/06\/18\/685259c13bbe2.jpeg\" alt=\"Etapa 1 del Tour de Francia.\"\/><\/figure>\n\n\n\n<h2 class=\"wp-block-heading has-black-color has-text-color has-link-color wp-elements-53c0aeb7975886b67fedfdffe5d1e3e8\">2\u00aa Etapa &#8211; 6 de julio: Lauwin-Planque &#8211; Boulogne-sur-Mer \/ 209,1 km<\/h2>\n\n\n\n<p class=\"has-black-color has-text-color has-link-color wp-elements-80d7a13ef5fe442f05191198b652014b\">Jornada maratoniana con 2550 metros de desnivel acumulados repartidos en tortuosas cotas.\u00a0Los ascensos a\u00a0Saint-\u00c9tienne-au-Mont,\u00a0con un desnivel de hasta el 15 % y, posteriormente,\u00a0Outreau, a falta de poco m\u00e1s de cinco kil\u00f3metros para la meta, pueden favorecer alg\u00fan ataque para ganar la etapa. Superadas las dos colinas finales, los corredores afrontar\u00e1n un exigente repecho de un kil\u00f3metro que puede determinar al ganador del d\u00eda o picar segundos por el amarillo.<\/p>\n\n\n\n<figure class=\"wp-block-image size-full\"><img loading=\"lazy\" decoding=\"async\" width=\"828\" height=\"532\" src=\"https:\/\/antiguaesportiva.com\/revista\/wp-content\/uploads\/2025\/06\/ETAPA-2.webp\" alt=\"\" class=\"wp-image-7995\" srcset=\"https:\/\/antiguaesportiva.com\/revista\/wp-content\/uploads\/2025\/06\/ETAPA-2.webp 828w, https:\/\/antiguaesportiva.com\/revista\/wp-content\/uploads\/2025\/06\/ETAPA-2-300x193.webp 300w, https:\/\/antiguaesportiva.com\/revista\/wp-content\/uploads\/2025\/06\/ETAPA-2-768x493.webp 768w, https:\/\/antiguaesportiva.com\/revista\/wp-content\/uploads\/2025\/06\/ETAPA-2-554x356.webp 554w\" sizes=\"auto, (max-width: 828px) 100vw, 828px\" \/><\/figure>\n\n\n\n<h2 class=\"wp-block-heading has-black-color has-text-color has-link-color wp-elements-a0d156713188f2d06978a2812def59c0\">3\u00aa Etapa &#8211; 7 de julio: Valenciennes &#8211; Dunkerque \/ 178.3 km<\/h2>\n\n\n\n<p class=\"has-black-color has-text-color has-link-color wp-elements-d09a6ca61f5bb52e53788f6f156367af\">Nueva oportunidad para los sprinters aspirantes al maillot verde. El viento y la consiguiente posibilidad de abanicos obligar\u00e1n a todo el mundo a mantener las orejas tiesas en una jornada en la que la cota de Cassel (2,3 km al 3,8%) emerge como \u00fanica ascensi\u00f3n del d\u00eda a 31 km de meta.&nbsp;<\/p>\n\n\n\n<figure class=\"wp-block-image size-full\"><img loading=\"lazy\" decoding=\"async\" width=\"828\" height=\"532\" src=\"https:\/\/antiguaesportiva.com\/revista\/wp-content\/uploads\/2025\/06\/ETAPA-3.webp\" alt=\"\" class=\"wp-image-7996\" srcset=\"https:\/\/antiguaesportiva.com\/revista\/wp-content\/uploads\/2025\/06\/ETAPA-3.webp 828w, https:\/\/antiguaesportiva.com\/revista\/wp-content\/uploads\/2025\/06\/ETAPA-3-300x193.webp 300w, https:\/\/antiguaesportiva.com\/revista\/wp-content\/uploads\/2025\/06\/ETAPA-3-768x493.webp 768w, https:\/\/antiguaesportiva.com\/revista\/wp-content\/uploads\/2025\/06\/ETAPA-3-554x356.webp 554w\" sizes=\"auto, (max-width: 828px) 100vw, 828px\" \/><\/figure>\n\n\n\n<h2 class=\"wp-block-heading has-black-color has-text-color has-link-color wp-elements-c9ef6675abb4fbae6b9b31f6800d6b28\">4\u00aa Etapa &#8211; 8 de julio: Amiens &#8211; Rouen \/ 174.2 km<\/h2>\n\n\n\n<p class=\"has-black-color has-text-color has-link-color wp-elements-dfc9ed87bddd9cfdb815ad8d982fe26b\">Jornada perfecta para que finalizadores como Van Aert, Van der Poel o Alaphilippe muestren su potencial.\u00a0Todo se concentra en los \u00faltimos 40 kil\u00f3metros con cinco cotas perfectas para bonita batalla final. Las cotas de Jacques Anquetil (3,5 Km al 3,6%),\u00a0Belbeuf (1,3 km. al 9,1%), Bonsecours (900. al 7,2%), GrandMare (1,8 km. al 5%) y la exigente Rampa Saint-Hilare (800 m. al 19,6%) pueden reventar la carrera en su tramo definitivo.\u00a0<\/p>\n\n\n\n<figure class=\"wp-block-image size-full\"><img loading=\"lazy\" decoding=\"async\" width=\"828\" height=\"532\" src=\"https:\/\/antiguaesportiva.com\/revista\/wp-content\/uploads\/2025\/06\/ETAPA-4.webp\" alt=\"\" class=\"wp-image-7997\" srcset=\"https:\/\/antiguaesportiva.com\/revista\/wp-content\/uploads\/2025\/06\/ETAPA-4.webp 828w, https:\/\/antiguaesportiva.com\/revista\/wp-content\/uploads\/2025\/06\/ETAPA-4-300x193.webp 300w, https:\/\/antiguaesportiva.com\/revista\/wp-content\/uploads\/2025\/06\/ETAPA-4-768x493.webp 768w, https:\/\/antiguaesportiva.com\/revista\/wp-content\/uploads\/2025\/06\/ETAPA-4-554x356.webp 554w\" sizes=\"auto, (max-width: 828px) 100vw, 828px\" \/><\/figure>\n\n\n\n<h2 class=\"wp-block-heading has-black-color has-text-color has-link-color wp-elements-1ea1a22a30ae6898b2bde9498b572fd0\">5\u00aa Etapa &#8211; 9 de julio: Caen &#8211; Caen (CRI) \/ 33 km<\/h2>\n\n\n\n<p class=\"has-black-color has-text-color has-link-color wp-elements-660dfcacb01d505157f0045cda4942eb\">Primera gran llamada de atenci\u00f3n a los contendientes por la general. La primera contrarreloj del Tour 2025 presenta un trazado perfecto para los especialistas.&nbsp;Gran parte del circuito discurrir\u00e1 por carreteras anchas y completamente llanas, que permitir\u00e1n montar grandes desarrollos para dar buena potencia de pedalada.&nbsp;<\/p>\n\n\n\n<figure class=\"wp-block-image size-full\"><img loading=\"lazy\" decoding=\"async\" width=\"828\" height=\"532\" src=\"https:\/\/antiguaesportiva.com\/revista\/wp-content\/uploads\/2025\/06\/ETAPA-5.webp\" alt=\"\" class=\"wp-image-7998\" srcset=\"https:\/\/antiguaesportiva.com\/revista\/wp-content\/uploads\/2025\/06\/ETAPA-5.webp 828w, https:\/\/antiguaesportiva.com\/revista\/wp-content\/uploads\/2025\/06\/ETAPA-5-300x193.webp 300w, https:\/\/antiguaesportiva.com\/revista\/wp-content\/uploads\/2025\/06\/ETAPA-5-768x493.webp 768w, https:\/\/antiguaesportiva.com\/revista\/wp-content\/uploads\/2025\/06\/ETAPA-5-554x356.webp 554w\" sizes=\"auto, (max-width: 828px) 100vw, 828px\" \/><\/figure>\n\n\n\n<h2 class=\"wp-block-heading has-black-color has-text-color has-link-color wp-elements-7dec20089c2de3733923d5abebda2118\">6\u00aa Etapa &#8211; 10 de julio: Bayeux &#8211; Vire Normandia&nbsp; \/ 201,5 km<\/h2>\n\n\n\n<p class=\"has-black-color has-text-color has-link-color wp-elements-dba40a4a1e7ed449630cf84c8bcb1a70\">Se trata de una jornada rompepiernas que presenta m\u00e1s de 3.500 metros de desnivel acumulado. Tras cinco pasos de tercera, la cota de Vaudry (1,2 km al 7,2%) abrir\u00e1 fuego antes del explosivo final con 700 metros al 10%.<\/p>\n\n\n\n<figure class=\"wp-block-image size-full\"><img loading=\"lazy\" decoding=\"async\" width=\"828\" height=\"532\" src=\"https:\/\/antiguaesportiva.com\/revista\/wp-content\/uploads\/2025\/06\/ETAPA-6.webp\" alt=\"\" class=\"wp-image-7999\" srcset=\"https:\/\/antiguaesportiva.com\/revista\/wp-content\/uploads\/2025\/06\/ETAPA-6.webp 828w, https:\/\/antiguaesportiva.com\/revista\/wp-content\/uploads\/2025\/06\/ETAPA-6-300x193.webp 300w, https:\/\/antiguaesportiva.com\/revista\/wp-content\/uploads\/2025\/06\/ETAPA-6-768x493.webp 768w, https:\/\/antiguaesportiva.com\/revista\/wp-content\/uploads\/2025\/06\/ETAPA-6-554x356.webp 554w\" sizes=\"auto, (max-width: 828px) 100vw, 828px\" \/><\/figure>\n\n\n\n<h2 class=\"wp-block-heading has-black-color has-text-color has-link-color wp-elements-cf452529b170ffadb3a4223111d119a2\">7\u00aa Etapa &#8211; 11 de julio: Saint-Malo &#8211; Muro de Breta\u00f1a \/ 197 km<\/h2>\n\n\n\n<p class=\"has-black-color has-text-color has-link-color wp-elements-026ada7b1c026dd352d94317cbe4da9b\">Etapa que seguro trae buenos recuerdos a Mathieu Van der Poel que en 2021 logr\u00f3 imponerse y vestirse de amarillo en este mismo final. Toda la acci\u00f3n se concentra al final con un doble paso decisivo por el Muro de Breta\u00f1a, una subida de 2 kil\u00f3metros al 6,9% con rampas de hasta el 15%.<\/p>\n\n\n\n<figure class=\"wp-block-image size-full\"><img loading=\"lazy\" decoding=\"async\" width=\"828\" height=\"532\" src=\"https:\/\/antiguaesportiva.com\/revista\/wp-content\/uploads\/2025\/06\/ETAPA-7.webp\" alt=\"\" class=\"wp-image-8000\" srcset=\"https:\/\/antiguaesportiva.com\/revista\/wp-content\/uploads\/2025\/06\/ETAPA-7.webp 828w, https:\/\/antiguaesportiva.com\/revista\/wp-content\/uploads\/2025\/06\/ETAPA-7-300x193.webp 300w, https:\/\/antiguaesportiva.com\/revista\/wp-content\/uploads\/2025\/06\/ETAPA-7-768x493.webp 768w, https:\/\/antiguaesportiva.com\/revista\/wp-content\/uploads\/2025\/06\/ETAPA-7-554x356.webp 554w\" sizes=\"auto, (max-width: 828px) 100vw, 828px\" \/><\/figure>\n\n\n\n<h2 class=\"wp-block-heading has-black-color has-text-color has-link-color wp-elements-38251fdc63d60662413b2f6db4164ee5\">8\u00aa Etapa &#8211; 12 de julio: Saint-Meen-le-Grand &#8211; Laval Espace Mayenne \/ 171.4 km<\/h2>\n\n\n\n<p class=\"has-black-color has-text-color has-link-color wp-elements-b9540cfaf4eeecde1fd71352e673887d\">Jornada que apunta a un final con sprint masivo. La criba la puede realizar el \u00faltimo kil\u00f3metro que se presenta siempre ascendente y puede dejar fuera de combate a los velocistas que lleguen m\u00e1s justos al final.&nbsp;<\/p>\n\n\n\n<figure class=\"wp-block-image size-full\"><img loading=\"lazy\" decoding=\"async\" width=\"828\" height=\"532\" src=\"https:\/\/antiguaesportiva.com\/revista\/wp-content\/uploads\/2025\/06\/ETAPA-8.webp\" alt=\"\" class=\"wp-image-8001\" srcset=\"https:\/\/antiguaesportiva.com\/revista\/wp-content\/uploads\/2025\/06\/ETAPA-8.webp 828w, https:\/\/antiguaesportiva.com\/revista\/wp-content\/uploads\/2025\/06\/ETAPA-8-300x193.webp 300w, https:\/\/antiguaesportiva.com\/revista\/wp-content\/uploads\/2025\/06\/ETAPA-8-768x493.webp 768w, https:\/\/antiguaesportiva.com\/revista\/wp-content\/uploads\/2025\/06\/ETAPA-8-554x356.webp 554w\" sizes=\"auto, (max-width: 828px) 100vw, 828px\" \/><\/figure>\n\n\n\n<h2 class=\"wp-block-heading has-black-color has-text-color has-link-color wp-elements-6aa3902569509486357fcb692cad41b5\">9\u00aa Etapa &#8211; 13 de julio: Chinon \u2013 Chateauroux \/ 170 km<\/h2>\n\n\n\n<p class=\"has-black-color has-text-color has-link-color wp-elements-d273f56ed752217d5ed2881adbf2b23b\">D\u00eda de trabajo para los equipos de los sprinters que van a tener que controlar la etapa para que sus l\u00edderes puedan rematar en la &#8216;Cavendish Avenue&#8217;, una l\u00ednea recta que aportar\u00e1 seguridad en la volta y permitir\u00e1 a los cohetes del pelot\u00f3n mostrar toda su potencia.&nbsp;<\/p>\n\n\n\n<figure class=\"wp-block-image size-full\"><img loading=\"lazy\" decoding=\"async\" width=\"828\" height=\"532\" src=\"https:\/\/antiguaesportiva.com\/revista\/wp-content\/uploads\/2025\/06\/ETAPA-9.webp\" alt=\"\" class=\"wp-image-8002\" srcset=\"https:\/\/antiguaesportiva.com\/revista\/wp-content\/uploads\/2025\/06\/ETAPA-9.webp 828w, https:\/\/antiguaesportiva.com\/revista\/wp-content\/uploads\/2025\/06\/ETAPA-9-300x193.webp 300w, https:\/\/antiguaesportiva.com\/revista\/wp-content\/uploads\/2025\/06\/ETAPA-9-768x493.webp 768w, https:\/\/antiguaesportiva.com\/revista\/wp-content\/uploads\/2025\/06\/ETAPA-9-554x356.webp 554w\" sizes=\"auto, (max-width: 828px) 100vw, 828px\" \/><\/figure>\n\n\n\n<h2 class=\"wp-block-heading has-black-color has-text-color has-link-color wp-elements-84bda001f0f6f8ad9f21648fd1d5d354\">10\u00aa Etapa &#8211; 14 de julio: Ennezat \u2013 Monte Dore-Puy Sancy \/ 163 km<\/h2>\n\n\n\n<p class=\"has-black-color has-text-color has-link-color wp-elements-f691e6b4d641687b29102d847f589876\">El d\u00eda de la Fiesta Nacional de Francia llega con una etapa explosiva que presenta siete puertos para un total de 4.450 metros de desnivel. Un d\u00eda sin tregua que culminar\u00e1 con la explosiva ascensi\u00f3n a la estaci\u00f3n de Le Mont-Dore (3,3 km al 8%). D\u00eda clave para que los aspirantes por la general se muestren.<\/p>\n\n\n\n<figure class=\"wp-block-image size-full\"><img loading=\"lazy\" decoding=\"async\" width=\"828\" height=\"532\" src=\"https:\/\/antiguaesportiva.com\/revista\/wp-content\/uploads\/2025\/06\/ETAPA-10.webp\" alt=\"\" class=\"wp-image-8003\" srcset=\"https:\/\/antiguaesportiva.com\/revista\/wp-content\/uploads\/2025\/06\/ETAPA-10.webp 828w, https:\/\/antiguaesportiva.com\/revista\/wp-content\/uploads\/2025\/06\/ETAPA-10-300x193.webp 300w, https:\/\/antiguaesportiva.com\/revista\/wp-content\/uploads\/2025\/06\/ETAPA-10-768x493.webp 768w, https:\/\/antiguaesportiva.com\/revista\/wp-content\/uploads\/2025\/06\/ETAPA-10-554x356.webp 554w\" sizes=\"auto, (max-width: 828px) 100vw, 828px\" \/><\/figure>\n\n\n\n<h2 class=\"wp-block-heading has-black-color has-text-color has-link-color wp-elements-40fbfe85e745e692c87158c3ff8b7318\">11\u00aa Etapa &#8211; 16 de julio: Toulouse \u2013 Toulouse \/ 154 km<\/h2>\n\n\n\n<p class=\"has-black-color has-text-color has-link-color wp-elements-5343bb329af06bc409efb87100250c48\">Tras el primer d\u00eda de descanso, el pelot\u00f3n afronta una jornada llena de trampas. El recorrido aparece trufado de cotas para un total de 1750 metros de desnivel. La colina de Pech David, con rampas m\u00e1ximas del 20%, se corona a ocho de metas y puede jugar un papel clave en el devenir final de la etapa.&nbsp;<\/p>\n\n\n\n<figure class=\"wp-block-image size-full\"><img loading=\"lazy\" decoding=\"async\" width=\"828\" height=\"532\" src=\"https:\/\/antiguaesportiva.com\/revista\/wp-content\/uploads\/2025\/06\/ETAPA-11.webp\" alt=\"\" class=\"wp-image-8004\" srcset=\"https:\/\/antiguaesportiva.com\/revista\/wp-content\/uploads\/2025\/06\/ETAPA-11.webp 828w, https:\/\/antiguaesportiva.com\/revista\/wp-content\/uploads\/2025\/06\/ETAPA-11-300x193.webp 300w, https:\/\/antiguaesportiva.com\/revista\/wp-content\/uploads\/2025\/06\/ETAPA-11-768x493.webp 768w, https:\/\/antiguaesportiva.com\/revista\/wp-content\/uploads\/2025\/06\/ETAPA-11-554x356.webp 554w\" sizes=\"auto, (max-width: 828px) 100vw, 828px\" \/><\/figure>\n\n\n\n<h2 class=\"wp-block-heading has-black-color has-text-color has-link-color wp-elements-4d04b5f0aac5f4b3f6d162e6ce69378c\">12\u00aa Etapa &#8211; 17 de julio: Auch \u2013 Hautacam \/ 181 km<\/h2>\n\n\n\n<p class=\"has-black-color has-text-color has-link-color wp-elements-4fc9049381985d81517057e67fbb7747\">Los Pirineos asoman con una etapa que presenta toda la p\u00f3lvora en su fase final. Esperan&nbsp;3850 metros de desnivel que se concentran en los tres puertos finales. Abre fuego el Col du Soulor por Ferri\u00e8re (11,9 km al 7,3%), tras \u00e9l llegar\u00e1 el Col de Bord\u00e8res (3,1 km al 7,7%) y tras ello llegar\u00e1 el final en alto en Hautacam, de 13,6 km de longitud y una pendiente media del 7,8%.<\/p>\n\n\n\n<figure class=\"wp-block-image size-full\"><img loading=\"lazy\" decoding=\"async\" width=\"828\" height=\"532\" src=\"https:\/\/antiguaesportiva.com\/revista\/wp-content\/uploads\/2025\/06\/ETAPA-12.webp\" alt=\"\" class=\"wp-image-8005\" srcset=\"https:\/\/antiguaesportiva.com\/revista\/wp-content\/uploads\/2025\/06\/ETAPA-12.webp 828w, https:\/\/antiguaesportiva.com\/revista\/wp-content\/uploads\/2025\/06\/ETAPA-12-300x193.webp 300w, https:\/\/antiguaesportiva.com\/revista\/wp-content\/uploads\/2025\/06\/ETAPA-12-768x493.webp 768w, https:\/\/antiguaesportiva.com\/revista\/wp-content\/uploads\/2025\/06\/ETAPA-12-554x356.webp 554w\" sizes=\"auto, (max-width: 828px) 100vw, 828px\" \/><\/figure>\n\n\n\n<h2 class=\"wp-block-heading has-black-color has-text-color has-link-color wp-elements-f807b7522e57075f99388f2557543011\">13\u00aa Etapa &#8211; 18 de julio: Loudenvielle \u2013 Peyragudes (CRI) \/ 11 km<\/h2>\n\n\n\n<p class=\"has-black-color has-text-color has-link-color wp-elements-8d83517deb8264023cffb688ae419b0d\">Crono escalada asfixiante con final en el m\u00edtico altipuerto de Peyragudes (8 km. al 7,9%). La ascensi\u00f3n presenta rampas de hasta el 16% de desnivel que puede costar el Tour a alg\u00fan favorito que no est\u00e9 fino ese d\u00eda.&nbsp;<\/p>\n\n\n\n<figure class=\"wp-block-image size-full\"><img loading=\"lazy\" decoding=\"async\" width=\"828\" height=\"532\" src=\"https:\/\/antiguaesportiva.com\/revista\/wp-content\/uploads\/2025\/06\/ETAPA-13.webp\" alt=\"\" class=\"wp-image-8006\" srcset=\"https:\/\/antiguaesportiva.com\/revista\/wp-content\/uploads\/2025\/06\/ETAPA-13.webp 828w, https:\/\/antiguaesportiva.com\/revista\/wp-content\/uploads\/2025\/06\/ETAPA-13-300x193.webp 300w, https:\/\/antiguaesportiva.com\/revista\/wp-content\/uploads\/2025\/06\/ETAPA-13-768x493.webp 768w, https:\/\/antiguaesportiva.com\/revista\/wp-content\/uploads\/2025\/06\/ETAPA-13-554x356.webp 554w\" sizes=\"auto, (max-width: 828px) 100vw, 828px\" \/><\/figure>\n\n\n\n<h2 class=\"wp-block-heading has-black-color has-text-color has-link-color wp-elements-01f3e8b6211d89aeabb51935f6dff301\">14\u00aa Etapa &#8211; 19 de julio: Pau \u2013 Luchon-Superbagn\u00e8res \/ 182,6 km<\/h2>\n\n\n\n<p class=\"has-black-color has-text-color has-link-color wp-elements-9aace62956ac49e9dbb54ed3a0d19b03\">El dise\u00f1o de la etapa es un calco de la jornada 16 de 1986, en la que se impuso\u00a0Greg Lemond y Robert Millar\u00a0fue segundo a 1:12&#8243;. Cl\u00e1sica jornada pirenaica con casi 5000 metros de desnivel y un encadenado que sale solo: Tourmalet (19 km al 7,4%), Col de Aspin (5km al 7,6%), Col de Peyresourde (7,1 km al 7,8%)\u00a0y traca final con la temible ascensi\u00f3n a Superbagn\u00e8res (12,4 km al 7,5 %).<\/p>\n\n\n\n<figure class=\"wp-block-image size-full\"><img loading=\"lazy\" decoding=\"async\" width=\"828\" height=\"532\" src=\"https:\/\/antiguaesportiva.com\/revista\/wp-content\/uploads\/2025\/06\/ETAPA-14.webp\" alt=\"\" class=\"wp-image-8007\" srcset=\"https:\/\/antiguaesportiva.com\/revista\/wp-content\/uploads\/2025\/06\/ETAPA-14.webp 828w, https:\/\/antiguaesportiva.com\/revista\/wp-content\/uploads\/2025\/06\/ETAPA-14-300x193.webp 300w, https:\/\/antiguaesportiva.com\/revista\/wp-content\/uploads\/2025\/06\/ETAPA-14-768x493.webp 768w, https:\/\/antiguaesportiva.com\/revista\/wp-content\/uploads\/2025\/06\/ETAPA-14-554x356.webp 554w\" sizes=\"auto, (max-width: 828px) 100vw, 828px\" \/><\/figure>\n\n\n\n<h2 class=\"wp-block-heading has-black-color has-text-color has-link-color wp-elements-9a0834fb2e2afc78f53979f583ec407f\">15\u00aa Etapa &#8211; 20 de julio: Muret \u2013 Carcasona \/ 169,3 km<\/h2>\n\n\n\n<p class=\"has-black-color has-text-color has-link-color wp-elements-bd9af187493c0ff1092abefd4a9db498\">2.400 metros de desnivel acumulado en menos de 170 kil\u00f3metros pueden favorecer que una buena escapada organizada termine triunfando. La cota de\u00a0Saint-Ferr\u00e9ol (1,7 km al 7%) y el Pas du Sant (2,9 km al 10%)\u00a0pueden favorecer ataques clave ante del descenso de 40 kil\u00f3metros con el que finaliza la etapa.\u00a0<\/p>\n\n\n\n<figure class=\"wp-block-image size-full\"><img loading=\"lazy\" decoding=\"async\" width=\"828\" height=\"532\" src=\"https:\/\/antiguaesportiva.com\/revista\/wp-content\/uploads\/2025\/06\/ETAPA-15.webp\" alt=\"\" class=\"wp-image-8008\" srcset=\"https:\/\/antiguaesportiva.com\/revista\/wp-content\/uploads\/2025\/06\/ETAPA-15.webp 828w, https:\/\/antiguaesportiva.com\/revista\/wp-content\/uploads\/2025\/06\/ETAPA-15-300x193.webp 300w, https:\/\/antiguaesportiva.com\/revista\/wp-content\/uploads\/2025\/06\/ETAPA-15-768x493.webp 768w, https:\/\/antiguaesportiva.com\/revista\/wp-content\/uploads\/2025\/06\/ETAPA-15-554x356.webp 554w\" sizes=\"auto, (max-width: 828px) 100vw, 828px\" \/><\/figure>\n\n\n\n<h2 class=\"wp-block-heading has-black-color has-text-color has-link-color wp-elements-638cc19da6cc5fbf51f9d7ef907d718e\">16\u00aa Etapa &#8211; 22 de julio: Montpellier \u2013 Mont Ventoux \/ 172 km<\/h2>\n\n\n\n<p class=\"has-black-color has-text-color has-link-color wp-elements-344d428d68aabde095e45f9af7f1efd5\">Etapa monopuerto con batalla final en el Mont Ventoux (15,7 km. al 8,8%). El inicio de la etapa no presenta grandes dificultades, pero seguro ser\u00e1 nervioso por las estrategias o la b\u00fasqueda de una fuga ganadora que, todo apunta, que lo tendr\u00e1 complicado para triunfar.&nbsp;<\/p>\n\n\n\n<figure class=\"wp-block-image size-full\"><img loading=\"lazy\" decoding=\"async\" width=\"828\" height=\"532\" src=\"https:\/\/antiguaesportiva.com\/revista\/wp-content\/uploads\/2025\/06\/ETAPA-16.webp\" alt=\"\" class=\"wp-image-8009\" srcset=\"https:\/\/antiguaesportiva.com\/revista\/wp-content\/uploads\/2025\/06\/ETAPA-16.webp 828w, https:\/\/antiguaesportiva.com\/revista\/wp-content\/uploads\/2025\/06\/ETAPA-16-300x193.webp 300w, https:\/\/antiguaesportiva.com\/revista\/wp-content\/uploads\/2025\/06\/ETAPA-16-768x493.webp 768w, https:\/\/antiguaesportiva.com\/revista\/wp-content\/uploads\/2025\/06\/ETAPA-16-554x356.webp 554w\" sizes=\"auto, (max-width: 828px) 100vw, 828px\" \/><\/figure>\n\n\n\n<h2 class=\"wp-block-heading has-black-color has-text-color has-link-color wp-elements-bf53316af84206c11e502f723728b883\">17\u00aa Etapa &#8211; 23 de julio: Boll\u00e8ne \u2013 Valence \/ 161 km<\/h2>\n\n\n\n<p class=\"has-black-color has-text-color has-link-color wp-elements-b8c1920ee9325e383a59772e4ca561f4\">Etapa nerviosa previa a la gran monta\u00f1a. Presenta dos cotas que parecen muy lejos de meta, lo que va a complicar que la fuga triunfe. D\u00eda de orejas tiesas en la que nadie puede despistarse ni por la etapa ni por la general.<\/p>\n\n\n\n<figure class=\"wp-block-image size-full\"><img loading=\"lazy\" decoding=\"async\" width=\"828\" height=\"532\" src=\"https:\/\/antiguaesportiva.com\/revista\/wp-content\/uploads\/2025\/06\/ETAPA-17.webp\" alt=\"\" class=\"wp-image-8010\" srcset=\"https:\/\/antiguaesportiva.com\/revista\/wp-content\/uploads\/2025\/06\/ETAPA-17.webp 828w, https:\/\/antiguaesportiva.com\/revista\/wp-content\/uploads\/2025\/06\/ETAPA-17-300x193.webp 300w, https:\/\/antiguaesportiva.com\/revista\/wp-content\/uploads\/2025\/06\/ETAPA-17-768x493.webp 768w, https:\/\/antiguaesportiva.com\/revista\/wp-content\/uploads\/2025\/06\/ETAPA-17-554x356.webp 554w\" sizes=\"auto, (max-width: 828px) 100vw, 828px\" \/><\/figure>\n\n\n\n<h2 class=\"wp-block-heading has-black-color has-text-color has-link-color wp-elements-bbc8ce2996fe96b86e7f613798782f3e\">18\u00aa Etapa &#8211; 24 de julio: Vif \u2013 Col de la Loze (Courchevel) \/ 171 km<\/h2>\n\n\n\n<p class=\"has-black-color has-text-color has-link-color wp-elements-b2726b7c05b604f619f5c0270fedd5eb\">El Tour de la posibilidad de revancha a Tadej Pogacar. El esloveno regresa al escenario de su \u00faltimo desfallecimiento (&#8220;I&#8217;m gone , I&#8217;m dead&#8221;) donde cedi\u00f3 por pen\u00faltima vez ante Vingegaard. La jornada presenta un desnivel apocal\u00edptico de 5450 metros de desnivel con final en el coloso infinito de Col de la Loze (24,6 al 6,4%). Antes se suben otros dos puertos de especial: Col du Glandon (21,7 km al 5,1%) y Col de la Madeleine (19,2 km al 7,9%). D\u00eda clave por el amarillo y la general en el que los l\u00edderes tienen que dar un paso al frente. Asistimos a la etapa reina del Tour.<\/p>\n\n\n\n<figure class=\"wp-block-image size-full\"><img loading=\"lazy\" decoding=\"async\" width=\"828\" height=\"532\" src=\"https:\/\/antiguaesportiva.com\/revista\/wp-content\/uploads\/2025\/06\/ETAPA-18.webp\" alt=\"\" class=\"wp-image-8011\" srcset=\"https:\/\/antiguaesportiva.com\/revista\/wp-content\/uploads\/2025\/06\/ETAPA-18.webp 828w, https:\/\/antiguaesportiva.com\/revista\/wp-content\/uploads\/2025\/06\/ETAPA-18-300x193.webp 300w, https:\/\/antiguaesportiva.com\/revista\/wp-content\/uploads\/2025\/06\/ETAPA-18-768x493.webp 768w, https:\/\/antiguaesportiva.com\/revista\/wp-content\/uploads\/2025\/06\/ETAPA-18-554x356.webp 554w\" sizes=\"auto, (max-width: 828px) 100vw, 828px\" \/><\/figure>\n\n\n\n<h2 class=\"wp-block-heading has-black-color has-text-color has-link-color wp-elements-a60ddfc514c5358f068853c44cbcdbc0\">19\u00aa Etapa &#8211; 25 de julio: Albertville \u2013 La Plagne \/ 130 km<\/h2>\n\n\n\n<p class=\"has-black-color has-text-color has-link-color wp-elements-59acd21d2dfe3c2c1534ec244573abae\">Otro d\u00eda para que exploten las piernas con cinco ascensiones (4.550 metros de desnivel) condensadas en apenas 130 kil\u00f3metros. Esperan dos segundas, un primera y dos ascensos de especial: La Pr\u00e9 (12,6 km al 7,7%) y La Plagne (19,1 k al 7,2%). Miguel Indur\u00e1in firm\u00f3 en La Plagne una de las grandes exhibiciones de su carrera en 1995 con uno de los mejores ataques de su historia para salvar el amarillo ante Zulle. Desde 2002 no se ascend\u00eda en el Tour.&nbsp;<\/p>\n\n\n\n<figure class=\"wp-block-image size-full\"><img loading=\"lazy\" decoding=\"async\" width=\"828\" height=\"532\" src=\"https:\/\/antiguaesportiva.com\/revista\/wp-content\/uploads\/2025\/06\/ETAPA-19.webp\" alt=\"\" class=\"wp-image-8012\" srcset=\"https:\/\/antiguaesportiva.com\/revista\/wp-content\/uploads\/2025\/06\/ETAPA-19.webp 828w, https:\/\/antiguaesportiva.com\/revista\/wp-content\/uploads\/2025\/06\/ETAPA-19-300x193.webp 300w, https:\/\/antiguaesportiva.com\/revista\/wp-content\/uploads\/2025\/06\/ETAPA-19-768x493.webp 768w, https:\/\/antiguaesportiva.com\/revista\/wp-content\/uploads\/2025\/06\/ETAPA-19-554x356.webp 554w\" sizes=\"auto, (max-width: 828px) 100vw, 828px\" \/><\/figure>\n\n\n\n<h2 class=\"wp-block-heading has-black-color has-text-color has-link-color wp-elements-859f151bf24a69062df8f79ffadd536d\">20\u00aa Etapa &#8211; 26 de julio: Nantua \u2013 Pontarlier \/ 185 km<\/h2>\n\n\n\n<p class=\"has-black-color has-text-color has-link-color wp-elements-da1f0f10271b8a7ce7e31278118f9e92\">Las fuerzas estar\u00e1n al l\u00edmite y el fin de semana final del Tour llega con una jornada con sabor a cl\u00e1sica perfecta para las escapadas. Sube y baja contin\u00fao por un terreno pestoso que no dar\u00e1 tregua y presenta 2.900 metros de desnivel. Buen d\u00eda para que alguno de los finalizadores del pelot\u00f3n salve el Tour con un triunfo de etapa.&nbsp;<\/p>\n\n\n\n<figure class=\"wp-block-image size-full\"><img loading=\"lazy\" decoding=\"async\" width=\"828\" height=\"532\" src=\"https:\/\/antiguaesportiva.com\/revista\/wp-content\/uploads\/2025\/06\/ETAPA-20.webp\" alt=\"\" class=\"wp-image-8013\" srcset=\"https:\/\/antiguaesportiva.com\/revista\/wp-content\/uploads\/2025\/06\/ETAPA-20.webp 828w, https:\/\/antiguaesportiva.com\/revista\/wp-content\/uploads\/2025\/06\/ETAPA-20-300x193.webp 300w, https:\/\/antiguaesportiva.com\/revista\/wp-content\/uploads\/2025\/06\/ETAPA-20-768x493.webp 768w, https:\/\/antiguaesportiva.com\/revista\/wp-content\/uploads\/2025\/06\/ETAPA-20-554x356.webp 554w\" sizes=\"auto, (max-width: 828px) 100vw, 828px\" \/><\/figure>\n\n\n\n<h2 class=\"wp-block-heading has-black-color has-text-color has-link-color wp-elements-5dc88a2bdfa45294f685bb55948493ab\">21\u00aa Etapa &#8211; 27 de julio: Mantes-la-Ville \u2013 Par\u00eds (Campos El\u00edseos) \/ 132 km<\/h2>\n\n\n\n<p class=\"has-black-color has-text-color has-link-color wp-elements-06411b8a095ef6921e8991e41527d390\">Tras el par\u00e9ntesis de Niza del a\u00f1o pasado, el Tour vuelve a bajar el tel\u00f3n en los Campos El\u00edseos. Tres subidas a la cota adoquinada de la Butte Montmartre (1,1 km al 5,9%), que fue protagonista de la prueba en l\u00ednea de los Juegos de Par\u00eds 2024, pondr\u00e1n emoci\u00f3n a la \u00faltima etapa del Tour.<\/p>\n\n\n\n<figure class=\"wp-block-image size-full\"><img loading=\"lazy\" decoding=\"async\" width=\"828\" height=\"532\" src=\"https:\/\/antiguaesportiva.com\/revista\/wp-content\/uploads\/2025\/06\/ETAPA-21.webp\" alt=\"\" class=\"wp-image-8014\" srcset=\"https:\/\/antiguaesportiva.com\/revista\/wp-content\/uploads\/2025\/06\/ETAPA-21.webp 828w, https:\/\/antiguaesportiva.com\/revista\/wp-content\/uploads\/2025\/06\/ETAPA-21-300x193.webp 300w, https:\/\/antiguaesportiva.com\/revista\/wp-content\/uploads\/2025\/06\/ETAPA-21-768x493.webp 768w, https:\/\/antiguaesportiva.com\/revista\/wp-content\/uploads\/2025\/06\/ETAPA-21-554x356.webp 554w\" sizes=\"auto, (max-width: 828px) 100vw, 828px\" \/><\/figure>\n","protected":false},"excerpt":{"rendered":"<p>La ronda francesa\u00a0comienza el s\u00e1bado 5 de julio en Lille y finaliza al domingo 27 en Par\u00eds. El\u00a0Tour de Francia 2025\u00a0volver\u00e1 a comenzar en tierras &#8216;Galas&#8217; cuatro a\u00f1os despu\u00e9s.\u00a0Lille\u00a0albergar\u00e1 la Gran Depart de la\u00a0112.\u00aa edici\u00f3n de la Grande Boucle\u00a0que volver\u00e1 a finalizar en los Campos El\u00edseos de Par\u00eds. Esperan\u00a021 etapas para un total de 3.338 [&hellip;]<\/p>\n","protected":false},"author":5,"featured_media":8015,"comment_status":"closed","ping_status":"closed","sticky":false,"template":"","format":"standard","meta":{"footnotes":""},"categories":[38],"tags":[47,48,49,721,718,719,720],"class_list":["post-7993","post","type-post","status-publish","format-standard","has-post-thumbnail","hentry","category-ciclismo","tag-antigua-esportiva","tag-kenny-rodas","tag-kenny-sports","tag-tadej-pogacar","tag-tour-de-france-2025","tag-tour-de-francia","tag-tour-de-francia-2025"],"_links":{"self":[{"href":"https:\/\/antiguaesportiva.com\/revista\/wp-json\/wp\/v2\/posts\/7993","targetHints":{"allow":["GET"]}}],"collection":[{"href":"https:\/\/antiguaesportiva.com\/revista\/wp-json\/wp\/v2\/posts"}],"about":[{"href":"https:\/\/antiguaesportiva.com\/revista\/wp-json\/wp\/v2\/types\/post"}],"author":[{"embeddable":true,"href":"https:\/\/antiguaesportiva.com\/revista\/wp-json\/wp\/v2\/users\/5"}],"replies":[{"embeddable":true,"href":"https:\/\/antiguaesportiva.com\/revista\/wp-json\/wp\/v2\/comments?post=7993"}],"version-history":[{"count":1,"href":"https:\/\/antiguaesportiva.com\/revista\/wp-json\/wp\/v2\/posts\/7993\/revisions"}],"predecessor-version":[{"id":8016,"href":"https:\/\/antiguaesportiva.com\/revista\/wp-json\/wp\/v2\/posts\/7993\/revisions\/8016"}],"wp:featuredmedia":[{"embeddable":true,"href":"https:\/\/antiguaesportiva.com\/revista\/wp-json\/wp\/v2\/media\/8015"}],"wp:attachment":[{"href":"https:\/\/antiguaesportiva.com\/revista\/wp-json\/wp\/v2\/media?parent=7993"}],"wp:term":[{"taxonomy":"category","embeddable":true,"href":"https:\/\/antiguaesportiva.com\/revista\/wp-json\/wp\/v2\/categories?post=7993"},{"taxonomy":"post_tag","embeddable":true,"href":"https:\/\/antiguaesportiva.com\/revista\/wp-json\/wp\/v2\/tags?post=7993"}],"curies":[{"name":"wp","href":"https:\/\/api.w.org\/{rel}","templated":true}]}}