{"id":7874,"date":"2025-06-16T11:15:54","date_gmt":"2025-06-16T17:15:54","guid":{"rendered":"https:\/\/antiguaesportiva.com\/revista\/?p=7874"},"modified":"2025-06-16T11:15:56","modified_gmt":"2025-06-16T17:15:56","slug":"asi-el-primer-entrenamiento-de-fernandez-con-antigua-gfc","status":"publish","type":"post","link":"https:\/\/antiguaesportiva.com\/revista\/2025\/06\/16\/asi-el-primer-entrenamiento-de-fernandez-con-antigua-gfc\/","title":{"rendered":"\u00a1As\u00ed el primer entrenamiento de Fern\u00e1ndez con Antigua GFC!"},"content":{"rendered":"\n<p class=\"has-black-color has-text-color has-link-color wp-elements-0705a14dbe04f8617dce0a88f380e398\">El defensa lateral izquierdo de nacionalidad uruguaya, Enzo Fern\u00e1ndez, ya trabaja con el primer equipo de Antigua GFC. <\/p>\n\n\n\n<p class=\"has-black-color has-text-color has-link-color wp-elements-2ae6bde874a4ff1f7bf1268ad10191ae\">Primer d\u00eda de entrenamientos en la &#8216;Ciudad Colonial&#8217;. Antigua GFC ya se prepara para encarar la Temporada 2025-26, misma en la que estar\u00e1n compitiendo tanto en Liga Nacional de Guatemala, como en Copa Centroamericana de Clubes de la CONCACAF. <\/p>\n\n\n\n<p class=\"has-black-color has-text-color has-link-color wp-elements-93e1b33e9e97f7708ce7c7c0271d9052\">Por eso mismo, para esta campa\u00f1a, los &#8216;Panza Verde&#8217; se han comenzado a armar con jugadores de buena cartelera y recorrido, como el caso del lateral izquierdo de nacionalidad uruguaya, Enzo Fern\u00e1ndez, que hoy mismo ha arrancado de lleno junto al resto del plantel.  <\/p>\n\n\n\n<figure class=\"wp-block-image size-full is-resized\"><a href=\"https:\/\/www.formacionsecretarial.edu.gt\/\"><img loading=\"lazy\" decoding=\"async\" width=\"500\" height=\"708\" src=\"https:\/\/antiguaesportiva.com\/revista\/wp-content\/uploads\/2025\/05\/nueva-ubica-manta-2@2x.png\" alt=\"\" class=\"wp-image-7483\" style=\"width:302px;height:auto\" srcset=\"https:\/\/antiguaesportiva.com\/revista\/wp-content\/uploads\/2025\/05\/nueva-ubica-manta-2@2x.png 500w, https:\/\/antiguaesportiva.com\/revista\/wp-content\/uploads\/2025\/05\/nueva-ubica-manta-2@2x-212x300.png 212w\" sizes=\"auto, (max-width: 500px) 100vw, 500px\" \/><\/a><\/figure>\n\n\n\n<h2 class=\"wp-block-heading\">As\u00ed ha sido su primer entrenamiento<\/h2>\n\n\n\n<p class=\"has-black-color has-text-color has-link-color wp-elements-44f04d2639b740142519700382f93dde\">En esta primera pr\u00e1ctica, Fern\u00e1ndez se ha mostrado con toda la disposici\u00f3n desde los trabajos de calentamiento, hasta el momento de realizar ejercicios con bal\u00f3n. Buen sentido de ubicaci\u00f3n, buena asociaci\u00f3n con el resto del grupo y buena visual para jugar al frente. <\/p>\n\n\n\n<p class=\"has-black-color has-text-color has-link-color wp-elements-fcc8f8d03aaf8a029b7af1e848c954d5\">Destacar una jugada recuperada en ofensiva luego de la media cancha, encar\u00f3, realiz\u00f3 una pared, y luego asisti\u00f3 sobre el extremo izquierdo para contribuir con uno de los goles de su equipo durante el ejercicio. Profundidad habr\u00e1 para Antigua sobre ese costado. <\/p>\n\n\n\n<h2 class=\"wp-block-heading\">Las postales del primer d\u00eda<\/h2>\n\n\n\n<p class=\"has-black-color has-text-color has-link-color wp-elements-d80bca8999fd79f6cd3597609746e67a\">En <strong>Antigua Esportiva <\/strong>te compartimos im\u00e1genes del primer entrenamiento del &#8216;Charrua&#8217; con los colores de Antigua GFC. <\/p>\n\n\n\n<figure class=\"wp-block-image size-full\"><img loading=\"lazy\" decoding=\"async\" width=\"960\" height=\"640\" src=\"https:\/\/antiguaesportiva.com\/revista\/wp-content\/uploads\/2025\/06\/fernandez2.jpg\" alt=\"\" class=\"wp-image-7876\" srcset=\"https:\/\/antiguaesportiva.com\/revista\/wp-content\/uploads\/2025\/06\/fernandez2.jpg 960w, https:\/\/antiguaesportiva.com\/revista\/wp-content\/uploads\/2025\/06\/fernandez2-300x200.jpg 300w, https:\/\/antiguaesportiva.com\/revista\/wp-content\/uploads\/2025\/06\/fernandez2-768x512.jpg 768w, https:\/\/antiguaesportiva.com\/revista\/wp-content\/uploads\/2025\/06\/fernandez2-554x369.jpg 554w\" sizes=\"auto, (max-width: 960px) 100vw, 960px\" \/><\/figure>\n\n\n\n<figure class=\"wp-block-image size-full\"><img loading=\"lazy\" decoding=\"async\" width=\"960\" height=\"640\" src=\"https:\/\/antiguaesportiva.com\/revista\/wp-content\/uploads\/2025\/06\/fernandez3.jpg\" alt=\"\" class=\"wp-image-7877\" srcset=\"https:\/\/antiguaesportiva.com\/revista\/wp-content\/uploads\/2025\/06\/fernandez3.jpg 960w, https:\/\/antiguaesportiva.com\/revista\/wp-content\/uploads\/2025\/06\/fernandez3-300x200.jpg 300w, https:\/\/antiguaesportiva.com\/revista\/wp-content\/uploads\/2025\/06\/fernandez3-768x512.jpg 768w, https:\/\/antiguaesportiva.com\/revista\/wp-content\/uploads\/2025\/06\/fernandez3-554x369.jpg 554w\" sizes=\"auto, (max-width: 960px) 100vw, 960px\" \/><\/figure>\n\n\n\n<figure class=\"wp-block-image size-full\"><img loading=\"lazy\" decoding=\"async\" width=\"960\" height=\"640\" src=\"https:\/\/antiguaesportiva.com\/revista\/wp-content\/uploads\/2025\/06\/fernandez1.jpg\" alt=\"\" class=\"wp-image-7875\" srcset=\"https:\/\/antiguaesportiva.com\/revista\/wp-content\/uploads\/2025\/06\/fernandez1.jpg 960w, https:\/\/antiguaesportiva.com\/revista\/wp-content\/uploads\/2025\/06\/fernandez1-300x200.jpg 300w, https:\/\/antiguaesportiva.com\/revista\/wp-content\/uploads\/2025\/06\/fernandez1-768x512.jpg 768w, https:\/\/antiguaesportiva.com\/revista\/wp-content\/uploads\/2025\/06\/fernandez1-554x369.jpg 554w\" sizes=\"auto, (max-width: 960px) 100vw, 960px\" \/><\/figure>\n","protected":false},"excerpt":{"rendered":"<p>El defensa lateral izquierdo de nacionalidad uruguaya, Enzo Fern\u00e1ndez, ya trabaja con el primer equipo de Antigua GFC. Primer d\u00eda de entrenamientos en la &#8216;Ciudad Colonial&#8217;. Antigua GFC ya se prepara para encarar la Temporada 2025-26, misma en la que estar\u00e1n compitiendo tanto en Liga Nacional de Guatemala, como en Copa Centroamericana de Clubes de [&hellip;]<\/p>\n","protected":false},"author":5,"featured_media":7876,"comment_status":"closed","ping_status":"closed","sticky":false,"template":"","format":"standard","meta":{"footnotes":""},"categories":[29,31],"tags":[47,45,610,703,48,49,56,55,611],"class_list":["post-7874","post","type-post","status-publish","format-standard","has-post-thumbnail","hentry","category-antigua-gfc","category-liga-nacional","tag-antigua-esportiva","tag-antigua-gfc","tag-apertura-2025","tag-enzo-fernandez","tag-kenny-rodas","tag-kenny-sports","tag-liga-nacional","tag-liga-nacional-de-futbol-de-guatemala","tag-torneo-apertura-2025"],"_links":{"self":[{"href":"https:\/\/antiguaesportiva.com\/revista\/wp-json\/wp\/v2\/posts\/7874","targetHints":{"allow":["GET"]}}],"collection":[{"href":"https:\/\/antiguaesportiva.com\/revista\/wp-json\/wp\/v2\/posts"}],"about":[{"href":"https:\/\/antiguaesportiva.com\/revista\/wp-json\/wp\/v2\/types\/post"}],"author":[{"embeddable":true,"href":"https:\/\/antiguaesportiva.com\/revista\/wp-json\/wp\/v2\/users\/5"}],"replies":[{"embeddable":true,"href":"https:\/\/antiguaesportiva.com\/revista\/wp-json\/wp\/v2\/comments?post=7874"}],"version-history":[{"count":1,"href":"https:\/\/antiguaesportiva.com\/revista\/wp-json\/wp\/v2\/posts\/7874\/revisions"}],"predecessor-version":[{"id":7878,"href":"https:\/\/antiguaesportiva.com\/revista\/wp-json\/wp\/v2\/posts\/7874\/revisions\/7878"}],"wp:featuredmedia":[{"embeddable":true,"href":"https:\/\/antiguaesportiva.com\/revista\/wp-json\/wp\/v2\/media\/7876"}],"wp:attachment":[{"href":"https:\/\/antiguaesportiva.com\/revista\/wp-json\/wp\/v2\/media?parent=7874"}],"wp:term":[{"taxonomy":"category","embeddable":true,"href":"https:\/\/antiguaesportiva.com\/revista\/wp-json\/wp\/v2\/categories?post=7874"},{"taxonomy":"post_tag","embeddable":true,"href":"https:\/\/antiguaesportiva.com\/revista\/wp-json\/wp\/v2\/tags?post=7874"}],"curies":[{"name":"wp","href":"https:\/\/api.w.org\/{rel}","templated":true}]}}