{"id":7871,"date":"2025-06-16T09:39:44","date_gmt":"2025-06-16T15:39:44","guid":{"rendered":"https:\/\/antiguaesportiva.com\/revista\/?p=7871"},"modified":"2025-06-16T09:39:46","modified_gmt":"2025-06-16T15:39:46","slug":"primer-fichaje-hecho-oficial","status":"publish","type":"post","link":"https:\/\/antiguaesportiva.com\/revista\/2025\/06\/16\/primer-fichaje-hecho-oficial\/","title":{"rendered":"\u00a1Primer fichaje hecho OFICIAL!"},"content":{"rendered":"\n<p class=\"has-black-color has-text-color has-link-color wp-elements-e4d55cc18d5f8244ddc9998716411e45\">\u00a1Antigua GFC se refuerza con sangre uruguaya para la doble batalla 2025-26!<\/p>\n\n\n\n<p class=\"has-black-color has-text-color has-link-color wp-elements-731be0439218946032600d1e6eaeff20\">El vigente campe\u00f3n del f\u00fatbol guatemalteco, Antigua GFC, confirm\u00f3 este lunes la contrataci\u00f3n del lateral izquierdo Enzo Fern\u00e1ndez, proveniente del Club Atl\u00e9tico Progreso de Uruguay. El defensor charr\u00faa se convierte en el primer refuerzo oficial del equipo &#8216;Colonial&#8217; para la temporada 2025-26, en la que afrontar\u00e1 Liga Nacional y Copa Centroamericana.<\/p>\n\n\n\n<p class=\"has-black-color has-text-color has-link-color wp-elements-a903ace05f9b854bd18af9d120a4bdcf\">La llegada del uruguayo responde a una planificaci\u00f3n estrat\u00e9gica del cuerpo t\u00e9cnico que busca reforzar su l\u00ednea defensiva ante la exigencia del calendario venidero. Con una agenda recargada por la doble competencia, el club ha iniciado su mercado con un perfil probado y de car\u00e1cter sudamericano, con la expectativa de aportar solidez por la banda izquierda.<\/p>\n\n\n\n<figure class=\"wp-block-image size-full is-resized\"><img loading=\"lazy\" decoding=\"async\" width=\"500\" height=\"708\" src=\"https:\/\/antiguaesportiva.com\/revista\/wp-content\/uploads\/2025\/05\/nueva-ubica-manta-2@2x.png\" alt=\"\" class=\"wp-image-7483\" style=\"width:347px;height:auto\" srcset=\"https:\/\/antiguaesportiva.com\/revista\/wp-content\/uploads\/2025\/05\/nueva-ubica-manta-2@2x.png 500w, https:\/\/antiguaesportiva.com\/revista\/wp-content\/uploads\/2025\/05\/nueva-ubica-manta-2@2x-212x300.png 212w\" sizes=\"auto, (max-width: 500px) 100vw, 500px\" \/><\/figure>\n\n\n\n<p class=\"has-black-color has-text-color has-link-color wp-elements-546dfcc3ff19cd98dfbb9180e3be1cb5\">Enzo Fern\u00e1ndez, de 25 a\u00f1os, ha tenido paso por la Primera Divisi\u00f3n de Uruguay con Progreso, donde destac\u00f3 por su disciplina t\u00e1ctica, capacidad de recorrido y solidez en el mano a mano. Su incorporaci\u00f3n promete aportar equilibrio al equipo, especialmente en los duelos internacionales donde el roce f\u00edsico y la intensidad marcan diferencia.<\/p>\n\n\n\n<p class=\"has-black-color has-text-color has-link-color wp-elements-c5438d92b1c5bd4de1dc2c2f9af9a5f6\">Antigua GFC, que conquist\u00f3 recientemente el t\u00edtulo del Clausura 2025, busca no solo defender su corona local sino tambi\u00e9n dejar huella en la Copa Centroamericana. La directiva &#8216;Colonial&#8217; no ha ocultado su ambici\u00f3n continental y se espera que Fern\u00e1ndez sea el primero de varios nombres que se sumen al proyecto deportivo.<\/p>\n\n\n\n<p class=\"has-black-color has-text-color has-link-color wp-elements-c0286c17508987a265bd57d8fa0f608e\">El lateral izquierdo ya se encuentra en territorio guatemalteco y se integrar\u00e1 a la pretemporada en los pr\u00f3ximos d\u00edas bajo las \u00f3rdenes del cuerpo t\u00e9cnico. Su adaptaci\u00f3n ser\u00e1 clave para que el equipo mantenga la din\u00e1mica ganadora que lo llev\u00f3 al \u00e9xito en el \u00faltimo semestre.<\/p>\n\n\n\n<p class=\"has-black-color has-text-color has-link-color wp-elements-6942611e67f51ce16e618e1147629635\">Con este fichaje, Antigua env\u00eda un mensaje claro: est\u00e1 dispuesto a competir al m\u00e1s alto nivel. Enzo Fern\u00e1ndez llega con la misi\u00f3n de aportar jerarqu\u00eda en un equipo que quiere seguir haciendo historia dentro y fuera de Guatemala.<\/p>\n","protected":false},"excerpt":{"rendered":"<p>\u00a1Antigua GFC se refuerza con sangre uruguaya para la doble batalla 2025-26! El vigente campe\u00f3n del f\u00fatbol guatemalteco, Antigua GFC, confirm\u00f3 este lunes la contrataci\u00f3n del lateral izquierdo Enzo Fern\u00e1ndez, proveniente del Club Atl\u00e9tico Progreso de Uruguay. El defensor charr\u00faa se convierte en el primer refuerzo oficial del equipo &#8216;Colonial&#8217; para la temporada 2025-26, en [&hellip;]<\/p>\n","protected":false},"author":5,"featured_media":7872,"comment_status":"closed","ping_status":"closed","sticky":false,"template":"","format":"standard","meta":{"footnotes":""},"categories":[29,31],"tags":[45,610,219,703,48,49,56,55,611],"class_list":["post-7871","post","type-post","status-publish","format-standard","has-post-thumbnail","hentry","category-antigua-gfc","category-liga-nacional","tag-antigua-gfc","tag-apertura-2025","tag-copa-centroamericana-2025","tag-enzo-fernandez","tag-kenny-rodas","tag-kenny-sports","tag-liga-nacional","tag-liga-nacional-de-futbol-de-guatemala","tag-torneo-apertura-2025"],"_links":{"self":[{"href":"https:\/\/antiguaesportiva.com\/revista\/wp-json\/wp\/v2\/posts\/7871","targetHints":{"allow":["GET"]}}],"collection":[{"href":"https:\/\/antiguaesportiva.com\/revista\/wp-json\/wp\/v2\/posts"}],"about":[{"href":"https:\/\/antiguaesportiva.com\/revista\/wp-json\/wp\/v2\/types\/post"}],"author":[{"embeddable":true,"href":"https:\/\/antiguaesportiva.com\/revista\/wp-json\/wp\/v2\/users\/5"}],"replies":[{"embeddable":true,"href":"https:\/\/antiguaesportiva.com\/revista\/wp-json\/wp\/v2\/comments?post=7871"}],"version-history":[{"count":1,"href":"https:\/\/antiguaesportiva.com\/revista\/wp-json\/wp\/v2\/posts\/7871\/revisions"}],"predecessor-version":[{"id":7873,"href":"https:\/\/antiguaesportiva.com\/revista\/wp-json\/wp\/v2\/posts\/7871\/revisions\/7873"}],"wp:featuredmedia":[{"embeddable":true,"href":"https:\/\/antiguaesportiva.com\/revista\/wp-json\/wp\/v2\/media\/7872"}],"wp:attachment":[{"href":"https:\/\/antiguaesportiva.com\/revista\/wp-json\/wp\/v2\/media?parent=7871"}],"wp:term":[{"taxonomy":"category","embeddable":true,"href":"https:\/\/antiguaesportiva.com\/revista\/wp-json\/wp\/v2\/categories?post=7871"},{"taxonomy":"post_tag","embeddable":true,"href":"https:\/\/antiguaesportiva.com\/revista\/wp-json\/wp\/v2\/tags?post=7871"}],"curies":[{"name":"wp","href":"https:\/\/api.w.org\/{rel}","templated":true}]}}