{"id":7713,"date":"2025-06-05T12:50:29","date_gmt":"2025-06-05T18:50:29","guid":{"rendered":"https:\/\/antiguaesportiva.com\/revista\/?p=7713"},"modified":"2025-06-05T12:50:30","modified_gmt":"2025-06-05T18:50:30","slug":"no-te-lo-puedo-creer-laing-no-estara-en-copa-oro-con-guatemala","status":"publish","type":"post","link":"https:\/\/antiguaesportiva.com\/revista\/2025\/06\/05\/no-te-lo-puedo-creer-laing-no-estara-en-copa-oro-con-guatemala\/","title":{"rendered":"\u00a1NO TE LO PUEDO CREER | Laing no estar\u00e1 en Copa Oro con Guatemala!"},"content":{"rendered":"\n<p class=\"has-black-color has-text-color has-link-color wp-elements-e9714ceb83686474a8255c50f7f2a65c\">De no creer. El atacante ingl\u00e9s-guatemalteco no ser\u00e1 parte de la Selecci\u00f3n Nacional de Guatemala que disputar\u00e1 la Copa Oro de la CONCACAF. <\/p>\n\n\n\n<p class=\"has-black-color has-text-color has-link-color wp-elements-ef17b394ade42900b7682be588beb36c\">En un momento donde Guatemala busca consolidar su proyecto internacional, la ausencia de Nathaniel M\u00e9ndez-Laing para la Copa Oro 2025 no pasa desapercibida. El delantero ingl\u00e9s-guatemalteco, uno de los pocos jugadores del plantel con experiencia en ligas de primer nivel, no formar\u00e1 parte del equipo para el torneo de CONCACAF. Todo apunta a que la decisi\u00f3n fue tomada por el propio futbolista, quien \u00fanicamente estar\u00e1 disponible para los partidos eliminatorios ante Rep\u00fablica Dominicana y Jamaica.<\/p>\n\n\n\n<p class=\"has-black-color has-text-color has-link-color wp-elements-d3f133c269014b4a1f629e27d41e7022\">M\u00e1s all\u00e1 de que el atacante sigue comprometido con el proceso mundialista, su negativa a disputar la Copa Oro deja abierto el debate sobre el verdadero grado de involucramiento de algunos legionarios en el proyecto de la Selecci\u00f3n Nacional. Mientras el cuerpo t\u00e9cnico y la federaci\u00f3n han trabajado para integrar talento del extranjero al grupo, la ausencia de M\u00e9ndez-Laing en un torneo oficial de alta competencia genera dudas leg\u00edtimas sobre las prioridades del jugador y su disposici\u00f3n total al proceso.<\/p>\n\n\n\n<figure class=\"wp-block-image size-full is-resized\"><a href=\"https:\/\/www.formacionsecretarial.edu.gt\/\"><img loading=\"lazy\" decoding=\"async\" width=\"500\" height=\"708\" src=\"https:\/\/antiguaesportiva.com\/revista\/wp-content\/uploads\/2025\/05\/nueva-ubica-manta-2@2x.png\" alt=\"\" class=\"wp-image-7483\" style=\"width:309px;height:auto\" srcset=\"https:\/\/antiguaesportiva.com\/revista\/wp-content\/uploads\/2025\/05\/nueva-ubica-manta-2@2x.png 500w, https:\/\/antiguaesportiva.com\/revista\/wp-content\/uploads\/2025\/05\/nueva-ubica-manta-2@2x-212x300.png 212w\" sizes=\"auto, (max-width: 500px) 100vw, 500px\" \/><\/a><\/figure>\n\n\n\n<p class=\"has-black-color has-text-color has-link-color wp-elements-07b7ae52aff74ba738279f553208f884\">La Copa Oro representa, adem\u00e1s de un objetivo deportivo, una plataforma crucial para medir el desarrollo de la selecci\u00f3n frente a rivales de peso, ajustar piezas y fortalecer el bloque de cara al objetivo mayor: el Mundial 2026. Por ello, perder a uno de los futbolistas m\u00e1s desequilibrantes de la plantilla por una decisi\u00f3n personal, en pleno momento de construcci\u00f3n colectiva, es un golpe que no puede minimizarse.<\/p>\n\n\n\n<p class=\"has-black-color has-text-color has-link-color wp-elements-1006d4fdea4755c546767b942d76b32a\">Este tipo de ausencias vuelven a poner sobre la mesa una vieja discusi\u00f3n en el f\u00fatbol chap\u00edn: \u00bfQu\u00e9 tan real es el compromiso de ciertos jugadores que vienen desde fuera? M\u00e9ndez-Laing, sin duda, ha aportado calidad y jerarqu\u00eda desde su llegada, pero decisiones como esta alimentan la sensaci\u00f3n de que algunos nombres priorizan calendarios personales por encima del crecimiento deportivo del grupo.<\/p>\n\n\n\n<p class=\"has-black-color has-text-color has-link-color wp-elements-af44e7e3b0b13a63e32ef7ce5906d13e\">El equipo seguir\u00e1 adelante y afrontar\u00e1 la Copa Oro sin uno de sus principales referentes. Pero el vac\u00edo que deja M\u00e9ndez-Laing, aunque temporal, vuelve a exponer la necesidad de construir una base s\u00f3lida no solo de talento, sino de entrega y disponibilidad total para encarar cada desaf\u00edo con la camiseta nacional.<\/p>\n\n\n\n<p><\/p>\n","protected":false},"excerpt":{"rendered":"<p>De no creer. El atacante ingl\u00e9s-guatemalteco no ser\u00e1 parte de la Selecci\u00f3n Nacional de Guatemala que disputar\u00e1 la Copa Oro de la CONCACAF. En un momento donde Guatemala busca consolidar su proyecto internacional, la ausencia de Nathaniel M\u00e9ndez-Laing para la Copa Oro 2025 no pasa desapercibida. El delantero ingl\u00e9s-guatemalteco, uno de los pocos jugadores del [&hellip;]<\/p>\n","protected":false},"author":5,"featured_media":7714,"comment_status":"closed","ping_status":"closed","sticky":false,"template":"","format":"standard","meta":{"footnotes":""},"categories":[35],"tags":[47,291,48,49,647,283,455,290],"class_list":["post-7713","post","type-post","status-publish","format-standard","has-post-thumbnail","hentry","category-seleccion-nacional","tag-antigua-esportiva","tag-guatemala","tag-kenny-rodas","tag-kenny-sports","tag-laing","tag-nathaniel-laing","tag-seleccion-de-guatemala","tag-seleccion-nacional-de-guatemala"],"_links":{"self":[{"href":"https:\/\/antiguaesportiva.com\/revista\/wp-json\/wp\/v2\/posts\/7713","targetHints":{"allow":["GET"]}}],"collection":[{"href":"https:\/\/antiguaesportiva.com\/revista\/wp-json\/wp\/v2\/posts"}],"about":[{"href":"https:\/\/antiguaesportiva.com\/revista\/wp-json\/wp\/v2\/types\/post"}],"author":[{"embeddable":true,"href":"https:\/\/antiguaesportiva.com\/revista\/wp-json\/wp\/v2\/users\/5"}],"replies":[{"embeddable":true,"href":"https:\/\/antiguaesportiva.com\/revista\/wp-json\/wp\/v2\/comments?post=7713"}],"version-history":[{"count":1,"href":"https:\/\/antiguaesportiva.com\/revista\/wp-json\/wp\/v2\/posts\/7713\/revisions"}],"predecessor-version":[{"id":7715,"href":"https:\/\/antiguaesportiva.com\/revista\/wp-json\/wp\/v2\/posts\/7713\/revisions\/7715"}],"wp:featuredmedia":[{"embeddable":true,"href":"https:\/\/antiguaesportiva.com\/revista\/wp-json\/wp\/v2\/media\/7714"}],"wp:attachment":[{"href":"https:\/\/antiguaesportiva.com\/revista\/wp-json\/wp\/v2\/media?parent=7713"}],"wp:term":[{"taxonomy":"category","embeddable":true,"href":"https:\/\/antiguaesportiva.com\/revista\/wp-json\/wp\/v2\/categories?post=7713"},{"taxonomy":"post_tag","embeddable":true,"href":"https:\/\/antiguaesportiva.com\/revista\/wp-json\/wp\/v2\/tags?post=7713"}],"curies":[{"name":"wp","href":"https:\/\/api.w.org\/{rel}","templated":true}]}}