{"id":7345,"date":"2025-05-15T09:01:01","date_gmt":"2025-05-15T15:01:01","guid":{"rendered":"https:\/\/antiguaesportiva.com\/revista\/?p=7345"},"modified":"2025-05-15T09:01:03","modified_gmt":"2025-05-15T15:01:03","slug":"adios-a-chucho-lopez","status":"publish","type":"post","link":"https:\/\/antiguaesportiva.com\/revista\/2025\/05\/15\/adios-a-chucho-lopez\/","title":{"rendered":"\u00a1Adi\u00f3s a &#8216;Chucho&#8217; L\u00f3pez!"},"content":{"rendered":"\n<p class=\"has-black-color has-text-color has-link-color wp-elements-e5a477b04dac3f8f28f45aa81fe4da5d\">Jes\u00fas Antonio L\u00f3pez deja Comunicaciones y ser\u00e1 refuerzo de Xelaj\u00fa.<\/p>\n\n\n\n<p class=\"has-black-color has-text-color has-link-color wp-elements-e289b5b3954f21431a890388bfb135db\">Los movimientos contin\u00faan en Comunicaciones FC de cara a la Temporada 2025-2026, y este mi\u00e9rcoles se confirm\u00f3 una nueva baja en el plantel. Jes\u00fas Antonio L\u00f3pez no continuar\u00e1 en el equipo blanco, luego de que no se llegara a un acuerdo econ\u00f3mico para renovar su contrato. El club lo inform\u00f3 de manera oficial en un comunicado, agradeciendo su entrega y dese\u00e1ndole \u00e9xito en su futuro.<\/p>\n\n\n\n<h2 class=\"wp-block-heading\">Lo dicho por Comunicaciones<\/h2>\n\n\n\n<p class=\"has-black-color has-text-color has-link-color wp-elements-82cb11cd5b26cfc2b8c3b3d9b50174ee\">\u00abComunicaciones FC informa que no ha podido llegar a un acuerdo con el jugador Antonio L\u00f3pez para la renovaci\u00f3n de su contrato para la pr\u00f3xima temporada. El club expresa su agradecimiento a Antonio por su compromiso y su dedicaci\u00f3n y le desea mucha suerte y \u00e9xitos en el futuro\u00bb, fue el mensaje difundido en las redes oficiales del club.<\/p>\n\n\n\n<figure class=\"wp-block-image size-large is-resized\"><a href=\"https:\/\/www.formacionsecretarial.edu.gt\/\"><img loading=\"lazy\" decoding=\"async\" width=\"723\" height=\"1024\" src=\"https:\/\/antiguaesportiva.com\/revista\/wp-content\/uploads\/2024\/12\/image-723x1024.png\" alt=\"\" class=\"wp-image-4403\" style=\"width:400px;height:auto\" srcset=\"https:\/\/antiguaesportiva.com\/revista\/wp-content\/uploads\/2024\/12\/image-723x1024.png 723w, https:\/\/antiguaesportiva.com\/revista\/wp-content\/uploads\/2024\/12\/image-212x300.png 212w, https:\/\/antiguaesportiva.com\/revista\/wp-content\/uploads\/2024\/12\/image-554x784.png 554w, https:\/\/antiguaesportiva.com\/revista\/wp-content\/uploads\/2024\/12\/image.png 750w\" sizes=\"auto, (max-width: 723px) 100vw, 723px\" \/><\/a><\/figure>\n\n\n\n<h2 class=\"wp-block-heading\">Tercera baja<\/h2>\n\n\n\n<p class=\"has-black-color has-text-color has-link-color wp-elements-8043fb31d4f714f67af82edc3c1b041b\">Con esta salida, L\u00f3pez se convierte en la tercera baja confirmada del conjunto albo en este mercado de fichajes. Primero fue el defensa mexicano Everardo Rubio, luego el delantero Diego Casas, y ahora se suma el mediocampista guatemalteco-mexicano, quien lleg\u00f3 con altas expectativas al club capitalino en su momento.<\/p>\n\n\n\n<p class=\"has-black-color has-text-color has-link-color wp-elements-fe1afc4e20387e9016acbe50f0c8167f\">El destino de Antonio L\u00f3pez ya est\u00e1 definido: se vestir\u00e1 con los colores rojo y azul del Xelaj\u00fa MC para la pr\u00f3xima campa\u00f1a. El equipo &#8216;Altense&#8217; busca reforzarse con experiencia y jerarqu\u00eda para recuperar protagonismo, y el fichaje de L\u00f3pez es una de las apuestas clave de la dirigencia chiva.<\/p>\n","protected":false},"excerpt":{"rendered":"<p>Jes\u00fas Antonio L\u00f3pez deja Comunicaciones y ser\u00e1 refuerzo de Xelaj\u00fa. Los movimientos contin\u00faan en Comunicaciones FC de cara a la Temporada 2025-2026, y este mi\u00e9rcoles se confirm\u00f3 una nueva baja en el plantel. Jes\u00fas Antonio L\u00f3pez no continuar\u00e1 en el equipo blanco, luego de que no se llegara a un acuerdo econ\u00f3mico para renovar su [&hellip;]<\/p>\n","protected":false},"author":5,"featured_media":7346,"comment_status":"closed","ping_status":"closed","sticky":false,"template":"","format":"standard","meta":{"footnotes":""},"categories":[31],"tags":[47,225,224,626,48,49,56,55],"class_list":["post-7345","post","type-post","status-publish","format-standard","has-post-thumbnail","hentry","category-liga-nacional","tag-antigua-esportiva","tag-comunicaciones","tag-comunicaciones-fc","tag-jesus-lopez","tag-kenny-rodas","tag-kenny-sports","tag-liga-nacional","tag-liga-nacional-de-futbol-de-guatemala"],"_links":{"self":[{"href":"https:\/\/antiguaesportiva.com\/revista\/wp-json\/wp\/v2\/posts\/7345","targetHints":{"allow":["GET"]}}],"collection":[{"href":"https:\/\/antiguaesportiva.com\/revista\/wp-json\/wp\/v2\/posts"}],"about":[{"href":"https:\/\/antiguaesportiva.com\/revista\/wp-json\/wp\/v2\/types\/post"}],"author":[{"embeddable":true,"href":"https:\/\/antiguaesportiva.com\/revista\/wp-json\/wp\/v2\/users\/5"}],"replies":[{"embeddable":true,"href":"https:\/\/antiguaesportiva.com\/revista\/wp-json\/wp\/v2\/comments?post=7345"}],"version-history":[{"count":1,"href":"https:\/\/antiguaesportiva.com\/revista\/wp-json\/wp\/v2\/posts\/7345\/revisions"}],"predecessor-version":[{"id":7347,"href":"https:\/\/antiguaesportiva.com\/revista\/wp-json\/wp\/v2\/posts\/7345\/revisions\/7347"}],"wp:featuredmedia":[{"embeddable":true,"href":"https:\/\/antiguaesportiva.com\/revista\/wp-json\/wp\/v2\/media\/7346"}],"wp:attachment":[{"href":"https:\/\/antiguaesportiva.com\/revista\/wp-json\/wp\/v2\/media?parent=7345"}],"wp:term":[{"taxonomy":"category","embeddable":true,"href":"https:\/\/antiguaesportiva.com\/revista\/wp-json\/wp\/v2\/categories?post=7345"},{"taxonomy":"post_tag","embeddable":true,"href":"https:\/\/antiguaesportiva.com\/revista\/wp-json\/wp\/v2\/tags?post=7345"}],"curies":[{"name":"wp","href":"https:\/\/api.w.org\/{rel}","templated":true}]}}