{"id":7120,"date":"2025-05-03T14:24:20","date_gmt":"2025-05-03T20:24:20","guid":{"rendered":"https:\/\/antiguaesportiva.com\/revista\/?p=7120"},"modified":"2025-05-03T14:24:22","modified_gmt":"2025-05-03T20:24:22","slug":"alba-se-lleva-la-cuarta-etapa-de-la-vuelta-bantrab","status":"publish","type":"post","link":"https:\/\/antiguaesportiva.com\/revista\/2025\/05\/03\/alba-se-lleva-la-cuarta-etapa-de-la-vuelta-bantrab\/","title":{"rendered":"Alba se lleva la Cuarta Etapa de la Vuelta Bantrab"},"content":{"rendered":"\n<p class=\"has-black-color has-text-color has-link-color wp-elements-c299c69d64e8fb4f3e0d06a0df7ba3fd\">Juan Diego Alba brilla en Patzic\u00eda y Wilson Pe\u00f1a resiste como l\u00edder en la Vuelta Bantrab 2025.<\/p>\n\n\n\n<p class=\"has-black-color has-text-color has-link-color wp-elements-a2524a766bca787e4b9332c632946f54\">La emoci\u00f3n de la Vuelta Bantrab 2025 vivi\u00f3 un cap\u00edtulo vibrante este s\u00e1bado con la disputa de su cuarta etapa, un exigente trayecto de 106 kil\u00f3metros entre Solol\u00e1 y Patzic\u00eda, en el que el colombiano Juan Diego Alba, del Team Nu Colombia, se llev\u00f3 una gran victoria tras un potente remate en ascenso. El cafetero demostr\u00f3 su fortaleza f\u00edsica y agudeza t\u00e1ctica para conquistar la l\u00ednea de meta ante el aliento euf\u00f3rico de los aficionados.<\/p>\n\n\n\n<figure class=\"wp-block-image size-large is-resized\"><a href=\"https:\/\/www.formacionsecretarial.edu.gt\/\"><img loading=\"lazy\" decoding=\"async\" width=\"723\" height=\"1024\" src=\"https:\/\/antiguaesportiva.com\/revista\/wp-content\/uploads\/2024\/12\/image-723x1024.png\" alt=\"\" class=\"wp-image-4403\" style=\"width:241px;height:auto\" srcset=\"https:\/\/antiguaesportiva.com\/revista\/wp-content\/uploads\/2024\/12\/image-723x1024.png 723w, https:\/\/antiguaesportiva.com\/revista\/wp-content\/uploads\/2024\/12\/image-212x300.png 212w, https:\/\/antiguaesportiva.com\/revista\/wp-content\/uploads\/2024\/12\/image-554x784.png 554w, https:\/\/antiguaesportiva.com\/revista\/wp-content\/uploads\/2024\/12\/image.png 750w\" sizes=\"auto, (max-width: 723px) 100vw, 723px\" \/><\/a><\/figure>\n\n\n\n<p class=\"has-black-color has-text-color has-link-color wp-elements-dbe675a901ddbefe3d07e93460f90690\">Desde temprano, la caravana cicl\u00edstica se reuni\u00f3 en el Parque Central de Solol\u00e1 para ajustar los \u00faltimos detalles antes del banderazo oficial a las 9:00 horas. El pelot\u00f3n avanz\u00f3 entre paisajes monta\u00f1osos y sectores clave como La Cuchilla, Pamezabal, Los Encuentros y Tecp\u00e1n, acumulando desgaste y tensi\u00f3n en cada kil\u00f3metro. La exigencia fue m\u00e1xima en los ascensos y los descensos t\u00e9cnicos, donde varios equipos intentaron mover la carrera con ataques sorpresivos.<\/p>\n\n\n\n<p class=\"has-black-color has-text-color has-link-color wp-elements-fcf4ad5b9b564629bfe83ef191a8405f\">A pesar de la intensidad de la jornada, el maillot amarillo sigue en manos del tambi\u00e9n colombiano Wilson Pe\u00f1a, del Team Sistecr\u00e9dito, quien supo responder a los m\u00faltiples intentos de sus rivales por desbancarlo. Pe\u00f1a demostr\u00f3 solidez y control, conservando el liderato general a falta de una sola etapa para el cierre de la competencia.<\/p>\n\n\n\n<p class=\"has-black-color has-text-color has-link-color wp-elements-2ffc07c544a2b13d44d0ec066dac8b32\">La definici\u00f3n de la Vuelta Bantrab 2025 promete emociones fuertes este domingo 4 de mayo, con la quinta y \u00faltima etapa: un circuito de 111 kil\u00f3metros que partir\u00e1 desde la Torre Central de Bantrab en la capital, rumbo a Sanarate, El Progreso. La ruta, que pasar\u00e1 por Mariscal Zavala y Guastatoya, coronar\u00e1 al nuevo campe\u00f3n de una edici\u00f3n que ha brillado por su organizaci\u00f3n, competitividad y pasi\u00f3n.<\/p>\n","protected":false},"excerpt":{"rendered":"<p>Juan Diego Alba brilla en Patzic\u00eda y Wilson Pe\u00f1a resiste como l\u00edder en la Vuelta Bantrab 2025. La emoci\u00f3n de la Vuelta Bantrab 2025 vivi\u00f3 un cap\u00edtulo vibrante este s\u00e1bado con la disputa de su cuarta etapa, un exigente trayecto de 106 kil\u00f3metros entre Solol\u00e1 y Patzic\u00eda, en el que el colombiano Juan Diego Alba, [&hellip;]<\/p>\n","protected":false},"author":5,"featured_media":7121,"comment_status":"closed","ping_status":"closed","sticky":false,"template":"","format":"standard","meta":{"footnotes":""},"categories":[38],"tags":[47,48,49,486,578,579],"class_list":["post-7120","post","type-post","status-publish","format-standard","has-post-thumbnail","hentry","category-ciclismo","tag-antigua-esportiva","tag-kenny-rodas","tag-kenny-sports","tag-union-ciclista-internacional","tag-vuelta-bantrab-2025","tag-vuelta-ciclistica-bantrab-a-guatemala"],"_links":{"self":[{"href":"https:\/\/antiguaesportiva.com\/revista\/wp-json\/wp\/v2\/posts\/7120","targetHints":{"allow":["GET"]}}],"collection":[{"href":"https:\/\/antiguaesportiva.com\/revista\/wp-json\/wp\/v2\/posts"}],"about":[{"href":"https:\/\/antiguaesportiva.com\/revista\/wp-json\/wp\/v2\/types\/post"}],"author":[{"embeddable":true,"href":"https:\/\/antiguaesportiva.com\/revista\/wp-json\/wp\/v2\/users\/5"}],"replies":[{"embeddable":true,"href":"https:\/\/antiguaesportiva.com\/revista\/wp-json\/wp\/v2\/comments?post=7120"}],"version-history":[{"count":1,"href":"https:\/\/antiguaesportiva.com\/revista\/wp-json\/wp\/v2\/posts\/7120\/revisions"}],"predecessor-version":[{"id":7122,"href":"https:\/\/antiguaesportiva.com\/revista\/wp-json\/wp\/v2\/posts\/7120\/revisions\/7122"}],"wp:featuredmedia":[{"embeddable":true,"href":"https:\/\/antiguaesportiva.com\/revista\/wp-json\/wp\/v2\/media\/7121"}],"wp:attachment":[{"href":"https:\/\/antiguaesportiva.com\/revista\/wp-json\/wp\/v2\/media?parent=7120"}],"wp:term":[{"taxonomy":"category","embeddable":true,"href":"https:\/\/antiguaesportiva.com\/revista\/wp-json\/wp\/v2\/categories?post=7120"},{"taxonomy":"post_tag","embeddable":true,"href":"https:\/\/antiguaesportiva.com\/revista\/wp-json\/wp\/v2\/tags?post=7120"}],"curies":[{"name":"wp","href":"https:\/\/api.w.org\/{rel}","templated":true}]}}