{"id":7018,"date":"2025-04-26T10:12:44","date_gmt":"2025-04-26T16:12:44","guid":{"rendered":"https:\/\/antiguaesportiva.com\/revista\/?p=7018"},"modified":"2025-04-26T10:12:45","modified_gmt":"2025-04-26T16:12:45","slug":"bayern-munchen-a-un-paso-de-reconquistar-alemania","status":"publish","type":"post","link":"https:\/\/antiguaesportiva.com\/revista\/2025\/04\/26\/bayern-munchen-a-un-paso-de-reconquistar-alemania\/","title":{"rendered":"Bayern M\u00fcnchen, a un paso de reconquistar Alemania"},"content":{"rendered":"\n<p class=\"has-black-color has-text-color has-link-color wp-elements-c91222cdb8eddc0ab3bfcf44b104dfbf\">Bayern M\u00fcnchen acaricia la Bundesliga. \u00a1El gigante b\u00e1varo est\u00e1 a un paso de reconquistar Alemania!<\/p>\n\n\n\n<p class=\"has-black-color has-text-color has-link-color wp-elements-a62f037e2d6d563f13d3736e8aa8605b\">El Bayern M\u00fanich ha encendido de nuevo la llama de su hegemon\u00eda en Alemania y, tras una contundente victoria 3-0 sobre el Mainz 05, est\u00e1 a un solo paso de recuperar su trono en la Bundesliga 2024\/25. Con 75 puntos en su cuenta, los b\u00e1varos mantienen una ventaja de ocho unidades sobre el Bayer Leverkusen a falta de tres jornadas para el final, y el t\u00edtulo n\u00famero 34 ya empieza a te\u00f1irse de rojo en el horizonte.<\/p>\n\n\n\n<figure class=\"wp-block-image size-large is-resized\"><a href=\"https:\/\/www.formacionsecretarial.edu.gt\/\"><img loading=\"lazy\" decoding=\"async\" width=\"723\" height=\"1024\" src=\"https:\/\/antiguaesportiva.com\/revista\/wp-content\/uploads\/2024\/12\/image-723x1024.png\" alt=\"\" class=\"wp-image-4403\" style=\"width:355px;height:auto\" srcset=\"https:\/\/antiguaesportiva.com\/revista\/wp-content\/uploads\/2024\/12\/image-723x1024.png 723w, https:\/\/antiguaesportiva.com\/revista\/wp-content\/uploads\/2024\/12\/image-212x300.png 212w, https:\/\/antiguaesportiva.com\/revista\/wp-content\/uploads\/2024\/12\/image-554x784.png 554w, https:\/\/antiguaesportiva.com\/revista\/wp-content\/uploads\/2024\/12\/image.png 750w\" sizes=\"auto, (max-width: 723px) 100vw, 723px\" \/><\/a><\/figure>\n\n\n\n<p class=\"has-black-color has-text-color has-link-color wp-elements-a28f0704e7b3087859386a9c9baa74f2\">La s\u00f3lida actuaci\u00f3n del equipo dirigido por Vincent Kompany no dej\u00f3 espacio para dudas. Leroy San\u00e9, Michael Olise y Eric Dier marcaron los tantos que sellaron el triunfo, en un encuentro especial que tambi\u00e9n sirvi\u00f3 de homenaje para Thomas M\u00fcller, quien disput\u00f3 su partido n\u00famero 500 en Bundesliga antes de su emotiva despedida del club tras 25 a\u00f1os de trayectoria.<\/p>\n\n\n\n<p class=\"has-black-color has-text-color has-link-color wp-elements-46bb7b8f12e9dbed71543267ddead457\">Aunque la victoria los dej\u00f3 al borde de la gloria, la celebraci\u00f3n definitiva deber\u00e1 esperar: el Bayer Leverkusen tambi\u00e9n sum\u00f3 de a tres, prolongando la definici\u00f3n del campeonato. Sin embargo, el Bayern podr\u00eda coronarse la pr\u00f3xima jornada si derrota al RB Leipzig y los de Leverkusen fallan en su intento de ganar.<\/p>\n\n\n\n<p class=\"has-black-color has-text-color has-link-color wp-elements-885c20d21102060c6a982b3e629911c4\">La \u00fanica sombra en el panorama perfecto es la ausencia de Harry Kane, m\u00e1ximo goleador del torneo con 24 tantos, quien no podr\u00e1 estar ante el Leipzig por acumulaci\u00f3n de tarjetas amarillas. Pese a ello, tanto Kompany como el director deportivo Max Eberl mantienen la concentraci\u00f3n total: no habr\u00e1 festejos anticipados, solo el objetivo claro de cerrar la temporada con un broche de oro y reafirmar el poder\u00edo del Bayern en el f\u00fatbol alem\u00e1n.<\/p>\n\n\n\n<p><\/p>\n","protected":false},"excerpt":{"rendered":"<p>Bayern M\u00fcnchen acaricia la Bundesliga. \u00a1El gigante b\u00e1varo est\u00e1 a un paso de reconquistar Alemania! El Bayern M\u00fanich ha encendido de nuevo la llama de su hegemon\u00eda en Alemania y, tras una contundente victoria 3-0 sobre el Mainz 05, est\u00e1 a un solo paso de recuperar su trono en la Bundesliga 2024\/25. Con 75 puntos [&hellip;]<\/p>\n","protected":false},"author":5,"featured_media":7019,"comment_status":"closed","ping_status":"closed","sticky":false,"template":"","format":"standard","meta":{"footnotes":""},"categories":[36],"tags":[47,569,600,603,48,49,602,601],"class_list":["post-7018","post","type-post","status-publish","format-standard","has-post-thumbnail","hentry","category-futbol-internacional","tag-antigua-esportiva","tag-bayern-munchen","tag-bundesliga","tag-harry-kane","tag-kenny-rodas","tag-kenny-sports","tag-leroy-sane","tag-mainz"],"_links":{"self":[{"href":"https:\/\/antiguaesportiva.com\/revista\/wp-json\/wp\/v2\/posts\/7018","targetHints":{"allow":["GET"]}}],"collection":[{"href":"https:\/\/antiguaesportiva.com\/revista\/wp-json\/wp\/v2\/posts"}],"about":[{"href":"https:\/\/antiguaesportiva.com\/revista\/wp-json\/wp\/v2\/types\/post"}],"author":[{"embeddable":true,"href":"https:\/\/antiguaesportiva.com\/revista\/wp-json\/wp\/v2\/users\/5"}],"replies":[{"embeddable":true,"href":"https:\/\/antiguaesportiva.com\/revista\/wp-json\/wp\/v2\/comments?post=7018"}],"version-history":[{"count":1,"href":"https:\/\/antiguaesportiva.com\/revista\/wp-json\/wp\/v2\/posts\/7018\/revisions"}],"predecessor-version":[{"id":7020,"href":"https:\/\/antiguaesportiva.com\/revista\/wp-json\/wp\/v2\/posts\/7018\/revisions\/7020"}],"wp:featuredmedia":[{"embeddable":true,"href":"https:\/\/antiguaesportiva.com\/revista\/wp-json\/wp\/v2\/media\/7019"}],"wp:attachment":[{"href":"https:\/\/antiguaesportiva.com\/revista\/wp-json\/wp\/v2\/media?parent=7018"}],"wp:term":[{"taxonomy":"category","embeddable":true,"href":"https:\/\/antiguaesportiva.com\/revista\/wp-json\/wp\/v2\/categories?post=7018"},{"taxonomy":"post_tag","embeddable":true,"href":"https:\/\/antiguaesportiva.com\/revista\/wp-json\/wp\/v2\/tags?post=7018"}],"curies":[{"name":"wp","href":"https:\/\/api.w.org\/{rel}","templated":true}]}}