{"id":6925,"date":"2025-04-22T11:30:25","date_gmt":"2025-04-22T17:30:25","guid":{"rendered":"https:\/\/antiguaesportiva.com\/revista\/?p=6925"},"modified":"2025-04-22T11:30:26","modified_gmt":"2025-04-22T17:30:26","slug":"presentada-oficialmente-la-vuelta-bantrab","status":"publish","type":"post","link":"https:\/\/antiguaesportiva.com\/revista\/2025\/04\/22\/presentada-oficialmente-la-vuelta-bantrab\/","title":{"rendered":"\u00a1Presentada oficialmente la Vuelta BANTRAB!"},"content":{"rendered":"\n<p class=\"has-black-color has-text-color has-link-color wp-elements-67016d8cf5a89c0dbb8b7bdf2e98d3c3\">Todo listo. El 30 de abril arranca la Vuelta Cicl\u00edstica BANTRAB a Guatemala, con etapas de v\u00e9rtigo que a continuaci\u00f3n te presentamos. <\/p>\n\n\n\n<p class=\"has-black-color has-text-color has-link-color wp-elements-7f0bf12d4293fa3bf0b34e1b77097f95\">Del 30 de abril al 4 de mayo, los amantes del ciclismo disfrutar\u00e1n de una competencia de alto nivel con la celebraci\u00f3n de una carrera internacional de categor\u00eda 2.2 UCI. En total, 85 ciclistas, tanto nacionales como internacionales, se enfrentar\u00e1n a un exigente recorrido de 633.5 kil\u00f3metros, distribuidos en cinco etapas que pondr\u00e1n a prueba la resistencia y estrategia de cada equipo.<\/p>\n\n\n\n<figure class=\"wp-block-image size-large is-resized\"><a href=\"https:\/\/www.formacionsecretarial.edu.gt\/\"><img loading=\"lazy\" decoding=\"async\" width=\"723\" height=\"1024\" src=\"https:\/\/antiguaesportiva.com\/revista\/wp-content\/uploads\/2024\/12\/image-723x1024.png\" alt=\"\" class=\"wp-image-4403\" style=\"width:254px;height:auto\" srcset=\"https:\/\/antiguaesportiva.com\/revista\/wp-content\/uploads\/2024\/12\/image-723x1024.png 723w, https:\/\/antiguaesportiva.com\/revista\/wp-content\/uploads\/2024\/12\/image-212x300.png 212w, https:\/\/antiguaesportiva.com\/revista\/wp-content\/uploads\/2024\/12\/image-554x784.png 554w, https:\/\/antiguaesportiva.com\/revista\/wp-content\/uploads\/2024\/12\/image.png 750w\" sizes=\"auto, (max-width: 723px) 100vw, 723px\" \/><\/a><\/figure>\n\n\n\n<p class=\"has-black-color has-text-color has-link-color wp-elements-d8add36279c939d21a22a5eddb6a9bd9\">Esta competencia contar\u00e1 con la participaci\u00f3n de 10 equipos guatemaltecos y 6 escuadras extranjeras, que recorrer\u00e1n diversas regiones del pa\u00eds en etapas que prometen emoci\u00f3n de principio a fin. El evento se destaca no solo por la cantidad de kil\u00f3metros, sino tambi\u00e9n por la inclusi\u00f3n de 13 metas volantes y 19 premios de monta\u00f1a, ideales para los corredores m\u00e1s explosivos y escaladores.<\/p>\n\n\n\n<h2 class=\"wp-block-heading\">Itinerario de la Vuelta Bantrab<\/h2>\n\n\n\n<p class=\"has-black-color has-text-color has-link-color wp-elements-3a930c26996a3185aa6e67cafbfab992\">\ud83d\udd39 <strong>Etapa 1<\/strong> (Mi\u00e9rcoles 30 de abril): <em>San Lucas Sacatep\u00e9quez &#8211; Parramos<\/em><br>\ud83d\udd39 <strong>Etapa 2<\/strong> (Jueves 1 de mayo): <em>Antigua Guatemala &#8211; Patulul<\/em><br>\ud83d\udd39 <strong>Etapa 3<\/strong> (Viernes 2 de mayo): <em>Chicacao &#8211; Pamezabal<\/em><br>\ud83d\udd39 <strong>Etapa 4<\/strong> (S\u00e1bado 3 de mayo): <em>Solol\u00e1 &#8211; Patzic\u00eda<\/em><br>\ud83d\udd39 <strong>Etapa 5<\/strong> (Domingo 4 de mayo): <em>Agencia Central Bantrab &#8211; Sanarate<\/em><\/p>\n\n\n\n<p class=\"has-black-color has-text-color has-link-color wp-elements-7022812b1df6703589d7a38c2d6a3ce7\">Esta carrera promete dejar huella en el calendario cicl\u00edstico nacional y ser\u00e1 una excelente vitrina para los talentos locales frente a competidores internacionales. <\/p>\n","protected":false},"excerpt":{"rendered":"<p>Todo listo. El 30 de abril arranca la Vuelta Cicl\u00edstica BANTRAB a Guatemala, con etapas de v\u00e9rtigo que a continuaci\u00f3n te presentamos. Del 30 de abril al 4 de mayo, los amantes del ciclismo disfrutar\u00e1n de una competencia de alto nivel con la celebraci\u00f3n de una carrera internacional de categor\u00eda 2.2 UCI. En total, 85 [&hellip;]<\/p>\n","protected":false},"author":5,"featured_media":6926,"comment_status":"closed","ping_status":"closed","sticky":false,"template":"","format":"standard","meta":{"footnotes":""},"categories":[38],"tags":[47,48,49,485,578],"class_list":["post-6925","post","type-post","status-publish","format-standard","has-post-thumbnail","hentry","category-ciclismo","tag-antigua-esportiva","tag-kenny-rodas","tag-kenny-sports","tag-uci","tag-vuelta-bantrab-2025"],"_links":{"self":[{"href":"https:\/\/antiguaesportiva.com\/revista\/wp-json\/wp\/v2\/posts\/6925","targetHints":{"allow":["GET"]}}],"collection":[{"href":"https:\/\/antiguaesportiva.com\/revista\/wp-json\/wp\/v2\/posts"}],"about":[{"href":"https:\/\/antiguaesportiva.com\/revista\/wp-json\/wp\/v2\/types\/post"}],"author":[{"embeddable":true,"href":"https:\/\/antiguaesportiva.com\/revista\/wp-json\/wp\/v2\/users\/5"}],"replies":[{"embeddable":true,"href":"https:\/\/antiguaesportiva.com\/revista\/wp-json\/wp\/v2\/comments?post=6925"}],"version-history":[{"count":1,"href":"https:\/\/antiguaesportiva.com\/revista\/wp-json\/wp\/v2\/posts\/6925\/revisions"}],"predecessor-version":[{"id":6927,"href":"https:\/\/antiguaesportiva.com\/revista\/wp-json\/wp\/v2\/posts\/6925\/revisions\/6927"}],"wp:featuredmedia":[{"embeddable":true,"href":"https:\/\/antiguaesportiva.com\/revista\/wp-json\/wp\/v2\/media\/6926"}],"wp:attachment":[{"href":"https:\/\/antiguaesportiva.com\/revista\/wp-json\/wp\/v2\/media?parent=6925"}],"wp:term":[{"taxonomy":"category","embeddable":true,"href":"https:\/\/antiguaesportiva.com\/revista\/wp-json\/wp\/v2\/categories?post=6925"},{"taxonomy":"post_tag","embeddable":true,"href":"https:\/\/antiguaesportiva.com\/revista\/wp-json\/wp\/v2\/tags?post=6925"}],"curies":[{"name":"wp","href":"https:\/\/api.w.org\/{rel}","templated":true}]}}