{"id":6799,"date":"2025-04-08T15:59:10","date_gmt":"2025-04-08T21:59:10","guid":{"rendered":"https:\/\/antiguaesportiva.com\/revista\/?p=6799"},"modified":"2025-04-08T15:59:11","modified_gmt":"2025-04-08T21:59:11","slug":"el-inter-toma-ventaja-sobre-el-bayern","status":"publish","type":"post","link":"https:\/\/antiguaesportiva.com\/revista\/2025\/04\/08\/el-inter-toma-ventaja-sobre-el-bayern\/","title":{"rendered":"El Inter toma ventaja sobre el Bayern"},"content":{"rendered":"\n<p>\u200bInter de Mil\u00e1n logr\u00f3 una importante victoria de 2-1 sobre el Bayern M\u00fanich en el partido de ida de los cuartos de final de la UEFA Champions League, disputado el 8 de abril de 2025 en el Allianz Arena. \u200b<\/p>\n\n\n\n<p>El marcador se abri\u00f3 en el minuto 38, cuando Lautaro Mart\u00ednez culmin\u00f3 una jugada iniciada por \u00e9l mismo. Tras recibir el bal\u00f3n en el c\u00edrculo central, Mart\u00ednez envi\u00f3 un pase a Carlos Augusto por la banda izquierda. Este centr\u00f3 para Marcus Thuram, quien, con un sutil toque de tac\u00f3n, asisti\u00f3 a Mart\u00ednez para que este rematara al fondo de la red. \u200b<\/p>\n\n\n\n<figure class=\"wp-block-image size-large is-resized\"><a href=\"https:\/\/www.formacionsecretarial.edu.gt\/\"><img loading=\"lazy\" decoding=\"async\" width=\"723\" height=\"1024\" src=\"https:\/\/antiguaesportiva.com\/revista\/wp-content\/uploads\/2024\/12\/image-723x1024.png\" alt=\"\" class=\"wp-image-4403\" style=\"width:306px;height:auto\" srcset=\"https:\/\/antiguaesportiva.com\/revista\/wp-content\/uploads\/2024\/12\/image-723x1024.png 723w, https:\/\/antiguaesportiva.com\/revista\/wp-content\/uploads\/2024\/12\/image-212x300.png 212w, https:\/\/antiguaesportiva.com\/revista\/wp-content\/uploads\/2024\/12\/image-554x784.png 554w, https:\/\/antiguaesportiva.com\/revista\/wp-content\/uploads\/2024\/12\/image.png 750w\" sizes=\"auto, (max-width: 723px) 100vw, 723px\" \/><\/a><\/figure>\n\n\n\n<p>Bayern tuvo oportunidades para igualar antes del descanso, destacando una ocasi\u00f3n en el minuto 26 en la que Harry Kane, sorprendentemente, estrell\u00f3 el bal\u00f3n en el poste cuando se encontraba sin marca en el \u00e1rea. El delantero ingl\u00e9s mostr\u00f3 su frustraci\u00f3n al perder una oportunidad tan clara.<\/p>\n\n\n\n<p>En la segunda mitad, el equipo b\u00e1varo increment\u00f3 la presi\u00f3n. El esfuerzo rindi\u00f3 frutos en el minuto 85, cuando Thomas M\u00fcller, quien hab\u00eda ingresado como suplente, aprovech\u00f3 un centro al segundo palo de Konrad Laimer para empatar el encuentro. Este gol llega en un momento significativo para M\u00fcller, quien recientemente anunci\u00f3 su salida del club al final de la temporada tras 25 a\u00f1os en el equipo. \u200b<\/p>\n\n\n\n<p>Sin embargo, la alegr\u00eda local fue ef\u00edmera. Apenas tres minutos despu\u00e9s, en el 88, Davide Frattesi, tambi\u00e9n ingresado desde el banquillo, anot\u00f3 el gol de la victoria para el Inter. Carlos Augusto volvi\u00f3 a ser protagonista al asistir a Frattesi, quien defini\u00f3 con precisi\u00f3n desde corta distancia. \u200b<\/p>\n\n\n\n<p>Este resultado pone fin a una racha de 22 partidos invictos del Bayern en casa en competiciones europeas. El partido de vuelta se disputar\u00e1 el 16 de abril en el estadio San Siro de Mil\u00e1n. El ganador de esta eliminatoria se enfrentar\u00e1 en semifinales al vencedor del duelo entre Barcelona y Borussia Dortmund. \u200b<\/p>\n","protected":false},"excerpt":{"rendered":"<p>\u200bInter de Mil\u00e1n logr\u00f3 una importante victoria de 2-1 sobre el Bayern M\u00fanich en el partido de ida de los cuartos de final de la UEFA Champions League, disputado el 8 de abril de 2025 en el Allianz Arena. \u200b El marcador se abri\u00f3 en el minuto 38, cuando Lautaro Mart\u00ednez culmin\u00f3 una jugada iniciada [&hellip;]<\/p>\n","protected":false},"author":5,"featured_media":6800,"comment_status":"closed","ping_status":"closed","sticky":false,"template":"","format":"standard","meta":{"footnotes":""},"categories":[36],"tags":[47,569,59,48,49],"class_list":["post-6799","post","type-post","status-publish","format-standard","has-post-thumbnail","hentry","category-futbol-internacional","tag-antigua-esportiva","tag-bayern-munchen","tag-internacional","tag-kenny-rodas","tag-kenny-sports"],"_links":{"self":[{"href":"https:\/\/antiguaesportiva.com\/revista\/wp-json\/wp\/v2\/posts\/6799","targetHints":{"allow":["GET"]}}],"collection":[{"href":"https:\/\/antiguaesportiva.com\/revista\/wp-json\/wp\/v2\/posts"}],"about":[{"href":"https:\/\/antiguaesportiva.com\/revista\/wp-json\/wp\/v2\/types\/post"}],"author":[{"embeddable":true,"href":"https:\/\/antiguaesportiva.com\/revista\/wp-json\/wp\/v2\/users\/5"}],"replies":[{"embeddable":true,"href":"https:\/\/antiguaesportiva.com\/revista\/wp-json\/wp\/v2\/comments?post=6799"}],"version-history":[{"count":1,"href":"https:\/\/antiguaesportiva.com\/revista\/wp-json\/wp\/v2\/posts\/6799\/revisions"}],"predecessor-version":[{"id":6801,"href":"https:\/\/antiguaesportiva.com\/revista\/wp-json\/wp\/v2\/posts\/6799\/revisions\/6801"}],"wp:featuredmedia":[{"embeddable":true,"href":"https:\/\/antiguaesportiva.com\/revista\/wp-json\/wp\/v2\/media\/6800"}],"wp:attachment":[{"href":"https:\/\/antiguaesportiva.com\/revista\/wp-json\/wp\/v2\/media?parent=6799"}],"wp:term":[{"taxonomy":"category","embeddable":true,"href":"https:\/\/antiguaesportiva.com\/revista\/wp-json\/wp\/v2\/categories?post=6799"},{"taxonomy":"post_tag","embeddable":true,"href":"https:\/\/antiguaesportiva.com\/revista\/wp-json\/wp\/v2\/tags?post=6799"}],"curies":[{"name":"wp","href":"https:\/\/api.w.org\/{rel}","templated":true}]}}