{"id":6740,"date":"2025-04-01T12:38:48","date_gmt":"2025-04-01T18:38:48","guid":{"rendered":"https:\/\/antiguaesportiva.com\/revista\/?p=6740"},"modified":"2025-04-01T12:38:49","modified_gmt":"2025-04-01T18:38:49","slug":"rotaciones-importantes-este-es-el-cuadro-titular-del-real-madrid-para-las-semis-de-copa","status":"publish","type":"post","link":"https:\/\/antiguaesportiva.com\/revista\/2025\/04\/01\/rotaciones-importantes-este-es-el-cuadro-titular-del-real-madrid-para-las-semis-de-copa\/","title":{"rendered":"Rotaciones importantes | Este es el cuadro titular del Real Madrid para las Semis de Copa"},"content":{"rendered":"\n<p class=\"has-black-color has-text-color has-link-color wp-elements-45f336ae0368a2d13c04dfa089d4c4ac\">Ancelotti apuesta por las rotaciones en un duelo clave rumbo a la final de la Copa del Rey.<\/p>\n\n\n\n<p class=\"has-black-color has-text-color has-link-color wp-elements-52ad9a579efc1008355ab0fb3d5678f3\">Pese a la importancia del compromiso, Carlo Ancelotti se mantiene fiel a su pol\u00edtica de rotaciones en la Copa del Rey. El Real Madrid y la Real Sociedad se enfrentan en el \u00faltimo paso antes de la gran final del torneo, que se disputar\u00e1 el pr\u00f3ximo 26 de abril en Sevilla, y el t\u00e9cnico italiano ha sorprendido con una alineaci\u00f3n que presenta varios cambios significativos.<\/p>\n\n\n\n<figure class=\"wp-block-image size-large is-resized\"><a href=\"https:\/\/www.formacionsecretarial.edu.gt\/\"><img loading=\"lazy\" decoding=\"async\" width=\"723\" height=\"1024\" src=\"https:\/\/antiguaesportiva.com\/revista\/wp-content\/uploads\/2024\/12\/image-723x1024.png\" alt=\"\" class=\"wp-image-4403\" style=\"width:285px;height:auto\" srcset=\"https:\/\/antiguaesportiva.com\/revista\/wp-content\/uploads\/2024\/12\/image-723x1024.png 723w, https:\/\/antiguaesportiva.com\/revista\/wp-content\/uploads\/2024\/12\/image-212x300.png 212w, https:\/\/antiguaesportiva.com\/revista\/wp-content\/uploads\/2024\/12\/image-554x784.png 554w, https:\/\/antiguaesportiva.com\/revista\/wp-content\/uploads\/2024\/12\/image.png 750w\" sizes=\"auto, (max-width: 723px) 100vw, 723px\" \/><\/a><\/figure>\n\n\n\n<p class=\"has-black-color has-text-color has-link-color wp-elements-7d38a4babb595bfe3d045050aee1c799\">La porter\u00eda vuelve a estar a cargo de Andriy Lunin, quien contin\u00faa siendo la opci\u00f3n natural tras la lesi\u00f3n de Thibaut Courtois. En defensa, el equipo blanco presenta una l\u00ednea renovada conformada por Lucas V\u00e1zquez, Asencio, David Alaba y Eduardo Camavinga, quien esta vez ser\u00e1 el encargado de cubrir el lateral izquierdo.<\/p>\n\n\n\n<p class=\"has-black-color has-text-color has-link-color wp-elements-20f897c075e1ac996ad0561d9b55b46a\">En el mediocampo, Aur\u00e9lien Tchouam\u00e9ni ser\u00e1 el encargado de manejar los tiempos desde la posici\u00f3n de pivote, acompa\u00f1ado por Jude Bellingham y Federico Valverde como interiores. Sin embargo, la gran sorpresa llega en el frente de ataque.<\/p>\n\n\n\n<p class=\"has-black-color has-text-color has-link-color wp-elements-20725468e502f7299fbcddb787b5fe75\">Ancelotti ha optado por dar la titularidad al joven delantero brasile\u00f1o Endrick, dejando en el banquillo a Kylian Mbapp\u00e9. El exjugador del Palmeiras estar\u00e1 acompa\u00f1ado por Vinicius Jr. en la banda izquierda y Rodrygo Goes en la derecha, completando un tridente ofensivo con mucha proyecci\u00f3n.<\/p>\n\n\n\n<h2 class=\"wp-block-heading\">Alineaci\u00f3n CONFIRMADA del Real Madrid<\/h2>\n\n\n\n<p class=\"has-black-color has-text-color has-link-color wp-elements-edfa4d6c19adf859359131261377a52f\">Lunin; Lucas, Asencio, Alaba, Camavinga; Tchouam\u00e9ni, Valverde, Bellingham; Rodrygo, Vinicius y Endrick<\/p>\n","protected":false},"excerpt":{"rendered":"<p>Ancelotti apuesta por las rotaciones en un duelo clave rumbo a la final de la Copa del Rey. Pese a la importancia del compromiso, Carlo Ancelotti se mantiene fiel a su pol\u00edtica de rotaciones en la Copa del Rey. El Real Madrid y la Real Sociedad se enfrentan en el \u00faltimo paso antes de la [&hellip;]<\/p>\n","protected":false},"author":5,"featured_media":6741,"comment_status":"closed","ping_status":"closed","sticky":false,"template":"","format":"standard","meta":{"footnotes":""},"categories":[36],"tags":[47,271,48,49,58],"class_list":["post-6740","post","type-post","status-publish","format-standard","has-post-thumbnail","hentry","category-futbol-internacional","tag-antigua-esportiva","tag-copa-del-rey","tag-kenny-rodas","tag-kenny-sports","tag-real-madrid"],"_links":{"self":[{"href":"https:\/\/antiguaesportiva.com\/revista\/wp-json\/wp\/v2\/posts\/6740","targetHints":{"allow":["GET"]}}],"collection":[{"href":"https:\/\/antiguaesportiva.com\/revista\/wp-json\/wp\/v2\/posts"}],"about":[{"href":"https:\/\/antiguaesportiva.com\/revista\/wp-json\/wp\/v2\/types\/post"}],"author":[{"embeddable":true,"href":"https:\/\/antiguaesportiva.com\/revista\/wp-json\/wp\/v2\/users\/5"}],"replies":[{"embeddable":true,"href":"https:\/\/antiguaesportiva.com\/revista\/wp-json\/wp\/v2\/comments?post=6740"}],"version-history":[{"count":1,"href":"https:\/\/antiguaesportiva.com\/revista\/wp-json\/wp\/v2\/posts\/6740\/revisions"}],"predecessor-version":[{"id":6742,"href":"https:\/\/antiguaesportiva.com\/revista\/wp-json\/wp\/v2\/posts\/6740\/revisions\/6742"}],"wp:featuredmedia":[{"embeddable":true,"href":"https:\/\/antiguaesportiva.com\/revista\/wp-json\/wp\/v2\/media\/6741"}],"wp:attachment":[{"href":"https:\/\/antiguaesportiva.com\/revista\/wp-json\/wp\/v2\/media?parent=6740"}],"wp:term":[{"taxonomy":"category","embeddable":true,"href":"https:\/\/antiguaesportiva.com\/revista\/wp-json\/wp\/v2\/categories?post=6740"},{"taxonomy":"post_tag","embeddable":true,"href":"https:\/\/antiguaesportiva.com\/revista\/wp-json\/wp\/v2\/tags?post=6740"}],"curies":[{"name":"wp","href":"https:\/\/api.w.org\/{rel}","templated":true}]}}