{"id":6724,"date":"2025-04-01T10:12:31","date_gmt":"2025-04-01T16:12:31","guid":{"rendered":"https:\/\/antiguaesportiva.com\/revista\/?p=6724"},"modified":"2025-04-01T10:12:31","modified_gmt":"2025-04-01T16:12:31","slug":"luis-moran-salimos-dolidos-luego-del-partido","status":"publish","type":"post","link":"https:\/\/antiguaesportiva.com\/revista\/2025\/04\/01\/luis-moran-salimos-dolidos-luego-del-partido\/","title":{"rendered":"Luis Mor\u00e1n: &#8220;Salimos dolidos luego del partido&#8221;."},"content":{"rendered":"\n<p class=\"has-black-color has-text-color has-link-color wp-elements-07f891609f5e9b18c8b5ebfd57ac7c5f\">El portero de Antigua GFC, Luis Jos\u00e9 Mor\u00e1n, lament\u00f3 el empate de Comunicaciones sobre la hora y ahora pone miras en CSD Municipal. <\/p>\n\n\n\n<p class=\"has-black-color has-text-color has-link-color wp-elements-ada55d548c762699e198ca169f2e603b\">Despu\u00e9s de ceder un empate 1-1 en los \u00faltimos minutos del encuentro frente a Comunicaciones el pasado s\u00e1bado, el plantel de Antigua GFC regres\u00f3 este lunes a los entrenamientos, con la mente puesta en su pr\u00f3ximo reto: la visita a Municipal este mi\u00e9rcoles, correspondiente a la Jornada 15 del Torneo Clausura 2025.<\/p>\n\n\n\n<p class=\"has-black-color has-text-color has-link-color wp-elements-e7b956af74e4e4a6bb64b9ccaa8db54f\">El resultado dej\u00f3 un sabor amargo en el equipo &#8216;Colonial&#8217;, especialmente para el guardameta Luis Mor\u00e1n, quien no ocult\u00f3 su frustraci\u00f3n tras lo que consider\u00f3 una oportunidad desaprovechada para sumar tres puntos. <\/p>\n\n\n\n<figure class=\"wp-block-image size-full is-resized\"><a href=\"https:\/\/www.liriosdechimaltenango.com\/\"><img loading=\"lazy\" decoding=\"async\" width=\"852\" height=\"854\" src=\"https:\/\/antiguaesportiva.com\/revista\/wp-content\/uploads\/2025\/03\/Lirios-paginaweb.png\" alt=\"\" class=\"wp-image-6357\" style=\"width:363px;height:auto\" srcset=\"https:\/\/antiguaesportiva.com\/revista\/wp-content\/uploads\/2025\/03\/Lirios-paginaweb.png 852w, https:\/\/antiguaesportiva.com\/revista\/wp-content\/uploads\/2025\/03\/Lirios-paginaweb-300x300.png 300w, https:\/\/antiguaesportiva.com\/revista\/wp-content\/uploads\/2025\/03\/Lirios-paginaweb-150x150.png 150w, https:\/\/antiguaesportiva.com\/revista\/wp-content\/uploads\/2025\/03\/Lirios-paginaweb-768x770.png 768w, https:\/\/antiguaesportiva.com\/revista\/wp-content\/uploads\/2025\/03\/Lirios-paginaweb-554x555.png 554w\" sizes=\"auto, (max-width: 852px) 100vw, 852px\" \/><\/a><\/figure>\n\n\n\n<blockquote class=\"wp-block-quote is-layout-flow wp-block-quote-is-layout-flow\">\n<p class=\"has-black-color has-text-color has-link-color wp-elements-dc842b47603c618128272ad5c94996c0\">&#8220;Salimos dolidos luego de todo el partido y el buen trabajo que hicimos, en la \u00faltima jugada nos empataron, pero bueno, es parte del f\u00fatbol&#8221;, expres\u00f3 el portero.<\/p>\n<\/blockquote>\n\n\n\n<p class=\"has-black-color has-text-color has-link-color wp-elements-f28cdb45ea4a24485c9eba76e4a18a22\">Mor\u00e1n fue claro en su an\u00e1lisis, asegurando que el empate supo m\u00e1s a derrota: <\/p>\n\n\n\n<blockquote class=\"wp-block-quote is-layout-flow wp-block-quote-is-layout-flow\">\n<p class=\"has-black-color has-text-color has-link-color wp-elements-fa527d489608072bdd543f598d97905e\">&#8220;Es un resultado agridulce, para nosotros es m\u00e1s una derrota porque no tuvimos. Era un partido para ganarlo 3-0, pero lamentablemente no estuvimos finos&#8221;.<\/p>\n<\/blockquote>\n\n\n\n<p class=\"has-black-color has-text-color has-link-color wp-elements-618fdb0c7d425aa3f3e511312b75c444\">El arquero tambi\u00e9n lament\u00f3 la falta de contundencia ofensiva del equipo. <\/p>\n\n\n\n<blockquote class=\"wp-block-quote is-layout-flow wp-block-quote-is-layout-flow\">\n<p class=\"has-black-color has-text-color has-link-color wp-elements-06fd3f7ebaa8c0dde8edbde362990b4f\">&#8220;Dejamos ir los tres puntos porque no fuimos certeros, tuvimos muchas opciones y solo metimos una. El rival tambi\u00e9n cuenta, y conseguimos un punto amargo&#8221;, apunt\u00f3.<\/p>\n<\/blockquote>\n\n\n\n<p class=\"has-black-color has-text-color has-link-color wp-elements-c53e6c3b8887765fd1126ded4bc5945b\">Sobre el desarrollo del juego, Mor\u00e1n no dud\u00f3 en afirmar que Antigua fue muy superior:<\/p>\n\n\n\n<blockquote class=\"wp-block-quote is-layout-flow wp-block-quote-is-layout-flow\">\n<p class=\"has-black-color has-text-color has-link-color wp-elements-02bfc2825109b7032bd0c4c2b61a6bb0\">&#8220;Era un partido, con todo respeto, para ganarlo f\u00e1cil, porque tuvimos muchas ocasiones, pero no se pudo. Ahora hay que darle la vuelta a la p\u00e1gina y enfocarnos en el mi\u00e9rcoles&#8221;, sentenci\u00f3, ya pensando en CSD Municipal, el pr\u00f3ximo rival. <\/p>\n<\/blockquote>\n\n\n\n<p class=\"has-black-color has-text-color has-link-color wp-elements-76e1248083dea611fc815f43b9724c39\">Con el empate, Antigua GFC suma un punto que no satisface al grupo, pero espera recuperarse en su pr\u00f3ximo compromiso frente a los &#8216;Rojos&#8217;, en un duelo clave para seguir en la pelea del torneo.<\/p>\n","protected":false},"excerpt":{"rendered":"<p>El portero de Antigua GFC, Luis Jos\u00e9 Mor\u00e1n, lament\u00f3 el empate de Comunicaciones sobre la hora y ahora pone miras en CSD Municipal. Despu\u00e9s de ceder un empate 1-1 en los \u00faltimos minutos del encuentro frente a Comunicaciones el pasado s\u00e1bado, el plantel de Antigua GFC regres\u00f3 este lunes a los entrenamientos, con la mente [&hellip;]<\/p>\n","protected":false},"author":5,"featured_media":6657,"comment_status":"closed","ping_status":"closed","sticky":false,"template":"","format":"standard","meta":{"footnotes":""},"categories":[29,31],"tags":[47,45,224,76,48,49,56,55,496],"class_list":["post-6724","post","type-post","status-publish","format-standard","has-post-thumbnail","hentry","category-antigua-gfc","category-liga-nacional","tag-antigua-esportiva","tag-antigua-gfc","tag-comunicaciones-fc","tag-csd-municipal","tag-kenny-rodas","tag-kenny-sports","tag-liga-nacional","tag-liga-nacional-de-futbol-de-guatemala","tag-luis-jose-moran"],"_links":{"self":[{"href":"https:\/\/antiguaesportiva.com\/revista\/wp-json\/wp\/v2\/posts\/6724","targetHints":{"allow":["GET"]}}],"collection":[{"href":"https:\/\/antiguaesportiva.com\/revista\/wp-json\/wp\/v2\/posts"}],"about":[{"href":"https:\/\/antiguaesportiva.com\/revista\/wp-json\/wp\/v2\/types\/post"}],"author":[{"embeddable":true,"href":"https:\/\/antiguaesportiva.com\/revista\/wp-json\/wp\/v2\/users\/5"}],"replies":[{"embeddable":true,"href":"https:\/\/antiguaesportiva.com\/revista\/wp-json\/wp\/v2\/comments?post=6724"}],"version-history":[{"count":1,"href":"https:\/\/antiguaesportiva.com\/revista\/wp-json\/wp\/v2\/posts\/6724\/revisions"}],"predecessor-version":[{"id":6725,"href":"https:\/\/antiguaesportiva.com\/revista\/wp-json\/wp\/v2\/posts\/6724\/revisions\/6725"}],"wp:featuredmedia":[{"embeddable":true,"href":"https:\/\/antiguaesportiva.com\/revista\/wp-json\/wp\/v2\/media\/6657"}],"wp:attachment":[{"href":"https:\/\/antiguaesportiva.com\/revista\/wp-json\/wp\/v2\/media?parent=6724"}],"wp:term":[{"taxonomy":"category","embeddable":true,"href":"https:\/\/antiguaesportiva.com\/revista\/wp-json\/wp\/v2\/categories?post=6724"},{"taxonomy":"post_tag","embeddable":true,"href":"https:\/\/antiguaesportiva.com\/revista\/wp-json\/wp\/v2\/tags?post=6724"}],"curies":[{"name":"wp","href":"https:\/\/api.w.org\/{rel}","templated":true}]}}