{"id":6667,"date":"2025-03-28T11:11:58","date_gmt":"2025-03-28T17:11:58","guid":{"rendered":"https:\/\/antiguaesportiva.com\/revista\/?p=6667"},"modified":"2025-03-28T11:11:59","modified_gmt":"2025-03-28T17:11:59","slug":"dorival-junior-esta-practicamente-fuera-de-brasil","status":"publish","type":"post","link":"https:\/\/antiguaesportiva.com\/revista\/2025\/03\/28\/dorival-junior-esta-practicamente-fuera-de-brasil\/","title":{"rendered":"Dorival J\u00fanior est\u00e1 pr\u00e1cticamente fuera de Brasil"},"content":{"rendered":"\n<p class=\"has-black-color has-text-color has-link-color wp-elements-1 wp-block-paragraph\">El estratega estar\u00eda abandonado la &#8216;Canarinha&#8217; luego de su terrible derrota ante Argentina por Eliminatorias rumbo a la Copa del Mundo. <\/p>\n\n\n\n<p class=\"has-black-color has-text-color has-link-color wp-elements-2 wp-block-paragraph\">La Confederaci\u00f3n Brasile\u00f1a de F\u00fatbol (CBF) ha decidido destituir a Dorival J\u00fanior como director t\u00e9cnico de la Selecci\u00f3n Nacional, seg\u00fan informan diversos medios brasile\u00f1os. Esta decisi\u00f3n se produce tras la contundente derrota por 4-1 ante Argentina en Buenos Aires, un resultado que ha intensificado la crisis en el equipo y ha puesto en entredicho la continuidad del entrenador.<\/p>\n\n\n\n<figure class=\"wp-block-image size-large is-resized\"><a href=\"https:\/\/www.formacionsecretarial.edu.gt\/\"><img loading=\"lazy\" decoding=\"async\" width=\"723\" height=\"1024\" src=\"https:\/\/antiguaesportiva.com\/revista\/wp-content\/uploads\/2024\/12\/image-723x1024.png\" alt=\"\" class=\"wp-image-4403\" style=\"width:243px;height:auto\" srcset=\"https:\/\/antiguaesportiva.com\/revista\/wp-content\/uploads\/2024\/12\/image-723x1024.png 723w, https:\/\/antiguaesportiva.com\/revista\/wp-content\/uploads\/2024\/12\/image-212x300.png 212w, https:\/\/antiguaesportiva.com\/revista\/wp-content\/uploads\/2024\/12\/image-554x784.png 554w, https:\/\/antiguaesportiva.com\/revista\/wp-content\/uploads\/2024\/12\/image.png 750w\" sizes=\"auto, (max-width: 723px) 100vw, 723px\" \/><\/a><\/figure>\n\n\n\n<p class=\"has-black-color has-text-color has-link-color wp-elements-3 wp-block-paragraph\">Dorival J\u00fanior, de 62 a\u00f1os, asumi\u00f3 el cargo en enero de 2024 con el objetivo de liderar a la &#8216;Canarinha&#8217; hasta el Mundial de 2026. Sin embargo, su gesti\u00f3n ha sido objeto de cr\u00edticas debido a los resultados irregulares y la eliminaci\u00f3n en los cuartos de final de la Copa Am\u00e9rica 2024 ante Uruguay. \u200b<\/p>\n\n\n\n<p class=\"has-black-color has-text-color has-link-color wp-elements-4 wp-block-paragraph\">La reciente goleada sufrida ante Argentina ha sido el detonante para que la CBF tome la decisi\u00f3n de prescindir de sus servicios. Aunque a\u00fan se espera un comunicado oficial, se informa que la reuni\u00f3n programada entre Dorival J\u00fanior y el presidente de la CBF, Ednaldo Rodrigues, servir\u00e1 para formalizar su salida. <\/p>\n\n\n\n<p class=\"has-black-color has-text-color has-link-color wp-elements-5 wp-block-paragraph\">En cuanto a posibles reemplazos, el nombre de Carlo Ancelotti, actual entrenador del Real Madrid, ha sido mencionado como candidato principal. Sin embargo, Ancelotti ha expresado su deseo de continuar en el club espa\u00f1ol, lo que complica su llegada a la selecci\u00f3n brasile\u00f1a. Otros nombres que suenan como posibles sucesores incluyen al portugu\u00e9s Jorge Jesus y al exjugador Filipe Lu\u00eds, quien ha tenido \u00e9xito como entrenador en el f\u00fatbol brasile\u00f1o. \u200b<\/p>\n\n\n\n<p class=\"has-black-color has-text-color has-link-color wp-elements-6 wp-block-paragraph\">La afici\u00f3n y los jugadores tambi\u00e9n han expresado su descontento con la situaci\u00f3n actual del equipo. Vinicius Jr., delantero del Real Madrid y figura de la selecci\u00f3n, ha manifestado la necesidad de cambios en el equipo antes del Mundial de 2026, reflejando la urgencia de una renovaci\u00f3n en el cuerpo t\u00e9cnico y en la estructura del equipo nacional. \u200b<\/p>\n\n\n\n<p class=\"has-black-color has-text-color has-link-color wp-elements-7 wp-block-paragraph\">La CBF se enfrenta ahora al desaf\u00edo de encontrar un nuevo l\u00edder que pueda devolver a la selecci\u00f3n brasile\u00f1a a la senda del \u00e9xito y prepararla adecuadamente para las pr\u00f3ximas competiciones internacionales.<\/p>\n","protected":false},"excerpt":{"rendered":"<p>El estratega estar\u00eda abandonado la &#8216;Canarinha&#8217; luego de su terrible derrota ante Argentina por Eliminatorias rumbo a la Copa del Mundo. La Confederaci\u00f3n Brasile\u00f1a de F\u00fatbol (CBF) ha decidido destituir a Dorival J\u00fanior como director t\u00e9cnico de la Selecci\u00f3n Nacional, seg\u00fan informan diversos medios brasile\u00f1os. Esta decisi\u00f3n se produce tras la contundente derrota por 4-1 [&hellip;]<\/p>\n","protected":false},"author":5,"featured_media":6668,"comment_status":"closed","ping_status":"closed","sticky":false,"template":"","format":"standard","meta":{"footnotes":""},"categories":[36],"tags":[47,547,278,523,559,48,49],"class_list":["post-6667","post","type-post","status-publish","format-standard","has-post-thumbnail","hentry","category-futbol-internacional","tag-antigua-esportiva","tag-brasil","tag-carlo-ancelotti","tag-conmebol","tag-filipe-luis","tag-kenny-rodas","tag-kenny-sports"],"_links":{"self":[{"href":"https:\/\/antiguaesportiva.com\/revista\/wp-json\/wp\/v2\/posts\/6667","targetHints":{"allow":["GET"]}}],"collection":[{"href":"https:\/\/antiguaesportiva.com\/revista\/wp-json\/wp\/v2\/posts"}],"about":[{"href":"https:\/\/antiguaesportiva.com\/revista\/wp-json\/wp\/v2\/types\/post"}],"author":[{"embeddable":true,"href":"https:\/\/antiguaesportiva.com\/revista\/wp-json\/wp\/v2\/users\/5"}],"replies":[{"embeddable":true,"href":"https:\/\/antiguaesportiva.com\/revista\/wp-json\/wp\/v2\/comments?post=6667"}],"version-history":[{"count":1,"href":"https:\/\/antiguaesportiva.com\/revista\/wp-json\/wp\/v2\/posts\/6667\/revisions"}],"predecessor-version":[{"id":6669,"href":"https:\/\/antiguaesportiva.com\/revista\/wp-json\/wp\/v2\/posts\/6667\/revisions\/6669"}],"wp:featuredmedia":[{"embeddable":true,"href":"https:\/\/antiguaesportiva.com\/revista\/wp-json\/wp\/v2\/media\/6668"}],"wp:attachment":[{"href":"https:\/\/antiguaesportiva.com\/revista\/wp-json\/wp\/v2\/media?parent=6667"}],"wp:term":[{"taxonomy":"category","embeddable":true,"href":"https:\/\/antiguaesportiva.com\/revista\/wp-json\/wp\/v2\/categories?post=6667"},{"taxonomy":"post_tag","embeddable":true,"href":"https:\/\/antiguaesportiva.com\/revista\/wp-json\/wp\/v2\/tags?post=6667"}],"curies":[{"name":"wp","href":"https:\/\/api.w.org\/{rel}","templated":true}]}}