{"id":6370,"date":"2025-03-06T13:18:32","date_gmt":"2025-03-06T19:18:32","guid":{"rendered":"https:\/\/antiguaesportiva.com\/revista\/?p=6370"},"modified":"2025-03-06T13:18:33","modified_gmt":"2025-03-06T19:18:33","slug":"el-momento-de-luis-jose","status":"publish","type":"post","link":"https:\/\/antiguaesportiva.com\/revista\/2025\/03\/06\/el-momento-de-luis-jose\/","title":{"rendered":"\u00a1El momento de Luis Jos\u00e9!"},"content":{"rendered":"\n<p>M\u00e9ritos hab\u00eda hecho. Se tard\u00f3 Luis Fernando Tena en llamarlo pero, finalmente las puertas de Selecci\u00f3n se le han abierto al cancerbero de Antigua. <\/p>\n\n\n\n<p>\u00a1Gran noticia para Antigua! El club &#8216;Colonial&#8217; logr\u00f3 meter hasta 5 jugadores en la lista de convocados a Selecci\u00f3n Nacional de Guatemala, que en las pr\u00f3ximas horas har\u00e1 OFICIAL la Federaci\u00f3n de F\u00fatbol de Guatemala a trav\u00e9s de sus redes sociales. <\/p>\n\n\n\n<p>Pero, lo que m\u00e1s resalta y por lo que muchos de los seguidores de Antigua muestran una gran alegr\u00eda es, sin duda alguna, por la convocatoria del guardameta oriundo de Oratorio, Santa Rosa, Luis Jos\u00e9 Mor\u00e1n. <\/p>\n\n\n\n<figure class=\"wp-block-image size-large is-resized\"><a href=\"https:\/\/www.formacionsecretarial.edu.gt\/\"><img loading=\"lazy\" decoding=\"async\" width=\"723\" height=\"1024\" src=\"https:\/\/antiguaesportiva.com\/revista\/wp-content\/uploads\/2024\/12\/image-723x1024.png\" alt=\"\" class=\"wp-image-4403\" style=\"width:248px;height:auto\" srcset=\"https:\/\/antiguaesportiva.com\/revista\/wp-content\/uploads\/2024\/12\/image-723x1024.png 723w, https:\/\/antiguaesportiva.com\/revista\/wp-content\/uploads\/2024\/12\/image-212x300.png 212w, https:\/\/antiguaesportiva.com\/revista\/wp-content\/uploads\/2024\/12\/image-554x784.png 554w, https:\/\/antiguaesportiva.com\/revista\/wp-content\/uploads\/2024\/12\/image.png 750w\" sizes=\"auto, (max-width: 723px) 100vw, 723px\" \/><\/a><\/figure>\n\n\n\n<h2 class=\"wp-block-heading\">Merecido llamado<\/h2>\n\n\n\n<p>Sin lugar a dudas, una convocatoria calificada como &#8220;merecida&#8221;. Mor\u00e1n se gan\u00f3 el llamado a Selecci\u00f3n Nacional a pulso, luego de su buen trabajo a lo largo del Torneo Apertura 2024, a su buen desempe\u00f1o en la continuidad de este Clausura 2025 pero, sobre todo, por sus grandes apariciones en la Copa Centroamericana de CONCACAF, donde salv\u00f3 a su cuadro en m\u00e1s de una ocasi\u00f3n. Adem\u00e1s, pese a la eliminaci\u00f3n prematura en la vigente Champions Cup, Mor\u00e1n sigui\u00f3 demostrando que su nivel a\u00fan es alto. <\/p>\n\n\n\n<p>Con esto, Mor\u00e1n se coloca finalmente dentro del radar de Luis Fernando, compartiendo con otros guardametas para esta convocatoria, como el caso de Kenderson Navarro de Municipal y Fredy P\u00e9rez de Comunicaciones. <\/p>\n","protected":false},"excerpt":{"rendered":"<p>M\u00e9ritos hab\u00eda hecho. Se tard\u00f3 Luis Fernando Tena en llamarlo pero, finalmente las puertas de Selecci\u00f3n se le han abierto al cancerbero de Antigua. \u00a1Gran noticia para Antigua! El club &#8216;Colonial&#8217; logr\u00f3 meter hasta 5 jugadores en la lista de convocados a Selecci\u00f3n Nacional de Guatemala, que en las pr\u00f3ximas horas har\u00e1 OFICIAL la Federaci\u00f3n [&hellip;]<\/p>\n","protected":false},"author":5,"featured_media":6371,"comment_status":"closed","ping_status":"closed","sticky":false,"template":"","format":"standard","meta":{"footnotes":""},"categories":[29,31,35],"tags":[47,45,48,49,56,55,496,497,455,498,290],"class_list":["post-6370","post","type-post","status-publish","format-standard","has-post-thumbnail","hentry","category-antigua-gfc","category-liga-nacional","category-seleccion-nacional","tag-antigua-esportiva","tag-antigua-gfc","tag-kenny-rodas","tag-kenny-sports","tag-liga-nacional","tag-liga-nacional-de-futbol-de-guatemala","tag-luis-jose-moran","tag-luis-moran","tag-seleccion-de-guatemala","tag-seleccion-nacional-de-futbol-de-guatemala","tag-seleccion-nacional-de-guatemala"],"_links":{"self":[{"href":"https:\/\/antiguaesportiva.com\/revista\/wp-json\/wp\/v2\/posts\/6370","targetHints":{"allow":["GET"]}}],"collection":[{"href":"https:\/\/antiguaesportiva.com\/revista\/wp-json\/wp\/v2\/posts"}],"about":[{"href":"https:\/\/antiguaesportiva.com\/revista\/wp-json\/wp\/v2\/types\/post"}],"author":[{"embeddable":true,"href":"https:\/\/antiguaesportiva.com\/revista\/wp-json\/wp\/v2\/users\/5"}],"replies":[{"embeddable":true,"href":"https:\/\/antiguaesportiva.com\/revista\/wp-json\/wp\/v2\/comments?post=6370"}],"version-history":[{"count":1,"href":"https:\/\/antiguaesportiva.com\/revista\/wp-json\/wp\/v2\/posts\/6370\/revisions"}],"predecessor-version":[{"id":6372,"href":"https:\/\/antiguaesportiva.com\/revista\/wp-json\/wp\/v2\/posts\/6370\/revisions\/6372"}],"wp:featuredmedia":[{"embeddable":true,"href":"https:\/\/antiguaesportiva.com\/revista\/wp-json\/wp\/v2\/media\/6371"}],"wp:attachment":[{"href":"https:\/\/antiguaesportiva.com\/revista\/wp-json\/wp\/v2\/media?parent=6370"}],"wp:term":[{"taxonomy":"category","embeddable":true,"href":"https:\/\/antiguaesportiva.com\/revista\/wp-json\/wp\/v2\/categories?post=6370"},{"taxonomy":"post_tag","embeddable":true,"href":"https:\/\/antiguaesportiva.com\/revista\/wp-json\/wp\/v2\/tags?post=6370"}],"curies":[{"name":"wp","href":"https:\/\/api.w.org\/{rel}","templated":true}]}}