{"id":6361,"date":"2025-03-05T23:04:43","date_gmt":"2025-03-06T05:04:43","guid":{"rendered":"https:\/\/antiguaesportiva.com\/revista\/?p=6361"},"modified":"2025-03-05T23:04:44","modified_gmt":"2025-03-06T05:04:44","slug":"federacion-de-ciclismo-no-esta-intervenida-comision-de-transicion-hizo-su-primera-conferencia-de-prensa","status":"publish","type":"post","link":"https:\/\/antiguaesportiva.com\/revista\/2025\/03\/05\/federacion-de-ciclismo-no-esta-intervenida-comision-de-transicion-hizo-su-primera-conferencia-de-prensa\/","title":{"rendered":"Federaci\u00f3n de Ciclismo No est\u00e1 intervenida. Comisi\u00f3n de Transici\u00f3n hizo su primera conferencia de prensa."},"content":{"rendered":"\n<p>Este martes, la Comisi\u00f3n de Transici\u00f3n de la Federaci\u00f3n Guatemalteca de Ciclismo (FGC), presidida por V\u00edctor Manuel Sic\u00e1n, realiz\u00f3 su primera conferencia de prensa, en la que abord\u00f3 diversos temas clave relacionados con la reestructuraci\u00f3n y el futuro del ciclismo en el pa\u00eds. La intervenci\u00f3n de la Federaci\u00f3n responde a la necesidad de garantizar la inclusi\u00f3n de todas las asociaciones afiliadas y transparentar los procesos administrativos y electorales.<\/p>\n\n\n\n<h3 class=\"wp-block-heading\">Principales puntos abordados:<\/h3>\n\n\n\n<p><strong>1. Motivo de la participaci\u00f3n de la comsi\u00f3n<br><\/strong>La principal raz\u00f3n de la intervenci\u00f3n fue asegurar que las 12 asociaciones que presentaron la documentaci\u00f3n requerida sean debidamente inscritas. De esta manera, las elecciones contar\u00e1n con la participaci\u00f3n de 18 asociaciones, y no solo 6, como estaba previsto inicialmente.<\/p>\n\n\n\n<figure class=\"wp-block-image size-full is-resized\"><a href=\"https:\/\/www.lirioschimaltenango.com\" target=\"_blank\" rel=\" noreferrer noopener\"><img loading=\"lazy\" decoding=\"async\" width=\"856\" height=\"853\" src=\"https:\/\/antiguaesportiva.com\/revista\/wp-content\/uploads\/2025\/03\/Lirios-ubicaciones.png\" alt=\"\" class=\"wp-image-6358\" style=\"width:497px;height:auto\" srcset=\"https:\/\/antiguaesportiva.com\/revista\/wp-content\/uploads\/2025\/03\/Lirios-ubicaciones.png 856w, https:\/\/antiguaesportiva.com\/revista\/wp-content\/uploads\/2025\/03\/Lirios-ubicaciones-300x300.png 300w, https:\/\/antiguaesportiva.com\/revista\/wp-content\/uploads\/2025\/03\/Lirios-ubicaciones-150x150.png 150w, https:\/\/antiguaesportiva.com\/revista\/wp-content\/uploads\/2025\/03\/Lirios-ubicaciones-768x765.png 768w, https:\/\/antiguaesportiva.com\/revista\/wp-content\/uploads\/2025\/03\/Lirios-ubicaciones-554x552.png 554w\" sizes=\"auto, (max-width: 856px) 100vw, 856px\" \/><\/a><\/figure>\n\n\n\n<p>El presidente de la Comisi\u00f3n, V\u00edctor Manuel Sic\u00e1n, mencion\u00f3 que estas 12 asociaciones cumplieron con la presentaci\u00f3n de su documentaci\u00f3n, pero que el presidente en funciones en ese momento no quer\u00eda tomarlas en cuenta, lo que motiv\u00f3 la intervenci\u00f3n para garantizar un proceso electoral justo. Asimismo, enfatiz\u00f3 que, en total, deben ser 18 asociaciones inscritas y que la administraci\u00f3n anterior solo quer\u00eda reconocer a 6, lo que hubiera limitado la representatividad en las elecciones.<\/p>\n\n\n\n<p>Adem\u00e1s, la Comisi\u00f3n aclar\u00f3 que la Federaci\u00f3n no est\u00e1 intervenida, sino que ellos \u00fanicamente fungen como una comisi\u00f3n de transici\u00f3n. Sin embargo, recalcaron que su objetivo es limpiar y mejorar las condiciones de todos los ciclistas del pa\u00eds.<\/p>\n\n\n\n<p><strong>2. Calendario de eventos 2025 y finanzas de la Federaci\u00f3n<\/strong><br>La Comisi\u00f3n asegur\u00f3 que el calendario de eventos para el pr\u00f3ximo a\u00f1o se mantendr\u00e1 tal como fue presentado a inicios de 2024. Se respetar\u00e1n las fechas de competencias clave, como la Vuelta Bantrab, la Vuelta a Guatemala y los Juegos Centroamericanos, garantizando la estabilidad del circuito competitivo nacional e internacional.<\/p>\n\n\n\n<p>El tesorero Paul Briere Samayoa habl\u00f3 sobre la planificaci\u00f3n del calendario y las finanzas de la Federaci\u00f3n, destacando la importancia de un manejo transparente y eficiente de los recursos disponibles. Adem\u00e1s, anunci\u00f3 que se estar\u00e1 revisando el reglamento de la Federaci\u00f3n para garantizar su actualizaci\u00f3n y adecuaci\u00f3n a las necesidades actuales del ciclismo en Guatemala. Tambi\u00e9n mencion\u00f3 que los tres miembros de la Comisi\u00f3n de Transici\u00f3n fueron ciclistas reconocidos, recordando que V\u00edctor Manuel Sic\u00e1n fue campe\u00f3n nacional, al igual que el tesorero Hugo Mart\u00ednez.<\/p>\n\n\n\n<p>Por su parte, Hugo Mart\u00ednez mencion\u00f3 que tiene 35 a\u00f1os de trayectoria en el ciclismo, asegurando que los integrantes de la Comisi\u00f3n no pertenecen a ning\u00fan bando y que su papel es completamente imparcial. Adem\u00e1s, recalc\u00f3 los grandes problemas que han sufrido los ciclistas en Guatemala debido a la falta de apoyo, seg\u00fan su percepci\u00f3n.<\/p>\n\n\n\n<p><strong>3. Auditor\u00edas solicitadas a la CDAG<\/strong><br>Se anunci\u00f3 la solicitud de tres fiscalizaciones a la Confederaci\u00f3n Deportiva Aut\u00f3noma de Guatemala (CDAG) en aspectos administrativos y econ\u00f3micos. Estas auditor\u00edas tienen como objetivo conocer el estado interno de la Federaci\u00f3n y garantizar la transparencia en el manejo de recursos.<\/p>\n\n\n\n<p><strong>4. Cambios y reestructuraci\u00f3n administrativa<\/strong><br>Uno de los anuncios m\u00e1s relevantes fue la destituci\u00f3n de Luis Laguardia como gerente general de la FGC. En su lugar, fue nombrado Josu\u00e9 Flores, quien asume la responsabilidad de gestionar y dirigir las operaciones administrativas durante este per\u00edodo de transici\u00f3n.<\/p>\n\n\n\n<p>Adem\u00e1s, la Comisi\u00f3n explic\u00f3 que se llevar\u00e1n a cabo m\u00faltiples cambios, incluyendo el desbloqueo de muchas personas en redes sociales, con el objetivo de fomentar una mayor transparencia y participaci\u00f3n. Tambi\u00e9n se\u00f1alaron que se ver\u00e1n los beneficios de una limpieza administrativa, lo que permitir\u00e1 mejorar la gesti\u00f3n y eficiencia de la Federaci\u00f3n.<\/p>\n\n\n\n<p><strong>5. Duraci\u00f3n de la Comisi\u00f3n de Transici\u00f3n<\/strong><br>La Comisi\u00f3n estim\u00f3 que su trabajo no se extender\u00e1 m\u00e1s de tres meses. Su funci\u00f3n principal es garantizar que todas las asociaciones est\u00e9n debidamente inscritas y que el proceso electoral se lleve a cabo de manera justa y equitativa.<\/p>\n\n\n\n<p><strong>6. P\u00e9rdida de categor\u00eda de la Vuelta Femenina<\/strong><br>Respecto a la p\u00e9rdida de categor\u00eda de la Vuelta Femenina, la Comisi\u00f3n respald\u00f3 una carta enviada por el equipo femenino Macizo GW a la Uni\u00f3n Ciclista Internacional (UCI). La intenci\u00f3n es gestionar la recuperaci\u00f3n de la categor\u00eda de la competencia lo antes posible y evitar un retroceso en el ciclismo femenino del pa\u00eds.<\/p>\n\n\n\n<h3 class=\"wp-block-heading\">Conclusiones<\/h3>\n\n\n\n<p>La Comisi\u00f3n de Transici\u00f3n de la FGC enfatiz\u00f3 su compromiso con la transparencia y el desarrollo del ciclismo guatemalteco. Con la garant\u00eda de una elecci\u00f3n justa, el mantenimiento del calendario competitivo y la auditor\u00eda de gestiones pasadas, se busca fortalecer la Federaci\u00f3n y devolverle credibilidad ante la comunidad ciclista nacional e internacional. El seguimiento a la situaci\u00f3n de la Vuelta Femenina tambi\u00e9n demuestra el inter\u00e9s por impulsar la equidad en el deporte.<\/p>\n\n\n\n<p>Las pr\u00f3ximas semanas ser\u00e1n clave para determinar el rumbo del ciclismo en Guatemala y la consolidaci\u00f3n de una Federaci\u00f3n que vele por los intereses de todos sus miembros.<\/p>\n","protected":false},"excerpt":{"rendered":"<p>Este martes, la Comisi\u00f3n de Transici\u00f3n de la Federaci\u00f3n Guatemalteca de Ciclismo (FGC), presidida por V\u00edctor Manuel Sic\u00e1n, realiz\u00f3 su primera conferencia de prensa, en la que abord\u00f3 diversos temas clave relacionados con la reestructuraci\u00f3n y el futuro del ciclismo en el pa\u00eds. La intervenci\u00f3n de la Federaci\u00f3n responde a la necesidad de garantizar la [&hellip;]<\/p>\n","protected":false},"author":1,"featured_media":6362,"comment_status":"closed","ping_status":"closed","sticky":false,"template":"","format":"standard","meta":{"footnotes":""},"categories":[38],"tags":[47,484,485,486,488],"class_list":["post-6361","post","type-post","status-publish","format-standard","has-post-thumbnail","hentry","category-ciclismo","tag-antigua-esportiva","tag-comision-de-transicion","tag-uci","tag-union-ciclista-internacional","tag-victor-manuel-sican"],"_links":{"self":[{"href":"https:\/\/antiguaesportiva.com\/revista\/wp-json\/wp\/v2\/posts\/6361","targetHints":{"allow":["GET"]}}],"collection":[{"href":"https:\/\/antiguaesportiva.com\/revista\/wp-json\/wp\/v2\/posts"}],"about":[{"href":"https:\/\/antiguaesportiva.com\/revista\/wp-json\/wp\/v2\/types\/post"}],"author":[{"embeddable":true,"href":"https:\/\/antiguaesportiva.com\/revista\/wp-json\/wp\/v2\/users\/1"}],"replies":[{"embeddable":true,"href":"https:\/\/antiguaesportiva.com\/revista\/wp-json\/wp\/v2\/comments?post=6361"}],"version-history":[{"count":1,"href":"https:\/\/antiguaesportiva.com\/revista\/wp-json\/wp\/v2\/posts\/6361\/revisions"}],"predecessor-version":[{"id":6363,"href":"https:\/\/antiguaesportiva.com\/revista\/wp-json\/wp\/v2\/posts\/6361\/revisions\/6363"}],"wp:featuredmedia":[{"embeddable":true,"href":"https:\/\/antiguaesportiva.com\/revista\/wp-json\/wp\/v2\/media\/6362"}],"wp:attachment":[{"href":"https:\/\/antiguaesportiva.com\/revista\/wp-json\/wp\/v2\/media?parent=6361"}],"wp:term":[{"taxonomy":"category","embeddable":true,"href":"https:\/\/antiguaesportiva.com\/revista\/wp-json\/wp\/v2\/categories?post=6361"},{"taxonomy":"post_tag","embeddable":true,"href":"https:\/\/antiguaesportiva.com\/revista\/wp-json\/wp\/v2\/tags?post=6361"}],"curies":[{"name":"wp","href":"https:\/\/api.w.org\/{rel}","templated":true}]}}